{"id":50408,"date":"2026-04-29T14:40:38","date_gmt":"2026-04-29T17:40:38","guid":{"rendered":"https:\/\/newsinfoco.com.br\/inicio\/?p=50408"},"modified":"2026-04-29T14:40:38","modified_gmt":"2026-04-29T17:40:38","slug":"esquema-de-fraude-de-locacoes-de-carros-gera-r-892-mil-de-prejuizo-em-feira-de-santana","status":"publish","type":"post","link":"https:\/\/newsinfoco.com.br\/inicio\/esquema-de-fraude-de-locacoes-de-carros-gera-r-892-mil-de-prejuizo-em-feira-de-santana\/","title":{"rendered":"Esquema de fraude de loca\u00e7\u00f5es de carros gera R$ 892 mil de preju\u00edzo em Feira de Santana"},"content":{"rendered":"<div class=\"conteudo_post\">\n<p>Um esquema de<strong>\u00a0loca\u00e7\u00e3o fraudulenta de ve\u00edculos e apropria\u00e7\u00e3o ind\u00e9bita<\/strong>, com ind\u00edcios tamb\u00e9m da pr\u00e1tica de extors\u00e3o e adultera\u00e7\u00e3o de sinal identificador de ve\u00edculo automotor, foi desarticulado pela Pol\u00edcia Civil da Bahia, por meio da Delegacia de Repress\u00e3o a Furtos e Roubos (DRFR), em Feira de Santana, na tarde de ter\u00e7a-feira (28).\u00a0 O preju\u00edzo estimado \u00e9 de R$ 892 mil.<\/p>\n<p>Segundo as investiga\u00e7\u00f5es, diversos ve\u00edculos foram alugados utilizando documentos de \u201claranjas\u201d e n\u00e3o foram devolvidos \u00e0s locadoras. O<strong>\u00a0preju\u00edzo estimado com a apropria\u00e7\u00e3o dos autom\u00f3veis chega a R$ 892 mil<\/strong>. A apura\u00e7\u00e3o tamb\u00e9m indica que parte desses ve\u00edculos teve o sistema de GPS adulterado e foi levada para os munic\u00edpios de<strong>\u00a0Ilh\u00e9us, Itabuna e Vit\u00f3ria da Conquista<\/strong>.<\/p><div class=\"newsi-conteudo_19\" id=\"newsi-4063669452\"><a href=\"https:\/\/www.instagram.com\/prefeituraalagoinhas?igsh=YzgzdDJ1bWR3aWI4\" aria-label=\"SAVE_20251006_221555\"><img loading=\"lazy\" decoding=\"async\" src=\"https:\/\/newsinfoco.com.br\/inicio\/wp-content\/uploads\/2025\/10\/SAVE_20251006_221555-rotated.jpg\" alt=\"\"  srcset=\"https:\/\/newsinfoco.com.br\/inicio\/wp-content\/uploads\/2025\/10\/SAVE_20251006_221555-rotated.jpg 1140w, https:\/\/newsinfoco.com.br\/inicio\/wp-content\/uploads\/2025\/10\/SAVE_20251006_221555-300x52.jpg 300w, https:\/\/newsinfoco.com.br\/inicio\/wp-content\/uploads\/2025\/10\/SAVE_20251006_221555-1024x177.jpg 1024w, https:\/\/newsinfoco.com.br\/inicio\/wp-content\/uploads\/2025\/10\/SAVE_20251006_221555-768x133.jpg 768w, https:\/\/newsinfoco.com.br\/inicio\/wp-content\/uploads\/2025\/10\/SAVE_20251006_221555-600x104.jpg 600w, https:\/\/newsinfoco.com.br\/inicio\/wp-content\/uploads\/2025\/10\/SAVE_20251006_221555-696x120.jpg 696w, https:\/\/newsinfoco.com.br\/inicio\/wp-content\/uploads\/2025\/10\/SAVE_20251006_221555-1068x185.jpg 1068w\" sizes=\"(max-width: 1140px) 100vw, 1140px\" width=\"1140\" height=\"197\"   \/><\/a><\/div>\n<p>A a\u00e7\u00e3o ocorreu ap\u00f3s s<strong>ete v\u00edtimas comparecerem simultaneament<\/strong>e \u00e0 unidade policial, relatando que dois ex-colegas de trabalho teriam solicitado seus dados pessoais para realizar a loca\u00e7\u00e3o de autom\u00f3veis. Para convenc\u00ea-las, os suspeitos alegaram estar com a Carteira Nacional de Habilita\u00e7\u00e3o (CNH) vencida, o que os impediria de realizar o aluguel.<\/p>\n<p>Enquanto registrava o boletim de ocorr\u00eancia,\u00a0<strong>uma das v\u00edtimas foi contatada por um dos suspeitos, que passou a exigir dinheiro para devolver um dos ve\u00edculos<\/strong>. Diante da situa\u00e7\u00e3o, foram realizadas dilig\u00eancias que resultaram na pris\u00e3o em flagrante de um dos acusados, no bairro SIM. Ele estava na posse de dois ve\u00edculos, tentou fugir, mas foi capturado.<\/p>\n<p>O homem de 23 anos foi a<strong>utuado em flagrante<\/strong>\u00a0pelos crimes de\u00a0<strong>extors\u00e3o, apropria\u00e7\u00e3o ind\u00e9bita e adultera\u00e7\u00e3o de sinal identificador de ve\u00edculo automotor<\/strong>, uma vez que um dos autom\u00f3veis estava sem placas de identifica\u00e7\u00e3o. Ele tamb\u00e9m estava com a chave de outro carro.<\/p>\n<div>\n<div>\n<div class=\"trv-player-container\">\n<div class=\"trv-wrapper\">\n<div id=\"br_video_player_d1c0f2174664fb380203e967007e3f9dc3c659f9\" class=\"trvd_video_player trvdinstream\">\n<div class=\"media-player\"><\/div>\n<\/div>\n<\/div>\n<\/div>\n<\/div>\n<\/div>\n<p>Um outro suspeito de participa\u00e7\u00e3o no esquema, tamb\u00e9m foi localizado e conduzido \u00e0 delegacia. Ap\u00f3s ser formalmente interrogado, foi liberado por n\u00e3o se encontrar em situa\u00e7\u00e3o de flagrante, mas continua respondendo a inqu\u00e9rito.<\/p>\n<p>As investiga\u00e7\u00f5es seguem em andamento para identificar o paradeiro dos demais ve\u00edculos envolvidos, bem como apurar a eventual participa\u00e7\u00e3o de outros integrantes no esquema criminoso.<\/p>\n<p>Bahia.Ba<\/p>\n<\/div>\n<div id=\"div-share\"><\/div>\n<div class='share-to-whatsapp-wrapper'><div class='share-on-whsp'>Share on: <\/div><a data-text='Esquema de fraude de loca\u00e7\u00f5es de carros gera R$ 892 mil de preju\u00edzo em Feira de Santana' data-link='https:\/\/newsinfoco.com.br\/inicio\/esquema-de-fraude-de-locacoes-de-carros-gera-r-892-mil-de-prejuizo-em-feira-de-santana\/' class='whatsapp-button whatsapp-share'>WhatsApp<\/a><div class='clear '><\/div><\/div>","protected":false},"excerpt":{"rendered":"<p>Um esquema de\u00a0loca\u00e7\u00e3o fraudulenta de ve\u00edculos e apropria\u00e7\u00e3o ind\u00e9bita, com ind\u00edcios tamb\u00e9m da pr\u00e1tica de extors\u00e3o e adultera\u00e7\u00e3o de sinal identificador de ve\u00edculo automotor, foi desarticulado pela Pol\u00edcia Civil da Bahia, por meio da Delegacia de Repress\u00e3o a Furtos e Roubos (DRFR), em Feira de Santana, na tarde de ter\u00e7a-feira (28).\u00a0 O preju\u00edzo estimado \u00e9 [&hellip;]<\/p>\n","protected":false},"author":1,"featured_media":50409,"comment_status":"closed","ping_status":"closed","sticky":false,"template":"","format":"standard","meta":{"om_disable_all_campaigns":false,"_exactmetrics_skip_tracking":false,"_exactmetrics_sitenote_active":false,"_exactmetrics_sitenote_note":"","_exactmetrics_sitenote_category":0,"footnotes":""},"categories":[19],"tags":[],"class_list":["post-50408","post","type-post","status-publish","format-standard","has-post-thumbnail","hentry","category-bahia"],"aioseo_notices":[],"_links":{"self":[{"href":"https:\/\/newsinfoco.com.br\/inicio\/wp-json\/wp\/v2\/posts\/50408","targetHints":{"allow":["GET"]}}],"collection":[{"href":"https:\/\/newsinfoco.com.br\/inicio\/wp-json\/wp\/v2\/posts"}],"about":[{"href":"https:\/\/newsinfoco.com.br\/inicio\/wp-json\/wp\/v2\/types\/post"}],"author":[{"embeddable":true,"href":"https:\/\/newsinfoco.com.br\/inicio\/wp-json\/wp\/v2\/users\/1"}],"replies":[{"embeddable":true,"href":"https:\/\/newsinfoco.com.br\/inicio\/wp-json\/wp\/v2\/comments?post=50408"}],"version-history":[{"count":1,"href":"https:\/\/newsinfoco.com.br\/inicio\/wp-json\/wp\/v2\/posts\/50408\/revisions"}],"predecessor-version":[{"id":50410,"href":"https:\/\/newsinfoco.com.br\/inicio\/wp-json\/wp\/v2\/posts\/50408\/revisions\/50410"}],"wp:featuredmedia":[{"embeddable":true,"href":"https:\/\/newsinfoco.com.br\/inicio\/wp-json\/wp\/v2\/media\/50409"}],"wp:attachment":[{"href":"https:\/\/newsinfoco.com.br\/inicio\/wp-json\/wp\/v2\/media?parent=50408"}],"wp:term":[{"taxonomy":"category","embeddable":true,"href":"https:\/\/newsinfoco.com.br\/inicio\/wp-json\/wp\/v2\/categories?post=50408"},{"taxonomy":"post_tag","embeddable":true,"href":"https:\/\/newsinfoco.com.br\/inicio\/wp-json\/wp\/v2\/tags?post=50408"}],"curies":[{"name":"wp","href":"https:\/\/api.w.org\/{rel}","templated":true}]}}