{"id":50411,"date":"2026-04-29T14:44:58","date_gmt":"2026-04-29T17:44:58","guid":{"rendered":"https:\/\/newsinfoco.com.br\/inicio\/?p=50411"},"modified":"2026-04-29T14:44:58","modified_gmt":"2026-04-29T17:44:58","slug":"vereador-darlan-lucena-destaca-aniversario-de-associacao-incentiva-destinacao-do-ir-e-cobra-atencao-a-seguranca-publica","status":"publish","type":"post","link":"https:\/\/newsinfoco.com.br\/inicio\/vereador-darlan-lucena-destaca-aniversario-de-associacao-incentiva-destinacao-do-ir-e-cobra-atencao-a-seguranca-publica\/","title":{"rendered":"Vereador Darlan Lucena destaca anivers\u00e1rio de associa\u00e7\u00e3o, incentiva destina\u00e7\u00e3o do IR e cobra aten\u00e7\u00e3o \u00e0 seguran\u00e7a p\u00fablica"},"content":{"rendered":"<div class=\"elementor-column elementor-col-50 elementor-top-column elementor-element elementor-element-166fa74c\" data-id=\"166fa74c\" data-element_type=\"column\">\n<div class=\"elementor-widget-wrap elementor-element-populated\">\n<div class=\"elementor-element elementor-element-8956c80 elementor-widget elementor-widget-theme-post-content\" data-id=\"8956c80\" data-element_type=\"widget\" data-widget_type=\"theme-post-content.default\">\n<div class=\"elementor-widget-container\">\n<p>Na sess\u00e3o realizada na ter\u00e7a-feira (28), o vereador Darlan Lucena abordou temas como o fortalecimento de institui\u00e7\u00f5es locais, a destina\u00e7\u00e3o do imposto de renda para fundos sociais, seguran\u00e7a p\u00fablica e educa\u00e7\u00e3o em Alagoinhas.<\/p>\n<p>O parlamentar iniciou parabenizando a Associa\u00e7\u00e3o de Sargentos e Subtenentes pelos cinquenta e tr\u00eas anos de atua\u00e7\u00e3o, destacando a relev\u00e2ncia da institui\u00e7\u00e3o e sua parceria com o poder p\u00fablico.<\/p><div class=\"newsi-conteudo_19\" id=\"newsi-3855173986\"><a href=\"https:\/\/www.instagram.com\/prefeituraalagoinhas?igsh=YzgzdDJ1bWR3aWI4\" aria-label=\"SAVE_20251006_221555\"><img loading=\"lazy\" decoding=\"async\" src=\"https:\/\/newsinfoco.com.br\/inicio\/wp-content\/uploads\/2025\/10\/SAVE_20251006_221555-rotated.jpg\" alt=\"\"  srcset=\"https:\/\/newsinfoco.com.br\/inicio\/wp-content\/uploads\/2025\/10\/SAVE_20251006_221555-rotated.jpg 1140w, https:\/\/newsinfoco.com.br\/inicio\/wp-content\/uploads\/2025\/10\/SAVE_20251006_221555-300x52.jpg 300w, https:\/\/newsinfoco.com.br\/inicio\/wp-content\/uploads\/2025\/10\/SAVE_20251006_221555-1024x177.jpg 1024w, https:\/\/newsinfoco.com.br\/inicio\/wp-content\/uploads\/2025\/10\/SAVE_20251006_221555-768x133.jpg 768w, https:\/\/newsinfoco.com.br\/inicio\/wp-content\/uploads\/2025\/10\/SAVE_20251006_221555-600x104.jpg 600w, https:\/\/newsinfoco.com.br\/inicio\/wp-content\/uploads\/2025\/10\/SAVE_20251006_221555-696x120.jpg 696w, https:\/\/newsinfoco.com.br\/inicio\/wp-content\/uploads\/2025\/10\/SAVE_20251006_221555-1068x185.jpg 1068w\" sizes=\"(max-width: 1140px) 100vw, 1140px\" width=\"1140\" height=\"197\"   \/><\/a><\/div>\n<p>\u201cParabenizo a Associa\u00e7\u00e3o pelos cinquenta e tr\u00eas anos e pela bela celebra\u00e7\u00e3o. \u00c9 uma institui\u00e7\u00e3o que sempre esteve de portas abertas para esta Casa e para o munic\u00edpio, e \u00e9 uma honra fazer parte e acompanhar esse trabalho de perto\u201d, afirmou.<\/p>\n<p>Em seguida, Darlan chamou a aten\u00e7\u00e3o da popula\u00e7\u00e3o para a possibilidade de destinar parte do imposto de renda a fundos sociais, ressaltando que a medida n\u00e3o gera custo adicional ao contribuinte.<\/p>\n<p>\u201c\u00c9 importante que as pessoas saibam que podem destinar at\u00e9 6% do imposto devido para o Fundo da Crian\u00e7a e do Adolescente e para o Fundo do Idoso, sem nenhum \u00f4nus, contribuindo diretamente com institui\u00e7\u00f5es que realizam um trabalho essencial\u201d, destacou.<\/p>\n<p>O vereador tamb\u00e9m comentou, com preocupa\u00e7\u00e3o, o epis\u00f3dio exibido em rede nacional sobre o sistema prisional baiano, apontando falhas que impactam diretamente a seguran\u00e7a p\u00fablica. \u201cO que foi exibido mostra falhas graves no sistema prisional e aumenta a sensa\u00e7\u00e3o de inseguran\u00e7a da popula\u00e7\u00e3o. Situa\u00e7\u00f5es como essa exigem respostas firmes do Estado\u201d, afirmou.<\/p>\n<p>Ao final, Darlan abordou a implanta\u00e7\u00e3o da Escola de Campo no munic\u00edpio, destacando o potencial da iniciativa para melhorar a estrutura educacional, especialmente nas comunidades rurais.<\/p>\n<p>\u201c\u00c9 uma estrutura que tem potencial para acolher bem os alunos e atender \u00e0s comunidades com mais qualidade. Acredito que, com o tempo, os resultados aparecer\u00e3o e quem ganha \u00e9 a nossa cidade\u201d, concluiu.<\/p>\n<p><strong>Ascom \u2013 C\u00e2mara Municipal de Alagoinhas<\/strong><\/p>\n<p><strong>Foto \u2013 Jh\u00f4 Paz<\/strong><\/p>\n<p>&nbsp;<\/p>\n<\/div>\n<\/div>\n<\/div>\n<\/div>\n<div class=\"elementor-column elementor-col-50 elementor-top-column elementor-element elementor-element-263f143b\" data-id=\"263f143b\" data-element_type=\"column\">\n<div class=\"elementor-widget-wrap elementor-element-populated\">\n<div class=\"elementor-element elementor-element-19118fd7 elementor-widget elementor-widget-heading\" data-id=\"19118fd7\" data-element_type=\"widget\" data-widget_type=\"heading.default\">\n<div class=\"elementor-widget-container\"><\/div>\n<\/div>\n<\/div>\n<\/div>\n<div class='share-to-whatsapp-wrapper'><div class='share-on-whsp'>Share on: <\/div><a data-text='Vereador Darlan Lucena destaca anivers\u00e1rio de associa\u00e7\u00e3o, incentiva destina\u00e7\u00e3o do IR e cobra aten\u00e7\u00e3o \u00e0 seguran\u00e7a p\u00fablica' data-link='https:\/\/newsinfoco.com.br\/inicio\/vereador-darlan-lucena-destaca-aniversario-de-associacao-incentiva-destinacao-do-ir-e-cobra-atencao-a-seguranca-publica\/' class='whatsapp-button whatsapp-share'>WhatsApp<\/a><div class='clear '><\/div><\/div>","protected":false},"excerpt":{"rendered":"<p>Na sess\u00e3o realizada na ter\u00e7a-feira (28), o vereador Darlan Lucena abordou temas como o fortalecimento de institui\u00e7\u00f5es locais, a destina\u00e7\u00e3o do imposto de renda para fundos sociais, seguran\u00e7a p\u00fablica e educa\u00e7\u00e3o em Alagoinhas. O parlamentar iniciou parabenizando a Associa\u00e7\u00e3o de Sargentos e Subtenentes pelos cinquenta e tr\u00eas anos de atua\u00e7\u00e3o, destacando a relev\u00e2ncia da institui\u00e7\u00e3o [&hellip;]<\/p>\n","protected":false},"author":1,"featured_media":50412,"comment_status":"closed","ping_status":"closed","sticky":false,"template":"","format":"standard","meta":{"om_disable_all_campaigns":false,"_exactmetrics_skip_tracking":false,"_exactmetrics_sitenote_active":false,"_exactmetrics_sitenote_note":"","_exactmetrics_sitenote_category":0,"footnotes":""},"categories":[19],"tags":[],"class_list":["post-50411","post","type-post","status-publish","format-standard","has-post-thumbnail","hentry","category-bahia"],"aioseo_notices":[],"_links":{"self":[{"href":"https:\/\/newsinfoco.com.br\/inicio\/wp-json\/wp\/v2\/posts\/50411","targetHints":{"allow":["GET"]}}],"collection":[{"href":"https:\/\/newsinfoco.com.br\/inicio\/wp-json\/wp\/v2\/posts"}],"about":[{"href":"https:\/\/newsinfoco.com.br\/inicio\/wp-json\/wp\/v2\/types\/post"}],"author":[{"embeddable":true,"href":"https:\/\/newsinfoco.com.br\/inicio\/wp-json\/wp\/v2\/users\/1"}],"replies":[{"embeddable":true,"href":"https:\/\/newsinfoco.com.br\/inicio\/wp-json\/wp\/v2\/comments?post=50411"}],"version-history":[{"count":1,"href":"https:\/\/newsinfoco.com.br\/inicio\/wp-json\/wp\/v2\/posts\/50411\/revisions"}],"predecessor-version":[{"id":50413,"href":"https:\/\/newsinfoco.com.br\/inicio\/wp-json\/wp\/v2\/posts\/50411\/revisions\/50413"}],"wp:featuredmedia":[{"embeddable":true,"href":"https:\/\/newsinfoco.com.br\/inicio\/wp-json\/wp\/v2\/media\/50412"}],"wp:attachment":[{"href":"https:\/\/newsinfoco.com.br\/inicio\/wp-json\/wp\/v2\/media?parent=50411"}],"wp:term":[{"taxonomy":"category","embeddable":true,"href":"https:\/\/newsinfoco.com.br\/inicio\/wp-json\/wp\/v2\/categories?post=50411"},{"taxonomy":"post_tag","embeddable":true,"href":"https:\/\/newsinfoco.com.br\/inicio\/wp-json\/wp\/v2\/tags?post=50411"}],"curies":[{"name":"wp","href":"https:\/\/api.w.org\/{rel}","templated":true}]}}