{"id":50414,"date":"2026-04-29T14:53:53","date_gmt":"2026-04-29T17:53:53","guid":{"rendered":"https:\/\/newsinfoco.com.br\/inicio\/?p=50414"},"modified":"2026-04-29T14:53:53","modified_gmt":"2026-04-29T17:53:53","slug":"vereadores-divergem-sobre-viaduto-da-rua-do-catu-e-cobram-solucoes-para-mobilidade-e-entorno","status":"publish","type":"post","link":"https:\/\/newsinfoco.com.br\/inicio\/vereadores-divergem-sobre-viaduto-da-rua-do-catu-e-cobram-solucoes-para-mobilidade-e-entorno\/","title":{"rendered":"Vereadores divergem sobre viaduto da Rua do Catu e cobram solu\u00e7\u00f5es para mobilidade e entorno"},"content":{"rendered":"<div class=\"elementor-column elementor-col-50 elementor-top-column elementor-element elementor-element-166fa74c\" data-id=\"166fa74c\" data-element_type=\"column\">\n<div class=\"elementor-widget-wrap elementor-element-populated\">\n<div class=\"elementor-element elementor-element-8956c80 elementor-widget elementor-widget-theme-post-content\" data-id=\"8956c80\" data-element_type=\"widget\" data-widget_type=\"theme-post-content.default\">\n<div class=\"elementor-widget-container\">\n<p>Na sess\u00e3o realizada na ter\u00e7a-feira (28), vereadores da C\u00e2mara Municipal de Alagoinhas debateram a situa\u00e7\u00e3o do viaduto da Rua do Catu, com posicionamentos distintos sobre a requalifica\u00e7\u00e3o da estrutura e cobran\u00e7as por melhorias na mobilidade urbana e nas condi\u00e7\u00f5es de vida da popula\u00e7\u00e3o do entorno.<\/p>\n<p>O vereador Anderson Xar\u00e1 voltou a defender que a solu\u00e7\u00e3o ideal seria a demoli\u00e7\u00e3o do viaduto, mas ressaltou que, diante da manuten\u00e7\u00e3o da estrutura, \u00e9 necess\u00e1rio garantir dignidade \u00e0 popula\u00e7\u00e3o que vive na regi\u00e3o. \u201cSe a estrutura permanece, o Estado precisa assumir a responsabilidade de transformar o entorno e garantir condi\u00e7\u00f5es dignas para quem vive ali\u201d, afirmou.<\/p><div class=\"newsi-conteudo_19\" id=\"newsi-2158433130\"><a href=\"https:\/\/www.instagram.com\/prefeituraalagoinhas?igsh=YzgzdDJ1bWR3aWI4\" aria-label=\"SAVE_20251006_221555\"><img loading=\"lazy\" decoding=\"async\" src=\"https:\/\/newsinfoco.com.br\/inicio\/wp-content\/uploads\/2025\/10\/SAVE_20251006_221555-rotated.jpg\" alt=\"\"  srcset=\"https:\/\/newsinfoco.com.br\/inicio\/wp-content\/uploads\/2025\/10\/SAVE_20251006_221555-rotated.jpg 1140w, https:\/\/newsinfoco.com.br\/inicio\/wp-content\/uploads\/2025\/10\/SAVE_20251006_221555-300x52.jpg 300w, https:\/\/newsinfoco.com.br\/inicio\/wp-content\/uploads\/2025\/10\/SAVE_20251006_221555-1024x177.jpg 1024w, https:\/\/newsinfoco.com.br\/inicio\/wp-content\/uploads\/2025\/10\/SAVE_20251006_221555-768x133.jpg 768w, https:\/\/newsinfoco.com.br\/inicio\/wp-content\/uploads\/2025\/10\/SAVE_20251006_221555-600x104.jpg 600w, https:\/\/newsinfoco.com.br\/inicio\/wp-content\/uploads\/2025\/10\/SAVE_20251006_221555-696x120.jpg 696w, https:\/\/newsinfoco.com.br\/inicio\/wp-content\/uploads\/2025\/10\/SAVE_20251006_221555-1068x185.jpg 1068w\" sizes=\"(max-width: 1140px) 100vw, 1140px\" width=\"1140\" height=\"197\"   \/><\/a><\/div>\n<div class=\"wp-block-image\"><\/div>\n<p>J\u00e1 o vereador Gleyser Soares reconheceu os impactos causados pela obra, mas destacou o avan\u00e7o com o in\u00edcio da requalifica\u00e7\u00e3o e a expectativa de melhorias na mobilidade urbana. \u201cA ordem de servi\u00e7o ser\u00e1 dada, e agora \u00e9 acompanhar, fiscalizar e garantir que a obra traga resultados concretos para a popula\u00e7\u00e3o\u201d, afirmou.<\/p>\n<div class=\"wp-block-image\"><\/div>\n<p>O vereador Luciano Almeida chamou aten\u00e7\u00e3o para a import\u00e2ncia da articula\u00e7\u00e3o pol\u00edtica e da transpar\u00eancia na destina\u00e7\u00e3o de recursos p\u00fablicos, al\u00e9m de alertar para a necessidade de cautela com an\u00fancios. \u201c\u00c9 fundamental que haja clareza sobre os recursos destinados e que as obras anunciadas sejam, de fato, executadas\u201d, declarou.<\/p>\n<div class=\"wp-block-image\">\n<figure class=\"aligncenter size-large\"><img loading=\"lazy\" decoding=\"async\" class=\"wp-image-23654\" src=\"https:\/\/camaradealagoinhas.ba.gov.br\/wp-content\/uploads\/2026\/04\/a2e85a82-85a4-476f-a913-a0797d63a094-1024x819.jpg\" sizes=\"auto, (max-width: 1024px) 100vw, 1024px\" srcset=\"https:\/\/camaradealagoinhas.ba.gov.br\/wp-content\/uploads\/2026\/04\/a2e85a82-85a4-476f-a913-a0797d63a094-1024x819.jpg 1024w, https:\/\/camaradealagoinhas.ba.gov.br\/wp-content\/uploads\/2026\/04\/a2e85a82-85a4-476f-a913-a0797d63a094-300x240.jpg 300w, https:\/\/camaradealagoinhas.ba.gov.br\/wp-content\/uploads\/2026\/04\/a2e85a82-85a4-476f-a913-a0797d63a094-768x614.jpg 768w, https:\/\/camaradealagoinhas.ba.gov.br\/wp-content\/uploads\/2026\/04\/a2e85a82-85a4-476f-a913-a0797d63a094-1536x1229.jpg 1536w, https:\/\/camaradealagoinhas.ba.gov.br\/wp-content\/uploads\/2026\/04\/a2e85a82-85a4-476f-a913-a0797d63a094-2048x1638.jpg 2048w\" alt=\"\" width=\"1024\" height=\"819\" \/><\/figure>\n<\/div>\n<p>Durante aparte, o vereador Anderson Xar\u00e1 refor\u00e7ou seu entendimento de que a mobiliza\u00e7\u00e3o poderia ter ocorrido antes, com maior uni\u00e3o entre as lideran\u00e7as. \u201cQuando o problema j\u00e1 \u00e9 conhecido, \u00e9 poss\u00edvel agir antes, dialogar e buscar solu\u00e7\u00f5es em conjunto\u201d, afirmou.<\/p>\n<p>A vereadora Raimunda Flor\u00eancio questionou o momento do an\u00fancio da obra e defendeu que as solu\u00e7\u00f5es precisam ser cont\u00ednuas e n\u00e3o apenas pontuais. \u201cA popula\u00e7\u00e3o precisa de respostas permanentes. N\u00e3o podemos ter a\u00e7\u00f5es que aparecem apenas em determinados momentos\u201d, destacou.<\/p>\n<div class=\"wp-block-image\"><\/div>\n<p>Por fim, o vereador Thor de Ninha defendeu as a\u00e7\u00f5es do Governo do Estado e destacou que o in\u00edcio das interven\u00e7\u00f5es representa um avan\u00e7o importante para o munic\u00edpio. \u201cAgora sa\u00edmos do campo das discuss\u00f5es para a execu\u00e7\u00e3o. \u00c9 importante reconhecer o que est\u00e1 sendo feito e acompanhar os resultados\u201d, concluiu.<\/p>\n<p><strong style=\"text-align: center;\">Ascom \u2013 C\u00e2mara Municipal de Alagoinhas<\/strong><\/p>\n<p><strong>Fotos \u2013 Jh\u00f4 Paz<\/strong><\/p>\n<\/div>\n<\/div>\n<\/div>\n<\/div>\n<div class=\"elementor-column elementor-col-50 elementor-top-column elementor-element elementor-element-263f143b\" data-id=\"263f143b\" data-element_type=\"column\">\n<div class=\"elementor-widget-wrap elementor-element-populated\">\n<div class=\"elementor-element elementor-element-19118fd7 elementor-widget elementor-widget-heading\" data-id=\"19118fd7\" data-element_type=\"widget\" data-widget_type=\"heading.default\">\n<div class=\"elementor-widget-container\"><\/div>\n<\/div>\n<\/div>\n<\/div>\n<div class='share-to-whatsapp-wrapper'><div class='share-on-whsp'>Share on: <\/div><a data-text='Vereadores divergem sobre viaduto da Rua do Catu e cobram solu\u00e7\u00f5es para mobilidade e entorno' data-link='https:\/\/newsinfoco.com.br\/inicio\/vereadores-divergem-sobre-viaduto-da-rua-do-catu-e-cobram-solucoes-para-mobilidade-e-entorno\/' class='whatsapp-button whatsapp-share'>WhatsApp<\/a><div class='clear '><\/div><\/div>","protected":false},"excerpt":{"rendered":"<p>Na sess\u00e3o realizada na ter\u00e7a-feira (28), vereadores da C\u00e2mara Municipal de Alagoinhas debateram a situa\u00e7\u00e3o do viaduto da Rua do Catu, com posicionamentos distintos sobre a requalifica\u00e7\u00e3o da estrutura e cobran\u00e7as por melhorias na mobilidade urbana e nas condi\u00e7\u00f5es de vida da popula\u00e7\u00e3o do entorno. O vereador Anderson Xar\u00e1 voltou a defender que a solu\u00e7\u00e3o [&hellip;]<\/p>\n","protected":false},"author":1,"featured_media":50415,"comment_status":"closed","ping_status":"closed","sticky":false,"template":"","format":"standard","meta":{"om_disable_all_campaigns":false,"_exactmetrics_skip_tracking":false,"_exactmetrics_sitenote_active":false,"_exactmetrics_sitenote_note":"","_exactmetrics_sitenote_category":0,"footnotes":""},"categories":[19],"tags":[],"class_list":["post-50414","post","type-post","status-publish","format-standard","has-post-thumbnail","hentry","category-bahia"],"aioseo_notices":[],"_links":{"self":[{"href":"https:\/\/newsinfoco.com.br\/inicio\/wp-json\/wp\/v2\/posts\/50414","targetHints":{"allow":["GET"]}}],"collection":[{"href":"https:\/\/newsinfoco.com.br\/inicio\/wp-json\/wp\/v2\/posts"}],"about":[{"href":"https:\/\/newsinfoco.com.br\/inicio\/wp-json\/wp\/v2\/types\/post"}],"author":[{"embeddable":true,"href":"https:\/\/newsinfoco.com.br\/inicio\/wp-json\/wp\/v2\/users\/1"}],"replies":[{"embeddable":true,"href":"https:\/\/newsinfoco.com.br\/inicio\/wp-json\/wp\/v2\/comments?post=50414"}],"version-history":[{"count":1,"href":"https:\/\/newsinfoco.com.br\/inicio\/wp-json\/wp\/v2\/posts\/50414\/revisions"}],"predecessor-version":[{"id":50416,"href":"https:\/\/newsinfoco.com.br\/inicio\/wp-json\/wp\/v2\/posts\/50414\/revisions\/50416"}],"wp:featuredmedia":[{"embeddable":true,"href":"https:\/\/newsinfoco.com.br\/inicio\/wp-json\/wp\/v2\/media\/50415"}],"wp:attachment":[{"href":"https:\/\/newsinfoco.com.br\/inicio\/wp-json\/wp\/v2\/media?parent=50414"}],"wp:term":[{"taxonomy":"category","embeddable":true,"href":"https:\/\/newsinfoco.com.br\/inicio\/wp-json\/wp\/v2\/categories?post=50414"},{"taxonomy":"post_tag","embeddable":true,"href":"https:\/\/newsinfoco.com.br\/inicio\/wp-json\/wp\/v2\/tags?post=50414"}],"curies":[{"name":"wp","href":"https:\/\/api.w.org\/{rel}","templated":true}]}}