{"id":50417,"date":"2026-04-29T15:06:20","date_gmt":"2026-04-29T18:06:20","guid":{"rendered":"https:\/\/newsinfoco.com.br\/inicio\/?p=50417"},"modified":"2026-04-29T15:06:20","modified_gmt":"2026-04-29T18:06:20","slug":"vereadores-cobram-acoes-contra-arboviroses-e-denunciam-problemas-na-saude-em-comunidades-de-alagoinhas","status":"publish","type":"post","link":"https:\/\/newsinfoco.com.br\/inicio\/vereadores-cobram-acoes-contra-arboviroses-e-denunciam-problemas-na-saude-em-comunidades-de-alagoinhas\/","title":{"rendered":"Vereadores cobram a\u00e7\u00f5es contra arboviroses e denunciam problemas na sa\u00fade em comunidades de Alagoinhas"},"content":{"rendered":"<div class=\"elementor-column elementor-col-50 elementor-top-column elementor-element elementor-element-166fa74c\" data-id=\"166fa74c\" data-element_type=\"column\">\n<div class=\"elementor-widget-wrap elementor-element-populated\">\n<div class=\"elementor-element elementor-element-8956c80 elementor-widget elementor-widget-theme-post-content\" data-id=\"8956c80\" data-element_type=\"widget\" data-widget_type=\"theme-post-content.default\">\n<div class=\"elementor-widget-container\">\n<p>Na sess\u00e3o realizada na ter\u00e7a-feira (28), vereadores da C\u00e2mara Municipal de Alagoinhas alertaram para o avan\u00e7o das arboviroses no munic\u00edpio e cobraram a\u00e7\u00f5es mais efetivas do poder p\u00fablico, al\u00e9m de denunciarem problemas estruturais na rede de sa\u00fade.<\/p>\n<p>A vereadora Jaldice Nunes relatou visita \u00e0 comunidade do Miguel Velho, onde encontrou condi\u00e7\u00f5es prec\u00e1rias no funcionamento do posto de sa\u00fade, incluindo lixo hospitalar acumulado e suspens\u00e3o de atendimentos. \u201c\u00c9 muito triste ver uma unidade funcionando em condi\u00e7\u00f5es t\u00e3o inadequadas, com lixo hospitalar acumulado e estrutura comprometida. Isso \u00e9 um problema s\u00e9rio de sa\u00fade p\u00fablica que precisa de resposta imediata\u201d, afirmou.<\/p><div class=\"newsi-conteudo_19\" id=\"newsi-1738428296\"><a href=\"https:\/\/www.instagram.com\/prefeituraalagoinhas?igsh=YzgzdDJ1bWR3aWI4\" aria-label=\"SAVE_20251006_221555\"><img loading=\"lazy\" decoding=\"async\" src=\"https:\/\/newsinfoco.com.br\/inicio\/wp-content\/uploads\/2025\/10\/SAVE_20251006_221555-rotated.jpg\" alt=\"\"  srcset=\"https:\/\/newsinfoco.com.br\/inicio\/wp-content\/uploads\/2025\/10\/SAVE_20251006_221555-rotated.jpg 1140w, https:\/\/newsinfoco.com.br\/inicio\/wp-content\/uploads\/2025\/10\/SAVE_20251006_221555-300x52.jpg 300w, https:\/\/newsinfoco.com.br\/inicio\/wp-content\/uploads\/2025\/10\/SAVE_20251006_221555-1024x177.jpg 1024w, https:\/\/newsinfoco.com.br\/inicio\/wp-content\/uploads\/2025\/10\/SAVE_20251006_221555-768x133.jpg 768w, https:\/\/newsinfoco.com.br\/inicio\/wp-content\/uploads\/2025\/10\/SAVE_20251006_221555-600x104.jpg 600w, https:\/\/newsinfoco.com.br\/inicio\/wp-content\/uploads\/2025\/10\/SAVE_20251006_221555-696x120.jpg 696w, https:\/\/newsinfoco.com.br\/inicio\/wp-content\/uploads\/2025\/10\/SAVE_20251006_221555-1068x185.jpg 1068w\" sizes=\"(max-width: 1140px) 100vw, 1140px\" width=\"1140\" height=\"197\"   \/><\/a><\/div>\n<div class=\"wp-block-image\"><\/div>\n<p>Na sequ\u00eancia, o vereador Jos\u00e9 Ed\u00e9sio destacou a gravidade da situa\u00e7\u00e3o das arboviroses no munic\u00edpio e defendeu a amplia\u00e7\u00e3o do n\u00famero de agentes de endemias como medida emergencial. \u201cEstamos diante de uma crise que tem levado pessoas aos hospitais e afastado trabalhadores. \u00c9 preciso buscar alternativas urgentes, inclusive com refor\u00e7o tempor\u00e1rio no efetivo, para minimizar esse cen\u00e1rio\u201d, afirmou.<\/p>\n<div class=\"wp-block-image\"><\/div>\n<p>O vereador Thor de Ninha ressaltou que j\u00e1 h\u00e1 articula\u00e7\u00e3o entre munic\u00edpio e Estado para intensificar as a\u00e7\u00f5es de combate, com a forma\u00e7\u00e3o de uma for\u00e7a-tarefa. \u201cH\u00e1 um movimento sendo constru\u00eddo com refor\u00e7o das equipes e a\u00e7\u00f5es educativas. Mas \u00e9 fundamental que a popula\u00e7\u00e3o tamb\u00e9m fa\u00e7a sua parte, eliminando focos e colaborando com o trabalho\u201d, destacou.<\/p>\n<div class=\"wp-block-image\"><\/div>\n<p>Em seguida, a vereadora Juci Cardoso chamou aten\u00e7\u00e3o para a import\u00e2ncia da preven\u00e7\u00e3o e criticou a ideia de que o uso do fumac\u00ea seja solu\u00e7\u00e3o suficiente para o problema. \u201cO fumac\u00ea n\u00e3o resolve o problema. Ele atinge apenas o mosquito adulto. A preven\u00e7\u00e3o \u00e9 o caminho, e isso depende da responsabilidade de cada cidad\u00e3o em evitar criadouros\u201d, afirmou.<\/p>\n<div class=\"wp-block-image\"><\/div>\n<p>Por fim, o vereador Cl\u00e1udio Abi\u00fade acrescentou que, em verifica\u00e7\u00f5es anteriores, foi constatado que a piscina do antigo Clube Acra n\u00e3o apresentava risco de prolifera\u00e7\u00e3o do mosquito, devido \u00e0 presen\u00e7a de girinos que se alimentam das larvas.<\/p>\n<p>\u201cNo caso do Clube Acra, foi verificado que n\u00e3o havia risco naquele espa\u00e7o, justamente pela presen\u00e7a de girinos que ajudam a controlar as larvas. Ainda assim, o combate precisa ser cont\u00ednuo e com participa\u00e7\u00e3o de todos\u201d, concluiu.<\/p>\n<div class=\"wp-block-image\"><\/div>\n<p><strong>Ascom \u2013 C\u00e2mara Municipal de Alagoinhas<\/strong><\/p>\n<p><strong>Fotos \u2013 Jh\u00f4 Paz<\/strong><\/p>\n<p>&nbsp;<\/p>\n<\/div>\n<\/div>\n<\/div>\n<\/div>\n<div class=\"elementor-column elementor-col-50 elementor-top-column elementor-element elementor-element-263f143b\" data-id=\"263f143b\" data-element_type=\"column\">\n<div class=\"elementor-widget-wrap elementor-element-populated\">\n<div class=\"elementor-element elementor-element-19118fd7 elementor-widget elementor-widget-heading\" data-id=\"19118fd7\" data-element_type=\"widget\" data-widget_type=\"heading.default\">\n<div class=\"elementor-widget-container\">\n<h2 class=\"elementor-heading-title elementor-size-default\"><\/h2>\n<\/div>\n<\/div>\n<\/div>\n<\/div>\n<div class='share-to-whatsapp-wrapper'><div class='share-on-whsp'>Share on: <\/div><a data-text='Vereadores cobram a\u00e7\u00f5es contra arboviroses e denunciam problemas na sa\u00fade em comunidades de Alagoinhas' data-link='https:\/\/newsinfoco.com.br\/inicio\/vereadores-cobram-acoes-contra-arboviroses-e-denunciam-problemas-na-saude-em-comunidades-de-alagoinhas\/' class='whatsapp-button whatsapp-share'>WhatsApp<\/a><div class='clear '><\/div><\/div>","protected":false},"excerpt":{"rendered":"<p>Na sess\u00e3o realizada na ter\u00e7a-feira (28), vereadores da C\u00e2mara Municipal de Alagoinhas alertaram para o avan\u00e7o das arboviroses no munic\u00edpio e cobraram a\u00e7\u00f5es mais efetivas do poder p\u00fablico, al\u00e9m de denunciarem problemas estruturais na rede de sa\u00fade. A vereadora Jaldice Nunes relatou visita \u00e0 comunidade do Miguel Velho, onde encontrou condi\u00e7\u00f5es prec\u00e1rias no funcionamento do [&hellip;]<\/p>\n","protected":false},"author":1,"featured_media":50418,"comment_status":"closed","ping_status":"closed","sticky":false,"template":"","format":"standard","meta":{"om_disable_all_campaigns":false,"_exactmetrics_skip_tracking":false,"_exactmetrics_sitenote_active":false,"_exactmetrics_sitenote_note":"","_exactmetrics_sitenote_category":0,"footnotes":""},"categories":[19],"tags":[],"class_list":["post-50417","post","type-post","status-publish","format-standard","has-post-thumbnail","hentry","category-bahia"],"aioseo_notices":[],"_links":{"self":[{"href":"https:\/\/newsinfoco.com.br\/inicio\/wp-json\/wp\/v2\/posts\/50417","targetHints":{"allow":["GET"]}}],"collection":[{"href":"https:\/\/newsinfoco.com.br\/inicio\/wp-json\/wp\/v2\/posts"}],"about":[{"href":"https:\/\/newsinfoco.com.br\/inicio\/wp-json\/wp\/v2\/types\/post"}],"author":[{"embeddable":true,"href":"https:\/\/newsinfoco.com.br\/inicio\/wp-json\/wp\/v2\/users\/1"}],"replies":[{"embeddable":true,"href":"https:\/\/newsinfoco.com.br\/inicio\/wp-json\/wp\/v2\/comments?post=50417"}],"version-history":[{"count":1,"href":"https:\/\/newsinfoco.com.br\/inicio\/wp-json\/wp\/v2\/posts\/50417\/revisions"}],"predecessor-version":[{"id":50419,"href":"https:\/\/newsinfoco.com.br\/inicio\/wp-json\/wp\/v2\/posts\/50417\/revisions\/50419"}],"wp:featuredmedia":[{"embeddable":true,"href":"https:\/\/newsinfoco.com.br\/inicio\/wp-json\/wp\/v2\/media\/50418"}],"wp:attachment":[{"href":"https:\/\/newsinfoco.com.br\/inicio\/wp-json\/wp\/v2\/media?parent=50417"}],"wp:term":[{"taxonomy":"category","embeddable":true,"href":"https:\/\/newsinfoco.com.br\/inicio\/wp-json\/wp\/v2\/categories?post=50417"},{"taxonomy":"post_tag","embeddable":true,"href":"https:\/\/newsinfoco.com.br\/inicio\/wp-json\/wp\/v2\/tags?post=50417"}],"curies":[{"name":"wp","href":"https:\/\/api.w.org\/{rel}","templated":true}]}}