{"id":50420,"date":"2026-04-29T15:23:48","date_gmt":"2026-04-29T18:23:48","guid":{"rendered":"https:\/\/newsinfoco.com.br\/inicio\/?p=50420"},"modified":"2026-04-29T15:23:48","modified_gmt":"2026-04-29T18:23:48","slug":"vereadores-se-unem-em-apoio-a-recuperacao-de-luma-menezes-e-defendem-participacao-remota-nas-sessoes","status":"publish","type":"post","link":"https:\/\/newsinfoco.com.br\/inicio\/vereadores-se-unem-em-apoio-a-recuperacao-de-luma-menezes-e-defendem-participacao-remota-nas-sessoes\/","title":{"rendered":"Vereadores se unem em apoio \u00e0 recupera\u00e7\u00e3o de Luma Menezes e defendem participa\u00e7\u00e3o remota nas sess\u00f5es"},"content":{"rendered":"<div class=\"elementor-column elementor-col-50 elementor-top-column elementor-element elementor-element-166fa74c\" data-id=\"166fa74c\" data-element_type=\"column\">\n<div class=\"elementor-widget-wrap elementor-element-populated\">\n<div class=\"elementor-element elementor-element-8956c80 elementor-widget elementor-widget-theme-post-content\" data-id=\"8956c80\" data-element_type=\"widget\" data-widget_type=\"theme-post-content.default\">\n<div class=\"elementor-widget-container\">\n<p>Na sess\u00e3o realizada na ter\u00e7a-feira (28), vereadores da C\u00e2mara Municipal de Alagoinhas destacaram a recupera\u00e7\u00e3o da vereadora Luma Menezes e manifestaram apoio ao seu retorno \u00e0s atividades legislativas, inclusive de forma remota durante o per\u00edodo de recupera\u00e7\u00e3o.<\/p>\n<p>A vereadora Jaldice Nunes informou que manteve contato com a colega, que j\u00e1 se encontra em casa, sendo cuidada pela fam\u00edlia, e ressaltou a import\u00e2ncia da participa\u00e7\u00e3o virtual nas sess\u00f5es enquanto durar o afastamento m\u00e9dico.<\/p><div class=\"newsi-conteudo_19\" id=\"newsi-1524168989\"><a href=\"https:\/\/www.instagram.com\/prefeituraalagoinhas?igsh=YzgzdDJ1bWR3aWI4\" aria-label=\"SAVE_20251006_221555\"><img loading=\"lazy\" decoding=\"async\" src=\"https:\/\/newsinfoco.com.br\/inicio\/wp-content\/uploads\/2025\/10\/SAVE_20251006_221555-rotated.jpg\" alt=\"\"  srcset=\"https:\/\/newsinfoco.com.br\/inicio\/wp-content\/uploads\/2025\/10\/SAVE_20251006_221555-rotated.jpg 1140w, https:\/\/newsinfoco.com.br\/inicio\/wp-content\/uploads\/2025\/10\/SAVE_20251006_221555-300x52.jpg 300w, https:\/\/newsinfoco.com.br\/inicio\/wp-content\/uploads\/2025\/10\/SAVE_20251006_221555-1024x177.jpg 1024w, https:\/\/newsinfoco.com.br\/inicio\/wp-content\/uploads\/2025\/10\/SAVE_20251006_221555-768x133.jpg 768w, https:\/\/newsinfoco.com.br\/inicio\/wp-content\/uploads\/2025\/10\/SAVE_20251006_221555-600x104.jpg 600w, https:\/\/newsinfoco.com.br\/inicio\/wp-content\/uploads\/2025\/10\/SAVE_20251006_221555-696x120.jpg 696w, https:\/\/newsinfoco.com.br\/inicio\/wp-content\/uploads\/2025\/10\/SAVE_20251006_221555-1068x185.jpg 1068w\" sizes=\"(max-width: 1140px) 100vw, 1140px\" width=\"1140\" height=\"197\"   \/><\/a><\/div>\n<p>\u201cEu sei que voc\u00ea est\u00e1 nos ouvindo, acompanhando a sess\u00e3o, o nosso caloroso abra\u00e7o. Nada mais justo que ela possa, mesmo de atestado, participar de forma remota nesta Casa, exercendo o trabalho que foi designado pelo povo desta cidade\u201d, afirmou.<\/p>\n<div class=\"wp-block-image\"><\/div>\n<p>O vereador Jos\u00e9 Ed\u00e9sio celebrou as not\u00edcias positivas sobre a recupera\u00e7\u00e3o da parlamentar e destacou sua for\u00e7a e dedica\u00e7\u00e3o ao servi\u00e7o p\u00fablico. \u201cIsso nos fortalece e mostra para todos n\u00f3s, como exemplo, que, mesmo acometida por uma enfermidade, a disposi\u00e7\u00e3o e a vontade de defender o povo n\u00e3o s\u00e3o impedidas\u201d, afirmou.<\/p>\n<div class=\"wp-block-image\"><\/div>\n<p>A vereadora Juci Cardoso tamb\u00e9m se somou \u00e0s manifesta\u00e7\u00f5es e defendeu agilidade na an\u00e1lise do pedido para participa\u00e7\u00e3o remota, destacando a expectativa para a pr\u00f3xima sess\u00e3o. \u201cNada mais justo que o jur\u00eddico desta Casa d\u00ea celeridade a essa tratativa, para que, na pr\u00f3xima quinta, a vereadora j\u00e1 possa, se estiver bem de sa\u00fade, estar aqui conosco, participando ativamente da sess\u00e3o de forma virtual\u201d, declarou.<\/p>\n<div class=\"wp-block-image\"><\/div>\n<p>O vereador Cl\u00e1udio Abi\u00fade ressaltou a import\u00e2ncia de manter apoio e ora\u00e7\u00f5es durante o processo de recupera\u00e7\u00e3o, lembrando a gravidade do procedimento enfrentado pela parlamentar. \u201cA cirurgia foi muito s\u00e9ria, portanto, \u00e9 importante que nos mantenhamos firmes em ora\u00e7\u00e3o pela vereadora Luma Menezes\u201d, destacou.<\/p>\n<div class=\"wp-block-image\"><\/div>\n<p>O vereador Gleyser Soares tamb\u00e9m manifestou apoio e desejou uma recupera\u00e7\u00e3o completa \u00e0 colega. \u201cQuero desejar sa\u00fade e boa recupera\u00e7\u00e3o para a vereadora Luma Menezes. Que ela possa retornar o quanto antes a esta Casa\u201d, afirmou.<\/p>\n<div class=\"wp-block-image\"><\/div>\n<p>O vereador Thor de Ninha refor\u00e7ou o coro dos demais parlamentares, destacando a alegria pela recupera\u00e7\u00e3o e o desejo de retorno breve \u00e0s atividades. \u201cEstamos muito felizes com a sua recupera\u00e7\u00e3o, com a sua melhora, e que Deus possa continuar operando em sua vida, trazendo uma ampla recupera\u00e7\u00e3o\u201d, concluiu.<\/p>\n<div class=\"wp-block-image\"><\/div>\n<p>Ao final, o presidente Jos\u00e9 Cleto confirmou que o requerimento apresentado pela vereadora j\u00e1 foi encaminhado ao setor jur\u00eddico da Casa para an\u00e1lise e posterior delibera\u00e7\u00e3o. \u201cA vereadora Luma nos comunicou o pedido, enviou o requerimento, e j\u00e1 solicitamos que o jur\u00eddico possa dar o parecer para que a gente d\u00ea encaminhamento. Ser\u00e1 uma honra ter a vereadora voltando a participar das sess\u00f5es\u201d, finalizou<\/p>\n<p><strong>Ascom \u2013 C\u00e2mara Municipal de Alagoinhas<\/strong><\/p>\n<p><strong>Fotos \u2013 Jh\u00f4 Paz<\/strong><\/p>\n<\/div>\n<\/div>\n<\/div>\n<\/div>\n<div class=\"elementor-column elementor-col-50 elementor-top-column elementor-element elementor-element-263f143b\" data-id=\"263f143b\" data-element_type=\"column\">\n<div class=\"elementor-widget-wrap elementor-element-populated\">\n<div class=\"elementor-element elementor-element-19118fd7 elementor-widget elementor-widget-heading\" data-id=\"19118fd7\" data-element_type=\"widget\" data-widget_type=\"heading.default\">\n<div class=\"elementor-widget-container\"><\/div>\n<\/div>\n<\/div>\n<\/div>\n<div class='share-to-whatsapp-wrapper'><div class='share-on-whsp'>Share on: <\/div><a data-text='Vereadores se unem em apoio \u00e0 recupera\u00e7\u00e3o de Luma Menezes e defendem participa\u00e7\u00e3o remota nas sess\u00f5es' data-link='https:\/\/newsinfoco.com.br\/inicio\/vereadores-se-unem-em-apoio-a-recuperacao-de-luma-menezes-e-defendem-participacao-remota-nas-sessoes\/' class='whatsapp-button whatsapp-share'>WhatsApp<\/a><div class='clear '><\/div><\/div>","protected":false},"excerpt":{"rendered":"<p>Na sess\u00e3o realizada na ter\u00e7a-feira (28), vereadores da C\u00e2mara Municipal de Alagoinhas destacaram a recupera\u00e7\u00e3o da vereadora Luma Menezes e manifestaram apoio ao seu retorno \u00e0s atividades legislativas, inclusive de forma remota durante o per\u00edodo de recupera\u00e7\u00e3o. A vereadora Jaldice Nunes informou que manteve contato com a colega, que j\u00e1 se encontra em casa, sendo [&hellip;]<\/p>\n","protected":false},"author":1,"featured_media":50421,"comment_status":"closed","ping_status":"closed","sticky":false,"template":"","format":"standard","meta":{"om_disable_all_campaigns":false,"_exactmetrics_skip_tracking":false,"_exactmetrics_sitenote_active":false,"_exactmetrics_sitenote_note":"","_exactmetrics_sitenote_category":0,"footnotes":""},"categories":[19],"tags":[],"class_list":["post-50420","post","type-post","status-publish","format-standard","has-post-thumbnail","hentry","category-bahia"],"aioseo_notices":[],"_links":{"self":[{"href":"https:\/\/newsinfoco.com.br\/inicio\/wp-json\/wp\/v2\/posts\/50420","targetHints":{"allow":["GET"]}}],"collection":[{"href":"https:\/\/newsinfoco.com.br\/inicio\/wp-json\/wp\/v2\/posts"}],"about":[{"href":"https:\/\/newsinfoco.com.br\/inicio\/wp-json\/wp\/v2\/types\/post"}],"author":[{"embeddable":true,"href":"https:\/\/newsinfoco.com.br\/inicio\/wp-json\/wp\/v2\/users\/1"}],"replies":[{"embeddable":true,"href":"https:\/\/newsinfoco.com.br\/inicio\/wp-json\/wp\/v2\/comments?post=50420"}],"version-history":[{"count":1,"href":"https:\/\/newsinfoco.com.br\/inicio\/wp-json\/wp\/v2\/posts\/50420\/revisions"}],"predecessor-version":[{"id":50422,"href":"https:\/\/newsinfoco.com.br\/inicio\/wp-json\/wp\/v2\/posts\/50420\/revisions\/50422"}],"wp:featuredmedia":[{"embeddable":true,"href":"https:\/\/newsinfoco.com.br\/inicio\/wp-json\/wp\/v2\/media\/50421"}],"wp:attachment":[{"href":"https:\/\/newsinfoco.com.br\/inicio\/wp-json\/wp\/v2\/media?parent=50420"}],"wp:term":[{"taxonomy":"category","embeddable":true,"href":"https:\/\/newsinfoco.com.br\/inicio\/wp-json\/wp\/v2\/categories?post=50420"},{"taxonomy":"post_tag","embeddable":true,"href":"https:\/\/newsinfoco.com.br\/inicio\/wp-json\/wp\/v2\/tags?post=50420"}],"curies":[{"name":"wp","href":"https:\/\/api.w.org\/{rel}","templated":true}]}}