{"id":50423,"date":"2026-04-30T12:40:40","date_gmt":"2026-04-30T15:40:40","guid":{"rendered":"https:\/\/newsinfoco.com.br\/inicio\/?p=50423"},"modified":"2026-04-30T12:40:40","modified_gmt":"2026-04-30T15:40:40","slug":"apos-reves-no-stf-lula-chama-wagner-para-conversa-a-portas-fechadas","status":"publish","type":"post","link":"https:\/\/newsinfoco.com.br\/inicio\/apos-reves-no-stf-lula-chama-wagner-para-conversa-a-portas-fechadas\/","title":{"rendered":"Ap\u00f3s rev\u00e9s no STF, Lula chama Wagner para conversa a portas fechadas"},"content":{"rendered":"<p>O presidente Luiz In\u00e1cio Lula da Silva (PT) se reuniu com o l\u00edder do governo no Senado, Jaques Wagner (PT), na noite desta quarta-feira (29), logo ap\u00f3s a<a href=\"https:\/\/bahia.ba\/politica\/senado-rejeita-jorge-messias-e-derruba-indicacao-de-lula-ao-stf-por-42-votos-a-34\/\" target=\"_blank\" rel=\"noopener noreferrer\">\u00a0rejei\u00e7\u00e3o da indica\u00e7\u00e3o de Jorge Messias ao Supremo Tribunal Federal (STF).<\/a>\u00a0As informa\u00e7\u00f5es s\u00e3o da CNN Brasil.<\/p>\n<p>Antes de ir ao encontro de Lula, Wagner disse, ainda no Congresso Nacional, que a derrota foi uma \u201csurpresa\u201d e que esperava entre 44 e 45 votos favor\u00e1veis \u00e0 aprova\u00e7\u00e3o da indica\u00e7\u00e3o.<\/p><div class=\"newsi-conteudo_19\" id=\"newsi-2275003649\"><a href=\"https:\/\/www.instagram.com\/prefeituraalagoinhas?igsh=YzgzdDJ1bWR3aWI4\" aria-label=\"SAVE_20251006_221555\"><img loading=\"lazy\" decoding=\"async\" src=\"https:\/\/newsinfoco.com.br\/inicio\/wp-content\/uploads\/2025\/10\/SAVE_20251006_221555-rotated.jpg\" alt=\"\"  srcset=\"https:\/\/newsinfoco.com.br\/inicio\/wp-content\/uploads\/2025\/10\/SAVE_20251006_221555-rotated.jpg 1140w, https:\/\/newsinfoco.com.br\/inicio\/wp-content\/uploads\/2025\/10\/SAVE_20251006_221555-300x52.jpg 300w, https:\/\/newsinfoco.com.br\/inicio\/wp-content\/uploads\/2025\/10\/SAVE_20251006_221555-1024x177.jpg 1024w, https:\/\/newsinfoco.com.br\/inicio\/wp-content\/uploads\/2025\/10\/SAVE_20251006_221555-768x133.jpg 768w, https:\/\/newsinfoco.com.br\/inicio\/wp-content\/uploads\/2025\/10\/SAVE_20251006_221555-600x104.jpg 600w, https:\/\/newsinfoco.com.br\/inicio\/wp-content\/uploads\/2025\/10\/SAVE_20251006_221555-696x120.jpg 696w, https:\/\/newsinfoco.com.br\/inicio\/wp-content\/uploads\/2025\/10\/SAVE_20251006_221555-1068x185.jpg 1068w\" sizes=\"(max-width: 1140px) 100vw, 1140px\" width=\"1140\" height=\"197\"   \/><\/a><\/div>\n<p>O Senado rejeitou, por 42 votos a 34, a indica\u00e7\u00e3o. Messias precisava de 41 votos para que a sua indica\u00e7\u00e3o fosse aprovada.<\/p>\n<div>\n<div>\n<div class=\"trv-player-container\">\n<div class=\"trv-wrapper\">\n<div id=\"br_video_player_144c1815caeba6e7834fe967007e3f9dc3c659f9\" class=\"trvd_video_player trvdinstream\">\n<div class=\"media-player\">\n<div class=\"trv-video\">\n<div id=\"truvid_ima_container42235\" class=\"truvid_ima_container\">\n<div>\n<div><\/div>\n<\/div>\n<\/div>\n<\/div>\n<\/div>\n<\/div>\n<\/div>\n<\/div>\n<\/div>\n<\/div>\n<p>Jaques Wagner foi criticado por uma ala do governo federal por n\u00e3o ter atuado a favor de Messias e dar um diagn\u00f3stico errado a Lula, tranquilizando o governo e impedindo uma rea\u00e7\u00e3o de uma \u00faltima hora.<\/p>\n<p>Bahia.Ba<\/p>\n<div class='share-to-whatsapp-wrapper'><div class='share-on-whsp'>Share on: <\/div><a data-text='Ap\u00f3s rev\u00e9s no STF, Lula chama Wagner para conversa a portas fechadas' data-link='https:\/\/newsinfoco.com.br\/inicio\/apos-reves-no-stf-lula-chama-wagner-para-conversa-a-portas-fechadas\/' class='whatsapp-button whatsapp-share'>WhatsApp<\/a><div class='clear '><\/div><\/div>","protected":false},"excerpt":{"rendered":"<p>O presidente Luiz In\u00e1cio Lula da Silva (PT) se reuniu com o l\u00edder do governo no Senado, Jaques Wagner (PT), na noite desta quarta-feira (29), logo ap\u00f3s a\u00a0rejei\u00e7\u00e3o da indica\u00e7\u00e3o de Jorge Messias ao Supremo Tribunal Federal (STF).\u00a0As informa\u00e7\u00f5es s\u00e3o da CNN Brasil. Antes de ir ao encontro de Lula, Wagner disse, ainda no Congresso [&hellip;]<\/p>\n","protected":false},"author":1,"featured_media":50424,"comment_status":"closed","ping_status":"closed","sticky":false,"template":"","format":"standard","meta":{"om_disable_all_campaigns":false,"_exactmetrics_skip_tracking":false,"_exactmetrics_sitenote_active":false,"_exactmetrics_sitenote_note":"","_exactmetrics_sitenote_category":0,"footnotes":""},"categories":[21],"tags":[],"class_list":["post-50423","post","type-post","status-publish","format-standard","has-post-thumbnail","hentry","category-brasil"],"aioseo_notices":[],"_links":{"self":[{"href":"https:\/\/newsinfoco.com.br\/inicio\/wp-json\/wp\/v2\/posts\/50423","targetHints":{"allow":["GET"]}}],"collection":[{"href":"https:\/\/newsinfoco.com.br\/inicio\/wp-json\/wp\/v2\/posts"}],"about":[{"href":"https:\/\/newsinfoco.com.br\/inicio\/wp-json\/wp\/v2\/types\/post"}],"author":[{"embeddable":true,"href":"https:\/\/newsinfoco.com.br\/inicio\/wp-json\/wp\/v2\/users\/1"}],"replies":[{"embeddable":true,"href":"https:\/\/newsinfoco.com.br\/inicio\/wp-json\/wp\/v2\/comments?post=50423"}],"version-history":[{"count":1,"href":"https:\/\/newsinfoco.com.br\/inicio\/wp-json\/wp\/v2\/posts\/50423\/revisions"}],"predecessor-version":[{"id":50425,"href":"https:\/\/newsinfoco.com.br\/inicio\/wp-json\/wp\/v2\/posts\/50423\/revisions\/50425"}],"wp:featuredmedia":[{"embeddable":true,"href":"https:\/\/newsinfoco.com.br\/inicio\/wp-json\/wp\/v2\/media\/50424"}],"wp:attachment":[{"href":"https:\/\/newsinfoco.com.br\/inicio\/wp-json\/wp\/v2\/media?parent=50423"}],"wp:term":[{"taxonomy":"category","embeddable":true,"href":"https:\/\/newsinfoco.com.br\/inicio\/wp-json\/wp\/v2\/categories?post=50423"},{"taxonomy":"post_tag","embeddable":true,"href":"https:\/\/newsinfoco.com.br\/inicio\/wp-json\/wp\/v2\/tags?post=50423"}],"curies":[{"name":"wp","href":"https:\/\/api.w.org\/{rel}","templated":true}]}}