{"id":50426,"date":"2026-04-30T12:48:08","date_gmt":"2026-04-30T15:48:08","guid":{"rendered":"https:\/\/newsinfoco.com.br\/inicio\/?p=50426"},"modified":"2026-04-30T12:48:08","modified_gmt":"2026-04-30T15:48:08","slug":"lidice-da-mata-se-disse-desesperancosa-sobre-a-analise-do-veto-ao-pl-da-dosimetria","status":"publish","type":"post","link":"https:\/\/newsinfoco.com.br\/inicio\/lidice-da-mata-se-disse-desesperancosa-sobre-a-analise-do-veto-ao-pl-da-dosimetria\/","title":{"rendered":"L\u00eddice da Mata se disse \u2018desesperan\u00e7osa\u2019 sobre a an\u00e1lise do veto ao PL da dosimetria"},"content":{"rendered":"<div class=\"conteudo_post\">\n<p>A\u00a0<strong>deputada federal L\u00eddice da Mata (PSB) se disse \u201cdesesperan\u00e7osa\u201d<\/strong>\u00a0<strong>sobre a an\u00e1lise do veto ao PL<\/strong>\u00a0(Projeto de Lei) da dosimetria, que\u00a0<a href=\"https:\/\/bahia.ba\/politica\/congresso-analisa-veto-de-lula-ao-pl-da-dosimetria-nesta-quinta-30\/\" target=\"_blank\" rel=\"noopener noreferrer\">est\u00e1 prevista para esta quinta-feira<\/a> (30). A deputada esteve presente na entrega do Residencial Zulmira Barros, do Minha Casa, Minha Vida, em Salvador.<iframe loading=\"lazy\" id=\"truvid_cnt_prebid_trv_iframe69977\" src=\"about:blank\" width=\"1px\" height=\"1px\" frameborder=\"0\" marginwidth=\"0\" marginheight=\"0\" scrolling=\"NO\" data-mce-fragment=\"1\"><\/iframe><\/p>\n<p>Aprovado pela C\u00e2mara e pelo Senado no fim de 2025, o PL da Dosimetria\u00a0<strong>determina regras de como ju\u00edzes devem calcular o tamanho da pena<\/strong>\u00a0com base na gravidade do crime, nos antecedentes e nas circunst\u00e2ncias do caso. A decis\u00e3o no entanto, foi\u00a0<strong>vetada integralmente pelo presidente Lula (PT)<\/strong>, que afirmou que a redu\u00e7\u00e3o daria motivo para aumentar o n\u00famero de crimes contra a ordem democr\u00e1tica \u2013 tendo tamb\u00e9m em vista o impacto que o projeto poderia ter nos casos referentes ao 8 de janeiro de 2023.<\/p><div class=\"newsi-conteudo_19\" id=\"newsi-2698240380\"><a href=\"https:\/\/www.instagram.com\/prefeituraalagoinhas?igsh=YzgzdDJ1bWR3aWI4\" aria-label=\"SAVE_20251006_221555\"><img loading=\"lazy\" decoding=\"async\" src=\"https:\/\/newsinfoco.com.br\/inicio\/wp-content\/uploads\/2025\/10\/SAVE_20251006_221555-rotated.jpg\" alt=\"\"  srcset=\"https:\/\/newsinfoco.com.br\/inicio\/wp-content\/uploads\/2025\/10\/SAVE_20251006_221555-rotated.jpg 1140w, https:\/\/newsinfoco.com.br\/inicio\/wp-content\/uploads\/2025\/10\/SAVE_20251006_221555-300x52.jpg 300w, https:\/\/newsinfoco.com.br\/inicio\/wp-content\/uploads\/2025\/10\/SAVE_20251006_221555-1024x177.jpg 1024w, https:\/\/newsinfoco.com.br\/inicio\/wp-content\/uploads\/2025\/10\/SAVE_20251006_221555-768x133.jpg 768w, https:\/\/newsinfoco.com.br\/inicio\/wp-content\/uploads\/2025\/10\/SAVE_20251006_221555-600x104.jpg 600w, https:\/\/newsinfoco.com.br\/inicio\/wp-content\/uploads\/2025\/10\/SAVE_20251006_221555-696x120.jpg 696w, https:\/\/newsinfoco.com.br\/inicio\/wp-content\/uploads\/2025\/10\/SAVE_20251006_221555-1068x185.jpg 1068w\" sizes=\"(max-width: 1140px) 100vw, 1140px\" width=\"1140\" height=\"197\"   \/><\/a><\/div>\n<p>Esse veto volta para as casas legislativas a fim de ser analisado e, sobre esse processo, a deputada federal respondeu ao\u00a0<a href=\"https:\/\/bahia.ba\/\" target=\"_blank\" rel=\"noopener noreferrer\"><strong>bahia.ba<\/strong><\/a>: \u201cOlha,\u00a0<strong>eu n\u00e3o tenho muita esperan\u00e7a, n\u00e3o, viu? Primeiro porque essa posi\u00e7\u00e3o foi aprovada pela C\u00e2mara e aprovada pelo Senado. Ent\u00e3o, mostra que ela tem uma maioria.\u201d<\/strong>\u00a0L\u00eddice da Mata tamb\u00e9m considera que tende a se fazer a vontade do Senado em vota\u00e7\u00f5es com esse peso, a exemplo do que ocorreu na ter\u00e7a-feira (29), na vota\u00e7\u00e3o para a n\u00e3o\u00a0<a href=\"https:\/\/bahia.ba\/politica\/articulacao-de-alcolumbre-e-flavio-derruba-indicacao-de-messias-ao-stf-diz-colunista\/\" target=\"_blank\" rel=\"noopener noreferrer\">admiss\u00e3o de Jorge Messias para o STF (Supremo Tribunal Federal)<\/a>.<\/p>\n<div>\u201cNo esteio, dessa posi\u00e7\u00e3o de\u00a0<strong>euforia bolsonarista por uma derrota que se imp\u00f4s no parlamento ao presidente Lula, ao governo<\/strong>, eles v\u00e3o querer repetir isso hoje. Uma sess\u00e3o do congresso convocada para uma quinta-feira, que todos sabem que \u00e9 profundamente vazada, ainda mais num per\u00edodo eleitoral, onde voc\u00ea n\u00e3o consegue conter os deputados, sejam de que lado for. Mas na medida em que \u00e9 uma oposi\u00e7\u00e3o ao governo, ela se mobiliza mais para estar presente, e uma vota\u00e7\u00e3o que \u00e9 virtual\u201d.<\/div>\n<div><\/div>\n<div>L\u00eddice da Mata reiterou seu posicionamento\u00a0<strong>contr\u00e1rio \u00e0 realiza\u00e7\u00e3o de vota\u00e7\u00f5es deste tipo \u2013 como vota\u00e7\u00f5es importantes da C\u00e2mara, PEC ou quest\u00f5es importantes a do Congresso Nacional \u2013 de maneira remota<\/strong>\u00a0e disse que, na opini\u00e3o dela \u201co debate se deprime\u201d.<\/div>\n<div><\/div>\n<div>\u201cDiminui e n\u00e3o teria nenhum problema de ser votada na pr\u00f3xima semana na C\u00e2mara e no Senado, no Congresso Nacional, com a participa\u00e7\u00e3o de todos os presentes.\u201d<\/div>\n<\/div>\n<div class=\"item\"><\/div>\n<div>Bahia.Ba<\/div>\n<div class='share-to-whatsapp-wrapper'><div class='share-on-whsp'>Share on: <\/div><a data-text='L\u00eddice da Mata se disse \u2018desesperan\u00e7osa\u2019 sobre a an\u00e1lise do veto ao PL da dosimetria' data-link='https:\/\/newsinfoco.com.br\/inicio\/lidice-da-mata-se-disse-desesperancosa-sobre-a-analise-do-veto-ao-pl-da-dosimetria\/' class='whatsapp-button whatsapp-share'>WhatsApp<\/a><div class='clear '><\/div><\/div>","protected":false},"excerpt":{"rendered":"<p>A\u00a0deputada federal L\u00eddice da Mata (PSB) se disse \u201cdesesperan\u00e7osa\u201d\u00a0sobre a an\u00e1lise do veto ao PL\u00a0(Projeto de Lei) da dosimetria, que\u00a0est\u00e1 prevista para esta quinta-feira (30). A deputada esteve presente na entrega do Residencial Zulmira Barros, do Minha Casa, Minha Vida, em Salvador. Aprovado pela C\u00e2mara e pelo Senado no fim de 2025, o PL da [&hellip;]<\/p>\n","protected":false},"author":1,"featured_media":50427,"comment_status":"closed","ping_status":"closed","sticky":false,"template":"","format":"standard","meta":{"om_disable_all_campaigns":false,"_exactmetrics_skip_tracking":false,"_exactmetrics_sitenote_active":false,"_exactmetrics_sitenote_note":"","_exactmetrics_sitenote_category":0,"footnotes":""},"categories":[19],"tags":[],"class_list":["post-50426","post","type-post","status-publish","format-standard","has-post-thumbnail","hentry","category-bahia"],"aioseo_notices":[],"_links":{"self":[{"href":"https:\/\/newsinfoco.com.br\/inicio\/wp-json\/wp\/v2\/posts\/50426","targetHints":{"allow":["GET"]}}],"collection":[{"href":"https:\/\/newsinfoco.com.br\/inicio\/wp-json\/wp\/v2\/posts"}],"about":[{"href":"https:\/\/newsinfoco.com.br\/inicio\/wp-json\/wp\/v2\/types\/post"}],"author":[{"embeddable":true,"href":"https:\/\/newsinfoco.com.br\/inicio\/wp-json\/wp\/v2\/users\/1"}],"replies":[{"embeddable":true,"href":"https:\/\/newsinfoco.com.br\/inicio\/wp-json\/wp\/v2\/comments?post=50426"}],"version-history":[{"count":1,"href":"https:\/\/newsinfoco.com.br\/inicio\/wp-json\/wp\/v2\/posts\/50426\/revisions"}],"predecessor-version":[{"id":50428,"href":"https:\/\/newsinfoco.com.br\/inicio\/wp-json\/wp\/v2\/posts\/50426\/revisions\/50428"}],"wp:featuredmedia":[{"embeddable":true,"href":"https:\/\/newsinfoco.com.br\/inicio\/wp-json\/wp\/v2\/media\/50427"}],"wp:attachment":[{"href":"https:\/\/newsinfoco.com.br\/inicio\/wp-json\/wp\/v2\/media?parent=50426"}],"wp:term":[{"taxonomy":"category","embeddable":true,"href":"https:\/\/newsinfoco.com.br\/inicio\/wp-json\/wp\/v2\/categories?post=50426"},{"taxonomy":"post_tag","embeddable":true,"href":"https:\/\/newsinfoco.com.br\/inicio\/wp-json\/wp\/v2\/tags?post=50426"}],"curies":[{"name":"wp","href":"https:\/\/api.w.org\/{rel}","templated":true}]}}