{"id":50433,"date":"2026-04-30T13:12:18","date_gmt":"2026-04-30T16:12:18","guid":{"rendered":"https:\/\/newsinfoco.com.br\/inicio\/?p=50433"},"modified":"2026-04-30T13:12:18","modified_gmt":"2026-04-30T16:12:18","slug":"arara-vermelha-grande-volta-a-se-reproduzir-apos-200-anos-de-extincao","status":"publish","type":"post","link":"https:\/\/newsinfoco.com.br\/inicio\/arara-vermelha-grande-volta-a-se-reproduzir-apos-200-anos-de-extincao\/","title":{"rendered":"Arara-vermelha-grande volta a se reproduzir ap\u00f3s 200 anos de extin\u00e7\u00e3o"},"content":{"rendered":"<p>A\u00a0<strong>arara-vermelha-grande (<em>Ara chloropterus<\/em>)<\/strong>\u00a0voltou a se reproduzir ap\u00f3s 200 anos de extin\u00e7\u00e3o. Conquista foi alcan\u00e7ada devido ao\u00a0<strong>Projeto de Reintrodu\u00e7\u00e3o do animal na Mata Atl\u00e2ntica<\/strong>, conduzido pelo<strong>\u00a0Ibama<\/strong>\u00a0(Instituto Brasileiro do Meio Ambiente e dos Recursos Naturais Renov\u00e1veis), em\u00a0<strong>Porto Seguro<\/strong>.<\/p>\n<p>O\u00a0<strong>primeiro nascimento de filhotes da ave<\/strong>\u00a0foi registrado pelo Instituto em abril deste ano, quatro anos ap\u00f3s o in\u00edcio do projeto.<\/p><div class=\"newsi-conteudo_19\" id=\"newsi-1891820476\"><a href=\"https:\/\/www.instagram.com\/prefeituraalagoinhas?igsh=YzgzdDJ1bWR3aWI4\" aria-label=\"SAVE_20251006_221555\"><img loading=\"lazy\" decoding=\"async\" src=\"https:\/\/newsinfoco.com.br\/inicio\/wp-content\/uploads\/2025\/10\/SAVE_20251006_221555-rotated.jpg\" alt=\"\"  srcset=\"https:\/\/newsinfoco.com.br\/inicio\/wp-content\/uploads\/2025\/10\/SAVE_20251006_221555-rotated.jpg 1140w, https:\/\/newsinfoco.com.br\/inicio\/wp-content\/uploads\/2025\/10\/SAVE_20251006_221555-300x52.jpg 300w, https:\/\/newsinfoco.com.br\/inicio\/wp-content\/uploads\/2025\/10\/SAVE_20251006_221555-1024x177.jpg 1024w, https:\/\/newsinfoco.com.br\/inicio\/wp-content\/uploads\/2025\/10\/SAVE_20251006_221555-768x133.jpg 768w, https:\/\/newsinfoco.com.br\/inicio\/wp-content\/uploads\/2025\/10\/SAVE_20251006_221555-600x104.jpg 600w, https:\/\/newsinfoco.com.br\/inicio\/wp-content\/uploads\/2025\/10\/SAVE_20251006_221555-696x120.jpg 696w, https:\/\/newsinfoco.com.br\/inicio\/wp-content\/uploads\/2025\/10\/SAVE_20251006_221555-1068x185.jpg 1068w\" sizes=\"(max-width: 1140px) 100vw, 1140px\" width=\"1140\" height=\"197\"   \/><\/a><\/div>\n<p>Essa \u00e9 a primeira reintrodu\u00e7\u00e3o documentada da esp\u00e9cie no bioma, com registro de filhotes nascidos na natureza ap\u00f3s a sua extin\u00e7\u00e3o no litoral brasileiro, configurando um marco para a conserva\u00e7\u00e3o da Mata Atl\u00e2ntica.<\/p>\n<p>Os indiv\u00edduos utilizados no projeto do Ibama s\u00e3o oriundos de cativeiro, j\u00e1 que, devido ao d<strong>esmatamento e a captura ilegal<\/strong>, as aves passaram a estar extintas em alguns locais do pa\u00eds \u2013 inclusive na Mata Atl\u00e2ntica.<\/p>\n<p>As aradas resgatadas em apreens\u00f5es de combate ao tr\u00e1fico e doadas por entes privados, ao chegarem no Cetas (Centro de Triagem de Animais Silvestres) Porto Seguro, passaram por\u00a0<strong>identifica\u00e7\u00e3o com microchips e anilhas met\u00e1licas<\/strong>, quarentena, avalia\u00e7\u00e3o cl\u00ednica e comportamental e testes sanit\u00e1rios. Em seguida, foram inseridas em\u00a0<strong>viveiros de voo<\/strong>, onde passaram por treinamento\u00a0que inclui condicionamento f\u00edsico, socializa\u00e7\u00e3o e adapta\u00e7\u00e3o ao ambiente natural, com oferta de frutos nativos e instala\u00e7\u00e3o de caixas-ninho artificiais.<\/p>\n<p>A \u00e1rea escolhida para a soltura do primeiro grupo de aves foi\u00a0<strong>um fragmento de Mata Atl\u00e2ntica com cerca de 7 mil hectares em est\u00e1gio avan\u00e7ado de regenera\u00e7\u00e3o<\/strong>, que inclui a Esta\u00e7\u00e3o Veracel, maior Reserva Particular do Patrim\u00f4nio Natural (RPPN) de Mata Atl\u00e2ntica no Nordeste, localizada em Porto Seguro. No local, foram instalados comedouros e caixas-ninho artificiais para facilitar a adapta\u00e7\u00e3o das aves.<\/p>\n<p>O primeiro lote de araras foi solto em 2024. Embora estudos indiquem que o\u00a0<strong>per\u00edodo para reprodu\u00e7\u00e3o possa chegar a cinco anos<\/strong>, foi observado que algumas caixas-ninho j\u00e1 estavam ocupadas no primeiro ano ap\u00f3s a soltura. Em 2026,\u00a0<strong>casais passaram a defender essas estruturas, indicando comportamento reprodutivo<\/strong>.<\/p>\n<p>Segundo a analista ambiental do Ibama e coordenadora do projeto, Ligia Ilg, o monitoramento identificou um casal permanecendo por longos per\u00edodos em uma das caixas-ninho. A equipe optou por acompanhamento \u00e0 dist\u00e2ncia para n\u00e3o interferir no processo. Posteriormente, foi confirmado o nascimento de dois filhotes, que j\u00e1 foram observados voando, sendo alimentados pelos pais e iniciando a explora\u00e7\u00e3o de alimentos de forma independente.<\/p>\n<figure id=\"attachment_532903\" class=\"wp-caption alignright\" aria-describedby=\"caption-attachment-532903\"><img loading=\"lazy\" decoding=\"async\" class=\"wp-image-532903 lazyloaded\" src=\"https:\/\/d1x4bjge7r9nas.cloudfront.net\/wp-content\/uploads\/2026\/04\/30104241\/Capa-Bahia.ba-31-1-300x210.png\" sizes=\"auto, (max-width: 432px) 100vw, 432px\" srcset=\"https:\/\/d1x4bjge7r9nas.cloudfront.net\/wp-content\/uploads\/2026\/04\/30104241\/Capa-Bahia.ba-31-1-300x210.png 300w, https:\/\/d1x4bjge7r9nas.cloudfront.net\/wp-content\/uploads\/2026\/04\/30104241\/Capa-Bahia.ba-31-1-110x76.png 110w, https:\/\/d1x4bjge7r9nas.cloudfront.net\/wp-content\/uploads\/2026\/04\/30104241\/Capa-Bahia.ba-31-1.png 600w\" alt=\"\" width=\"432\" height=\"303\" data-src=\"https:\/\/d1x4bjge7r9nas.cloudfront.net\/wp-content\/uploads\/2026\/04\/30104241\/Capa-Bahia.ba-31-1-300x210.png\" data-srcset=\"https:\/\/d1x4bjge7r9nas.cloudfront.net\/wp-content\/uploads\/2026\/04\/30104241\/Capa-Bahia.ba-31-1-300x210.png 300w, https:\/\/d1x4bjge7r9nas.cloudfront.net\/wp-content\/uploads\/2026\/04\/30104241\/Capa-Bahia.ba-31-1-110x76.png 110w, https:\/\/d1x4bjge7r9nas.cloudfront.net\/wp-content\/uploads\/2026\/04\/30104241\/Capa-Bahia.ba-31-1.png 600w\" data-sizes=\"(max-width: 432px) 100vw, 432px\" \/><figcaption id=\"caption-attachment-532903\" class=\"wp-caption-text\">Filhote de arara-vermelha-grande (Foto: Cetas Porto Seguro\/Ibama)<\/figcaption><\/figure>\n<h3>Da extin\u00e7\u00e3o \u00e0 reintrodu\u00e7\u00e3o<\/h3>\n<p>Originalmente, a arara-vermelha-grande\u00a0<strong>possu\u00eda ampla distribui\u00e7\u00e3o geogr\u00e1fica, ocorrendo em quase todo o Brasil<\/strong>, exceto em alguns estados do Nordeste e do Sul.<\/p>\n<p>A esp\u00e9cie foi\u00a0<strong>registrada na Mata Atl\u00e2ntica desde o ano de 1500, na Carta de Pero Vaz de Caminha<\/strong>, que a descreveu como \u201cpapagaios vermelhos, muito grandes e formosos\u201d. A presen\u00e7a dessas aves na Mata Atl\u00e2ntica baiana tamb\u00e9m foi descrita por viajantes como o pr\u00edncipe Maximiliano de Wied-Neuwied, que registrou sua ocorr\u00eancia entre o Rio Mucuri e Salvador.<\/p>\n<p>Apesar de sua ampla distribui\u00e7\u00e3o hist\u00f3rica, o\u00a0<strong>desmatamento e a captura ilegal levaram \u00e0 extin\u00e7\u00e3o da arara-vermelha-grande em todo o litoral brasileiro<\/strong>.<\/p>\n<p>Atualmente, as popula\u00e7\u00f5es selvagens da esp\u00e9cie est\u00e3o concentradas no interior do pa\u00eds, principalmente nas regi\u00f5es\u00a0<strong>Centro-Oeste e Norte<\/strong>. O projeto do Ibama busca reverter esse cen\u00e1rio, promovendo o retorno da esp\u00e9cie ao litoral brasileiro.<\/p>\n<div>\n<div>\n<div class=\"trv-player-container\">\n<div class=\"trv-wrapper\">\n<div id=\"br_video_player_99cd1e6845f1e28c0513e967007e3f9dc3c659f9\" class=\"trvd_video_player trvdinstream\">\n<div class=\"media-player\">\n<div class=\"trv-video\">\n<div id=\"truvid_ima_container33738\" class=\"truvid_ima_container\">\n<div>\n<div><\/div>\n<\/div>\n<\/div>\n<\/div>\n<\/div>\n<\/div>\n<\/div>\n<\/div>\n<\/div>\n<\/div>\n<p>A experi\u00eancia registrada em abril deste ano contribui para desfazer a ideia de que aves mantidas em cativeiro n\u00e3o conseguem retornar \u00e0 natureza. Segundo Ligia Ilg, registros anteriores j\u00e1 haviam demonstrado a reprodu\u00e7\u00e3o de\u00a0<strong>papagaios-do-mangue e periquitos-rei na natureza, mesmo sendo oriundos de cativeiro<\/strong>. O comportamento natural pode ser recuperado por meio de treinamento e conviv\u00eancia com outros indiv\u00edduos da mesma esp\u00e9cie.<\/p>\n<p>Bahia,Ba<\/p>\n<div class='share-to-whatsapp-wrapper'><div class='share-on-whsp'>Share on: <\/div><a data-text='Arara-vermelha-grande volta a se reproduzir ap\u00f3s 200 anos de extin\u00e7\u00e3o' data-link='https:\/\/newsinfoco.com.br\/inicio\/arara-vermelha-grande-volta-a-se-reproduzir-apos-200-anos-de-extincao\/' class='whatsapp-button whatsapp-share'>WhatsApp<\/a><div class='clear '><\/div><\/div>","protected":false},"excerpt":{"rendered":"<p>A\u00a0arara-vermelha-grande (Ara chloropterus)\u00a0voltou a se reproduzir ap\u00f3s 200 anos de extin\u00e7\u00e3o. Conquista foi alcan\u00e7ada devido ao\u00a0Projeto de Reintrodu\u00e7\u00e3o do animal na Mata Atl\u00e2ntica, conduzido pelo\u00a0Ibama\u00a0(Instituto Brasileiro do Meio Ambiente e dos Recursos Naturais Renov\u00e1veis), em\u00a0Porto Seguro. O\u00a0primeiro nascimento de filhotes da ave\u00a0foi registrado pelo Instituto em abril deste ano, quatro anos ap\u00f3s o in\u00edcio do [&hellip;]<\/p>\n","protected":false},"author":1,"featured_media":50434,"comment_status":"closed","ping_status":"closed","sticky":false,"template":"","format":"standard","meta":{"om_disable_all_campaigns":false,"_exactmetrics_skip_tracking":false,"_exactmetrics_sitenote_active":false,"_exactmetrics_sitenote_note":"","_exactmetrics_sitenote_category":0,"footnotes":""},"categories":[21],"tags":[],"class_list":["post-50433","post","type-post","status-publish","format-standard","has-post-thumbnail","hentry","category-brasil"],"aioseo_notices":[],"_links":{"self":[{"href":"https:\/\/newsinfoco.com.br\/inicio\/wp-json\/wp\/v2\/posts\/50433","targetHints":{"allow":["GET"]}}],"collection":[{"href":"https:\/\/newsinfoco.com.br\/inicio\/wp-json\/wp\/v2\/posts"}],"about":[{"href":"https:\/\/newsinfoco.com.br\/inicio\/wp-json\/wp\/v2\/types\/post"}],"author":[{"embeddable":true,"href":"https:\/\/newsinfoco.com.br\/inicio\/wp-json\/wp\/v2\/users\/1"}],"replies":[{"embeddable":true,"href":"https:\/\/newsinfoco.com.br\/inicio\/wp-json\/wp\/v2\/comments?post=50433"}],"version-history":[{"count":1,"href":"https:\/\/newsinfoco.com.br\/inicio\/wp-json\/wp\/v2\/posts\/50433\/revisions"}],"predecessor-version":[{"id":50435,"href":"https:\/\/newsinfoco.com.br\/inicio\/wp-json\/wp\/v2\/posts\/50433\/revisions\/50435"}],"wp:featuredmedia":[{"embeddable":true,"href":"https:\/\/newsinfoco.com.br\/inicio\/wp-json\/wp\/v2\/media\/50434"}],"wp:attachment":[{"href":"https:\/\/newsinfoco.com.br\/inicio\/wp-json\/wp\/v2\/media?parent=50433"}],"wp:term":[{"taxonomy":"category","embeddable":true,"href":"https:\/\/newsinfoco.com.br\/inicio\/wp-json\/wp\/v2\/categories?post=50433"},{"taxonomy":"post_tag","embeddable":true,"href":"https:\/\/newsinfoco.com.br\/inicio\/wp-json\/wp\/v2\/tags?post=50433"}],"curies":[{"name":"wp","href":"https:\/\/api.w.org\/{rel}","templated":true}]}}