{"id":50436,"date":"2026-04-30T13:31:18","date_gmt":"2026-04-30T16:31:18","guid":{"rendered":"https:\/\/newsinfoco.com.br\/inicio\/?p=50436"},"modified":"2026-04-30T13:31:18","modified_gmt":"2026-04-30T16:31:18","slug":"dia-do-trabalho-lula-fara-pronunciamento-em-cadeia-nacional-nesta-quinta-30","status":"publish","type":"post","link":"https:\/\/newsinfoco.com.br\/inicio\/dia-do-trabalho-lula-fara-pronunciamento-em-cadeia-nacional-nesta-quinta-30\/","title":{"rendered":"Dia do Trabalho: Lula far\u00e1 pronunciamento em cadeia nacional nesta quinta (30)"},"content":{"rendered":"<div class=\"conteudo_post\">\n<p data-start=\"0\" data-end=\"239\">O presidente\u00a0<span class=\"hover:entity-accent entity-underline inline cursor-pointer align-baseline\"><span class=\"whitespace-normal\">Luiz In\u00e1cio Lula da Silva<\/span><\/span>\u00a0(PT) far\u00e1 um pronunciamento em cadeia nacional de r\u00e1dio e televis\u00e3o na noite desta quinta-feira (30), \u00e0s 20h30, em alus\u00e3o ao\u00a0<span class=\"hover:entity-accent entity-underline inline cursor-pointer align-baseline\"><span class=\"whitespace-normal\">Dia do Trabalhador<\/span><\/span>, celebrado em 1\u00ba de maio.<\/p>\n<div>\n<div>\n<div class=\"trv-player-container\">\n<div class=\"trv-wrapper\">\n<div id=\"br_video_player_a6ec8811406f50384cffe967007e3f9dc3c659f9\" class=\"trvd_video_player trvdinstream\"><\/div>\n<\/div>\n<\/div>\n<\/div>\n<\/div>\n<p data-start=\"241\" data-end=\"509\">A fala, prevista para durar pouco mais de cinco minutos, deve destacar pautas relacionadas aos trabalhadores e apresentar detalhes sobre um novo programa do governo federal voltado \u00e0 renegocia\u00e7\u00e3o de d\u00edvidas, cuja divulga\u00e7\u00e3o oficial est\u00e1 prevista para os pr\u00f3ximos dias.<\/p><div class=\"newsi-conteudo_19\" id=\"newsi-1361659995\"><a href=\"https:\/\/www.instagram.com\/prefeituraalagoinhas?igsh=YzgzdDJ1bWR3aWI4\" aria-label=\"SAVE_20251006_221555\"><img loading=\"lazy\" decoding=\"async\" src=\"https:\/\/newsinfoco.com.br\/inicio\/wp-content\/uploads\/2025\/10\/SAVE_20251006_221555-rotated.jpg\" alt=\"\"  srcset=\"https:\/\/newsinfoco.com.br\/inicio\/wp-content\/uploads\/2025\/10\/SAVE_20251006_221555-rotated.jpg 1140w, https:\/\/newsinfoco.com.br\/inicio\/wp-content\/uploads\/2025\/10\/SAVE_20251006_221555-300x52.jpg 300w, https:\/\/newsinfoco.com.br\/inicio\/wp-content\/uploads\/2025\/10\/SAVE_20251006_221555-1024x177.jpg 1024w, https:\/\/newsinfoco.com.br\/inicio\/wp-content\/uploads\/2025\/10\/SAVE_20251006_221555-768x133.jpg 768w, https:\/\/newsinfoco.com.br\/inicio\/wp-content\/uploads\/2025\/10\/SAVE_20251006_221555-600x104.jpg 600w, https:\/\/newsinfoco.com.br\/inicio\/wp-content\/uploads\/2025\/10\/SAVE_20251006_221555-696x120.jpg 696w, https:\/\/newsinfoco.com.br\/inicio\/wp-content\/uploads\/2025\/10\/SAVE_20251006_221555-1068x185.jpg 1068w\" sizes=\"(max-width: 1140px) 100vw, 1140px\" width=\"1140\" height=\"197\"   \/><\/a><\/div>\n<p data-start=\"511\" data-end=\"730\" data-is-last-node=\"\" data-is-only-node=\"\">De acordo com a previs\u00e3o do governo, o discurso n\u00e3o deve tratar da recente rejei\u00e7\u00e3o, pelo Senado, do nome de\u00a0<span class=\"hover:entity-accent entity-underline inline cursor-pointer align-baseline\"><span class=\"whitespace-normal\">Jorge Messias<\/span><\/span>\u00a0para o cargo de ministro do\u00a0<span class=\"hover:entity-accent entity-underline inline cursor-pointer align-baseline\"><span class=\"whitespace-normal\">Supremo Tribunal Federal<\/span><\/span>\u00a0(STF).<\/p>\n<\/div>\n<div id=\"author-info\" class=\"ui items\">\n<div class=\"item\">Bahia.Ba<\/div>\n<\/div>\n<div class='share-to-whatsapp-wrapper'><div class='share-on-whsp'>Share on: <\/div><a data-text='Dia do Trabalho: Lula far\u00e1 pronunciamento em cadeia nacional nesta quinta (30)' data-link='https:\/\/newsinfoco.com.br\/inicio\/dia-do-trabalho-lula-fara-pronunciamento-em-cadeia-nacional-nesta-quinta-30\/' class='whatsapp-button whatsapp-share'>WhatsApp<\/a><div class='clear '><\/div><\/div>","protected":false},"excerpt":{"rendered":"<p>O presidente\u00a0Luiz In\u00e1cio Lula da Silva\u00a0(PT) far\u00e1 um pronunciamento em cadeia nacional de r\u00e1dio e televis\u00e3o na noite desta quinta-feira (30), \u00e0s 20h30, em alus\u00e3o ao\u00a0Dia do Trabalhador, celebrado em 1\u00ba de maio. A fala, prevista para durar pouco mais de cinco minutos, deve destacar pautas relacionadas aos trabalhadores e apresentar detalhes sobre um novo [&hellip;]<\/p>\n","protected":false},"author":1,"featured_media":50437,"comment_status":"closed","ping_status":"closed","sticky":false,"template":"","format":"standard","meta":{"om_disable_all_campaigns":false,"_exactmetrics_skip_tracking":false,"_exactmetrics_sitenote_active":false,"_exactmetrics_sitenote_note":"","_exactmetrics_sitenote_category":0,"footnotes":""},"categories":[21],"tags":[],"class_list":["post-50436","post","type-post","status-publish","format-standard","has-post-thumbnail","hentry","category-brasil"],"aioseo_notices":[],"_links":{"self":[{"href":"https:\/\/newsinfoco.com.br\/inicio\/wp-json\/wp\/v2\/posts\/50436","targetHints":{"allow":["GET"]}}],"collection":[{"href":"https:\/\/newsinfoco.com.br\/inicio\/wp-json\/wp\/v2\/posts"}],"about":[{"href":"https:\/\/newsinfoco.com.br\/inicio\/wp-json\/wp\/v2\/types\/post"}],"author":[{"embeddable":true,"href":"https:\/\/newsinfoco.com.br\/inicio\/wp-json\/wp\/v2\/users\/1"}],"replies":[{"embeddable":true,"href":"https:\/\/newsinfoco.com.br\/inicio\/wp-json\/wp\/v2\/comments?post=50436"}],"version-history":[{"count":1,"href":"https:\/\/newsinfoco.com.br\/inicio\/wp-json\/wp\/v2\/posts\/50436\/revisions"}],"predecessor-version":[{"id":50438,"href":"https:\/\/newsinfoco.com.br\/inicio\/wp-json\/wp\/v2\/posts\/50436\/revisions\/50438"}],"wp:featuredmedia":[{"embeddable":true,"href":"https:\/\/newsinfoco.com.br\/inicio\/wp-json\/wp\/v2\/media\/50437"}],"wp:attachment":[{"href":"https:\/\/newsinfoco.com.br\/inicio\/wp-json\/wp\/v2\/media?parent=50436"}],"wp:term":[{"taxonomy":"category","embeddable":true,"href":"https:\/\/newsinfoco.com.br\/inicio\/wp-json\/wp\/v2\/categories?post=50436"},{"taxonomy":"post_tag","embeddable":true,"href":"https:\/\/newsinfoco.com.br\/inicio\/wp-json\/wp\/v2\/tags?post=50436"}],"curies":[{"name":"wp","href":"https:\/\/api.w.org\/{rel}","templated":true}]}}