{"id":50440,"date":"2026-04-30T13:39:35","date_gmt":"2026-04-30T16:39:35","guid":{"rendered":"https:\/\/newsinfoco.com.br\/inicio\/?p=50440"},"modified":"2026-04-30T13:39:35","modified_gmt":"2026-04-30T16:39:35","slug":"medo-do-banco-master-impactou-na-votacao-de-jorge-messias-diz-bacelar","status":"publish","type":"post","link":"https:\/\/newsinfoco.com.br\/inicio\/medo-do-banco-master-impactou-na-votacao-de-jorge-messias-diz-bacelar\/","title":{"rendered":"\u2018Medo do Banco Master\u2019 impactou na vota\u00e7\u00e3o de Jorge Messias, diz Bacelar"},"content":{"rendered":"<div class=\"conteudo_post\">\n<p>O<strong>\u00a0deputado federal Jo\u00e3o Carlos Bacelar (PV)<\/strong>\u00a0considera que\u00a0<strong>\u201cmedo do Banco Master\u201d<\/strong>\u00a0impactou na\u00a0<strong>vota\u00e7\u00e3o de Jorge Messias para o STF<\/strong>\u00a0(Supremo Tribunal Federal). Bacelar foi um dos pol\u00edticos presentes na entrega do Residencial Zulmira Barros, do Minha Casa, Minha Vida, em Salvador, nesta quinta-feira (30).<\/p>\n<p>Em conversa com jornalistas, Bacelar afirmou que a\u00a0<strong><a href=\"https:\/\/bahia.ba\/politica\/senado-rejeita-jorge-messias-e-derruba-indicacao-de-lula-ao-stf-por-42-votos-a-34\/\" target=\"_blank\" rel=\"noopener noreferrer\">n\u00e3o vota\u00e7\u00e3o de Jorge Messias<\/a>\u00a0para ministro do STF<\/strong>\u00a0foi uma derrota, mas que a bancada de aliados de Lula (PT) reduzida na C\u00e2mara definiu o resultado.<\/p><div class=\"newsi-conteudo_19\" id=\"newsi-170706114\"><a href=\"https:\/\/www.instagram.com\/prefeituraalagoinhas?igsh=YzgzdDJ1bWR3aWI4\" aria-label=\"SAVE_20251006_221555\"><img loading=\"lazy\" decoding=\"async\" src=\"https:\/\/newsinfoco.com.br\/inicio\/wp-content\/uploads\/2025\/10\/SAVE_20251006_221555-rotated.jpg\" alt=\"\"  srcset=\"https:\/\/newsinfoco.com.br\/inicio\/wp-content\/uploads\/2025\/10\/SAVE_20251006_221555-rotated.jpg 1140w, https:\/\/newsinfoco.com.br\/inicio\/wp-content\/uploads\/2025\/10\/SAVE_20251006_221555-300x52.jpg 300w, https:\/\/newsinfoco.com.br\/inicio\/wp-content\/uploads\/2025\/10\/SAVE_20251006_221555-1024x177.jpg 1024w, https:\/\/newsinfoco.com.br\/inicio\/wp-content\/uploads\/2025\/10\/SAVE_20251006_221555-768x133.jpg 768w, https:\/\/newsinfoco.com.br\/inicio\/wp-content\/uploads\/2025\/10\/SAVE_20251006_221555-600x104.jpg 600w, https:\/\/newsinfoco.com.br\/inicio\/wp-content\/uploads\/2025\/10\/SAVE_20251006_221555-696x120.jpg 696w, https:\/\/newsinfoco.com.br\/inicio\/wp-content\/uploads\/2025\/10\/SAVE_20251006_221555-1068x185.jpg 1068w\" sizes=\"(max-width: 1140px) 100vw, 1140px\" width=\"1140\" height=\"197\"   \/><\/a><\/div>\n<p>\u201cDeputado raiz mesmo, eu acho que a gente s\u00f3 conta com uns 110, 115 e houve uma forte articula\u00e7\u00e3o do no Senado, falam no presidente pedindo votos, do presidente Davi; e tamb\u00e9m de que setores do STF interferiram. \u00c9 o medo do Banco Master\u201d, disse Bacelar.<\/p>\n<p>O deputado negou que haja uma crise institucional envolvendo os tr\u00eas poderes, mas revelou que, devido \u00e0 bancada reduzida, as articula\u00e7\u00f5es acabam exigindo muita negocia\u00e7\u00e3o e<strong>\u00a0muito envolvimento pessoal da presid\u00eancia da Rep\u00fablica<\/strong>. \u201cA popula\u00e7\u00e3o brasileira precisa casar o seu voto de presidente e de governador com representantes que sigam a mesma linha no legislativo\u201d.<\/p>\n<p>O deputado considera que, apesar da derrota,\u00a0<strong>a vota\u00e7\u00e3o de quarta-feira (29) n\u00e3o deve impactar nas elei\u00e7\u00f5es<\/strong>, j\u00e1 que, segundo ele, o eleitor comum n\u00e3o se preocupa com quem s\u00e3o os ministros do STF.\u00a0\u201cAcho que o STF perdeu um grande ministro, ministro com curr\u00edculo adequado, at\u00e9 conservador para meu o ponto de vista, mas que seria um grande ministro. Perde pra essa articula\u00e7\u00e3o centr\u00e3o-bolsonarismo, o que h\u00e1 de ruim no Brasil.\u201d<\/p>\n<p><a href=\"https:\/\/bahia.ba\/politica\/lidice-da-mata-se-disse-desesperancosa-sobre-a-analise-do-veto-ao-pl-da-dosimetria\/\" target=\"_blank\" rel=\"noopener noreferrer\">Assim como L\u00eddice da Mata (PSB)<\/a>, Bacelar tamb\u00e9m n\u00e3o acredita na manuten\u00e7\u00e3o do veto ao PL da dosimetria \u2013 que estar\u00e1 em an\u00e1lise hoje. O deputado federal acredita que a problem\u00e1tica da quest\u00e3o n\u00e3o est\u00e1 apenas no aspecto pol\u00edtico, mas tamb\u00e9m legal.<\/p>\n<p>\u201cDerrubar esse veto significa abrir as portas da pris\u00e3o para estupradores, para ped\u00f3filos, enfim, alterar o C\u00f3digo Penal brasileiro. \u00c9 um absurdo que o bolsonarismo quer fazer. O meu voto \u00e9 um voto favor\u00e1vel ao veto e espero que, pelo menos, n\u00f3s impe\u00e7amos de que atinja o qu\u00f3rum necess\u00e1rio para a derrubada do veto, que s\u00e3o cerca de 257 votos.\u201d<\/p>\n<\/div>\n<div id=\"author-info\" class=\"ui items\">\n<div class=\"item\">Bahia.Ba<\/div>\n<\/div>\n<div class='share-to-whatsapp-wrapper'><div class='share-on-whsp'>Share on: <\/div><a data-text='\u2018Medo do Banco Master\u2019 impactou na vota\u00e7\u00e3o de Jorge Messias, diz Bacelar' data-link='https:\/\/newsinfoco.com.br\/inicio\/medo-do-banco-master-impactou-na-votacao-de-jorge-messias-diz-bacelar\/' class='whatsapp-button whatsapp-share'>WhatsApp<\/a><div class='clear '><\/div><\/div>","protected":false},"excerpt":{"rendered":"<p>O\u00a0deputado federal Jo\u00e3o Carlos Bacelar (PV)\u00a0considera que\u00a0\u201cmedo do Banco Master\u201d\u00a0impactou na\u00a0vota\u00e7\u00e3o de Jorge Messias para o STF\u00a0(Supremo Tribunal Federal). Bacelar foi um dos pol\u00edticos presentes na entrega do Residencial Zulmira Barros, do Minha Casa, Minha Vida, em Salvador, nesta quinta-feira (30). Em conversa com jornalistas, Bacelar afirmou que a\u00a0n\u00e3o vota\u00e7\u00e3o de Jorge Messias\u00a0para ministro do [&hellip;]<\/p>\n","protected":false},"author":1,"featured_media":50441,"comment_status":"closed","ping_status":"closed","sticky":false,"template":"","format":"standard","meta":{"om_disable_all_campaigns":false,"_exactmetrics_skip_tracking":false,"_exactmetrics_sitenote_active":false,"_exactmetrics_sitenote_note":"","_exactmetrics_sitenote_category":0,"footnotes":""},"categories":[19],"tags":[],"class_list":["post-50440","post","type-post","status-publish","format-standard","has-post-thumbnail","hentry","category-bahia"],"aioseo_notices":[],"_links":{"self":[{"href":"https:\/\/newsinfoco.com.br\/inicio\/wp-json\/wp\/v2\/posts\/50440","targetHints":{"allow":["GET"]}}],"collection":[{"href":"https:\/\/newsinfoco.com.br\/inicio\/wp-json\/wp\/v2\/posts"}],"about":[{"href":"https:\/\/newsinfoco.com.br\/inicio\/wp-json\/wp\/v2\/types\/post"}],"author":[{"embeddable":true,"href":"https:\/\/newsinfoco.com.br\/inicio\/wp-json\/wp\/v2\/users\/1"}],"replies":[{"embeddable":true,"href":"https:\/\/newsinfoco.com.br\/inicio\/wp-json\/wp\/v2\/comments?post=50440"}],"version-history":[{"count":2,"href":"https:\/\/newsinfoco.com.br\/inicio\/wp-json\/wp\/v2\/posts\/50440\/revisions"}],"predecessor-version":[{"id":50443,"href":"https:\/\/newsinfoco.com.br\/inicio\/wp-json\/wp\/v2\/posts\/50440\/revisions\/50443"}],"wp:featuredmedia":[{"embeddable":true,"href":"https:\/\/newsinfoco.com.br\/inicio\/wp-json\/wp\/v2\/media\/50441"}],"wp:attachment":[{"href":"https:\/\/newsinfoco.com.br\/inicio\/wp-json\/wp\/v2\/media?parent=50440"}],"wp:term":[{"taxonomy":"category","embeddable":true,"href":"https:\/\/newsinfoco.com.br\/inicio\/wp-json\/wp\/v2\/categories?post=50440"},{"taxonomy":"post_tag","embeddable":true,"href":"https:\/\/newsinfoco.com.br\/inicio\/wp-json\/wp\/v2\/tags?post=50440"}],"curies":[{"name":"wp","href":"https:\/\/api.w.org\/{rel}","templated":true}]}}