{"id":50444,"date":"2026-04-30T13:49:29","date_gmt":"2026-04-30T16:49:29","guid":{"rendered":"https:\/\/newsinfoco.com.br\/inicio\/?p=50444"},"modified":"2026-04-30T13:49:29","modified_gmt":"2026-04-30T16:49:29","slug":"semterra-estreia-em-salvador-com-instalacao-performativa-sobre-memoria","status":"publish","type":"post","link":"https:\/\/newsinfoco.com.br\/inicio\/semterra-estreia-em-salvador-com-instalacao-performativa-sobre-memoria\/","title":{"rendered":"\u2018SEM:TERRA\u2019 estreia em Salvador com instala\u00e7\u00e3o performativa sobre mem\u00f3ria"},"content":{"rendered":"<div class=\"conteudo_post\">\n<p data-start=\"263\" data-end=\"671\">Entre terra revolvida e corpos em deslocamento, \u201c<em><strong>SEM:TERRA<\/strong><\/em>\u201d emerge como um rito c\u00eanico que convoca mem\u00f3ria, conflito e sonho coletivo.<\/p>\n<p data-start=\"263\" data-end=\"671\">A nova pe\u00e7a performativa do\u00a0<strong>COATO Coletivo<\/strong>\u00a0estreia em Salvador como parte do projeto\u00a0<strong><em data-start=\"505\" data-end=\"548\">Territ\u00f3rio Expandido: Arte Local e Global<\/em><\/strong>, ocupando o\u00a0<strong>Espa\u00e7o Cultural da Barroquinha<\/strong>, com temporada de\u00a0<strong>8 a 17 de maio<\/strong>, sempre \u00e0s 19h (com exce\u00e7\u00e3o dos dias 10 e 11).<\/p><div class=\"newsi-conteudo_19\" id=\"newsi-3866002340\"><a href=\"https:\/\/www.instagram.com\/prefeituraalagoinhas?igsh=YzgzdDJ1bWR3aWI4\" aria-label=\"SAVE_20251006_221555\"><img loading=\"lazy\" decoding=\"async\" src=\"https:\/\/newsinfoco.com.br\/inicio\/wp-content\/uploads\/2025\/10\/SAVE_20251006_221555-rotated.jpg\" alt=\"\"  srcset=\"https:\/\/newsinfoco.com.br\/inicio\/wp-content\/uploads\/2025\/10\/SAVE_20251006_221555-rotated.jpg 1140w, https:\/\/newsinfoco.com.br\/inicio\/wp-content\/uploads\/2025\/10\/SAVE_20251006_221555-300x52.jpg 300w, https:\/\/newsinfoco.com.br\/inicio\/wp-content\/uploads\/2025\/10\/SAVE_20251006_221555-1024x177.jpg 1024w, https:\/\/newsinfoco.com.br\/inicio\/wp-content\/uploads\/2025\/10\/SAVE_20251006_221555-768x133.jpg 768w, https:\/\/newsinfoco.com.br\/inicio\/wp-content\/uploads\/2025\/10\/SAVE_20251006_221555-600x104.jpg 600w, https:\/\/newsinfoco.com.br\/inicio\/wp-content\/uploads\/2025\/10\/SAVE_20251006_221555-696x120.jpg 696w, https:\/\/newsinfoco.com.br\/inicio\/wp-content\/uploads\/2025\/10\/SAVE_20251006_221555-1068x185.jpg 1068w\" sizes=\"(max-width: 1140px) 100vw, 1140px\" width=\"1140\" height=\"197\"   \/><\/a><\/div>\n<p data-start=\"673\" data-end=\"985\">Em cena, uma instala\u00e7\u00e3o performativa tensiona a rela\u00e7\u00e3o entre humanidade e terra, propondo ao p\u00fablico uma travessia sens\u00edvel por disputas, mem\u00f3rias e utopias. Os ingressos custam a partir de R$ 10 e est\u00e3o dispon\u00edveis no Sympla. Algumas sess\u00f5es contam com recursos de acessibilidade, como audiodescri\u00e7\u00e3o e Libras.<\/p>\n<p data-start=\"987\" data-end=\"1274\">A obra \u2014 lida como \u201cSem dois pontos Terra\u201d \u2014 integra a segunda etapa do projeto\u00a0<strong><em data-start=\"1067\" data-end=\"1089\">Territ\u00f3rio Expandido<\/em><\/strong>, iniciativa que marca uma nova fase para o COATO ao representar seu primeiro edital de manuten\u00e7\u00e3o. A proposta articula arte, pol\u00edtica e presen\u00e7a, conectando dimens\u00f5es locais e globais.<\/p>\n<p data-start=\"1276\" data-end=\"1555\">Nessa \u201ccaminhada\u201d em busca da expans\u00e3o do corpo-territ\u00f3rio, o espet\u00e1culo re\u00fane os performers Ana Brand\u00e3o (SP), Bernardo Oliveira (BA), Danilo Lima (BA), Ixchel Castro (M\u00e9xico), Marcus Lobo (BA), Mario Oliveira (PE), Mirela Gonzalez (RS), Natielly Santos (BA) e Thiago Cohen (SP).<\/p>\n<h4 data-start=\"1557\" data-end=\"1946\">Conceito e dramaturgia<\/h4>\n<p data-start=\"1557\" data-end=\"1946\">Concebida como uma cria\u00e7\u00e3o coletiva, \u201cSEM:TERRA\u201d se desenvolve a partir de uma instala\u00e7\u00e3o c\u00eanica que prop\u00f5e um reencontro humano e art\u00edstico. A obra aborda, de forma po\u00e9tica e cr\u00edtica, as complexas rela\u00e7\u00f5es entre o ser humano e o territ\u00f3rio, transitando entre uso, disputa, ocupa\u00e7\u00e3o e explora\u00e7\u00e3o da terra, ao mesmo tempo em que celebra a Terra como origem de tudo.<\/p>\n<p data-start=\"1948\" data-end=\"2336\">A dramaturgia se organiza em tr\u00eas blocos performativo-narrativos que se sobrep\u00f5em como camadas de um mesmo territ\u00f3rio simb\u00f3lico, assinados coletivamente por Bernardo Oliveira, Ixchel Castro, Natielly Santos e Marcus Lobo. No primeiro movimento, a cena reflete sobre o percurso dos povos at\u00e9 a crise contempor\u00e2nea, com imagens que recriam paisagens de resist\u00eancia, precariedade e trabalho.<\/p>\n<p data-start=\"2338\" data-end=\"2643\">No segundo momento, instala-se um jogo c\u00eanico que dialoga com os grandes espet\u00e1culos midi\u00e1ticos e a l\u00f3gica da representa\u00e7\u00e3o social. Personagens-arqu\u00e9tipos, em chave brechtiana, evidenciam pap\u00e9is impostos pelo sistema, enquanto o p\u00fablico \u00e9 convidado a participar ativamente, influenciando decis\u00f5es em cena.<\/p>\n<p data-start=\"2645\" data-end=\"2964\">J\u00e1 o terceiro bloco mergulha no campo da mem\u00f3ria e da utopia coletiva. Sob uma lona preta, surgem imagens que evocam sonhos compartilhados, aus\u00eancias e resist\u00eancias. A obra aposta no sonho como gesto pol\u00edtico e po\u00e9tico de reinven\u00e7\u00e3o do mundo, inspirada na ideia de um \u201cmar de fogueirinhas\u201d, do escritor Eduardo Galeano.<\/p>\n<h4 data-start=\"2966\" data-end=\"3352\">Projeto e trajet\u00f3ria<\/h4>\n<p data-start=\"2966\" data-end=\"3352\">\u201c<strong>SEM:TERRA<\/strong>\u201d integra o projeto\u00a0<strong><em data-start=\"3019\" data-end=\"3062\">Territ\u00f3rio Expandido: Arte Local e Global<\/em><\/strong>, que reafirma a arte como pr\u00e1tica de presen\u00e7a, perman\u00eancia e ocupa\u00e7\u00e3o simb\u00f3lica dos territ\u00f3rios. A iniciativa teve in\u00edcio com a circula\u00e7\u00e3o do espet\u00e1culo\u00a0<em data-start=\"3216\" data-end=\"3252\">Arquivo 64\/15 \u2013 Por\u00f5es da Ditadura<\/em>\u00a0em cidades baianas e incluiu a\u00e7\u00f5es formativas como o Lab.Ex \u2013 Laborat\u00f3rio de Experimenta\u00e7\u00e3o C\u00eanica.<\/p>\n<div>\n<div>\n<div class=\"trv-player-container\">\n<div class=\"trv-wrapper\">\n<div id=\"br_video_player_20ac22b8517b3c0542f9e967007e3f9dc3c659f9\" class=\"trvd_video_player trvdinstream\"><\/div>\n<\/div>\n<\/div>\n<\/div>\n<\/div>\n<p data-start=\"3354\" data-end=\"3522\">A primeira etapa foi conclu\u00edda em janeiro de 2026 com o\u00a0<em data-start=\"3410\" data-end=\"3436\">Liquidificador de M\u00eddias<\/em>, realizado na Casa do Benin, consolidando um eixo de circula\u00e7\u00e3o, forma\u00e7\u00e3o e encontro.<\/p>\n<p data-start=\"3524\" data-end=\"3953\" data-is-last-node=\"\" data-is-only-node=\"\">Fundado em 2013 na Escola de Teatro da UFBA, o COATO Coletivo construiu uma trajet\u00f3ria marcada pela cria\u00e7\u00e3o colaborativa e pelo di\u00e1logo entre arte e pol\u00edtica. Entre seus trabalhos est\u00e3o\u00a0<em data-start=\"3710\" data-end=\"3731\">Estrelas Derramadas<\/em>\u00a0(2013),\u00a0<em data-start=\"3740\" data-end=\"3776\">Arquivo 64\/15 \u2013 Por\u00f5es da Ditadura<\/em>\u00a0(2015),\u00a0<em data-start=\"3785\" data-end=\"3791\">Ma\u00e7\u00e3<\/em>\u00a0(2016),\u00a0<em data-start=\"3800\" data-end=\"3812\">Eu \u00e9 Outro<\/em>\u00a0(2017),\u00a0<em data-start=\"3821\" data-end=\"3832\">Norte\/Sur<\/em>\u00a0(2017) e\u00a0<em data-start=\"3842\" data-end=\"3852\">Inimigos<\/em>\u00a0(2021). O grupo tamb\u00e9m realiza o Festival Estudantil de Artes C\u00eanicas da Bahia (FESTAC), desde 2017.<\/p>\n<p data-start=\"3524\" data-end=\"3953\" data-is-last-node=\"\" data-is-only-node=\"\">Bahia.Ba<\/p>\n<\/div>\n<div id=\"author-info\" class=\"ui items\">\n<div class=\"item\"><\/div>\n<\/div>\n<div class='share-to-whatsapp-wrapper'><div class='share-on-whsp'>Share on: <\/div><a data-text='\u2018SEM:TERRA\u2019 estreia em Salvador com instala\u00e7\u00e3o performativa sobre mem\u00f3ria' data-link='https:\/\/newsinfoco.com.br\/inicio\/semterra-estreia-em-salvador-com-instalacao-performativa-sobre-memoria\/' class='whatsapp-button whatsapp-share'>WhatsApp<\/a><div class='clear '><\/div><\/div>","protected":false},"excerpt":{"rendered":"<p>Entre terra revolvida e corpos em deslocamento, \u201cSEM:TERRA\u201d emerge como um rito c\u00eanico que convoca mem\u00f3ria, conflito e sonho coletivo. A nova pe\u00e7a performativa do\u00a0COATO Coletivo\u00a0estreia em Salvador como parte do projeto\u00a0Territ\u00f3rio Expandido: Arte Local e Global, ocupando o\u00a0Espa\u00e7o Cultural da Barroquinha, com temporada de\u00a08 a 17 de maio, sempre \u00e0s 19h (com exce\u00e7\u00e3o dos [&hellip;]<\/p>\n","protected":false},"author":1,"featured_media":50445,"comment_status":"closed","ping_status":"closed","sticky":false,"template":"","format":"standard","meta":{"om_disable_all_campaigns":false,"_exactmetrics_skip_tracking":false,"_exactmetrics_sitenote_active":false,"_exactmetrics_sitenote_note":"","_exactmetrics_sitenote_category":0,"footnotes":""},"categories":[19],"tags":[],"class_list":["post-50444","post","type-post","status-publish","format-standard","has-post-thumbnail","hentry","category-bahia"],"aioseo_notices":[],"_links":{"self":[{"href":"https:\/\/newsinfoco.com.br\/inicio\/wp-json\/wp\/v2\/posts\/50444","targetHints":{"allow":["GET"]}}],"collection":[{"href":"https:\/\/newsinfoco.com.br\/inicio\/wp-json\/wp\/v2\/posts"}],"about":[{"href":"https:\/\/newsinfoco.com.br\/inicio\/wp-json\/wp\/v2\/types\/post"}],"author":[{"embeddable":true,"href":"https:\/\/newsinfoco.com.br\/inicio\/wp-json\/wp\/v2\/users\/1"}],"replies":[{"embeddable":true,"href":"https:\/\/newsinfoco.com.br\/inicio\/wp-json\/wp\/v2\/comments?post=50444"}],"version-history":[{"count":1,"href":"https:\/\/newsinfoco.com.br\/inicio\/wp-json\/wp\/v2\/posts\/50444\/revisions"}],"predecessor-version":[{"id":50446,"href":"https:\/\/newsinfoco.com.br\/inicio\/wp-json\/wp\/v2\/posts\/50444\/revisions\/50446"}],"wp:featuredmedia":[{"embeddable":true,"href":"https:\/\/newsinfoco.com.br\/inicio\/wp-json\/wp\/v2\/media\/50445"}],"wp:attachment":[{"href":"https:\/\/newsinfoco.com.br\/inicio\/wp-json\/wp\/v2\/media?parent=50444"}],"wp:term":[{"taxonomy":"category","embeddable":true,"href":"https:\/\/newsinfoco.com.br\/inicio\/wp-json\/wp\/v2\/categories?post=50444"},{"taxonomy":"post_tag","embeddable":true,"href":"https:\/\/newsinfoco.com.br\/inicio\/wp-json\/wp\/v2\/tags?post=50444"}],"curies":[{"name":"wp","href":"https:\/\/api.w.org\/{rel}","templated":true}]}}