{"id":50447,"date":"2026-04-30T14:12:28","date_gmt":"2026-04-30T17:12:28","guid":{"rendered":"https:\/\/newsinfoco.com.br\/inicio\/?p=50447"},"modified":"2026-04-30T14:12:28","modified_gmt":"2026-04-30T17:12:28","slug":"articulacao-de-alcolumbre-e-flavio-derruba-indicacao-de-messias-ao-stf-diz-colunista","status":"publish","type":"post","link":"https:\/\/newsinfoco.com.br\/inicio\/articulacao-de-alcolumbre-e-flavio-derruba-indicacao-de-messias-ao-stf-diz-colunista\/","title":{"rendered":"Articula\u00e7\u00e3o de Alcolumbre e Fl\u00e1vio derruba indica\u00e7\u00e3o de Messias ao STF, diz colunista"},"content":{"rendered":"<div class=\"conteudo_post\">\n<p><a href=\"https:\/\/bahia.ba\/politica\/senado-rejeita-jorge-messias-e-derruba-indicacao-de-lula-ao-stf-por-42-votos-a-34\/\" target=\"_blank\" rel=\"noopener noreferrer\"><strong>A rejei\u00e7\u00e3o do advogado-geral da Uni\u00e3o, Jorge Messias<\/strong><\/a>, para uma vaga no Supremo Tribunal Federal (STF) foi resultado de uma forte articula\u00e7\u00e3o pol\u00edtica no Senado Federal. O movimento envolveu integrantes da oposi\u00e7\u00e3o ligados ao ex-presidente Jair Bolsonaro, com atua\u00e7\u00e3o do senador Fl\u00e1vio Bolsonaro (PL-RJ).<\/p>\n<p>O presidente da Casa, Davi Alcolumbre (Uni\u00e3o-AP), tamb\u00e9m trabalhou nos bastidores para consolidar a derrota da indica\u00e7\u00e3o feita pelo presidente Luiz In\u00e1cio Lula da Silva (PT). A informa\u00e7\u00e3o \u00e9 da colunista\u00a0<em>Malu Gaspar<\/em>, de\u00a0<em>O Globo<\/em>.<\/p><div class=\"newsi-conteudo_19\" id=\"newsi-4149940627\"><a href=\"https:\/\/www.instagram.com\/prefeituraalagoinhas?igsh=YzgzdDJ1bWR3aWI4\" aria-label=\"SAVE_20251006_221555\"><img loading=\"lazy\" decoding=\"async\" src=\"https:\/\/newsinfoco.com.br\/inicio\/wp-content\/uploads\/2025\/10\/SAVE_20251006_221555-rotated.jpg\" alt=\"\"  srcset=\"https:\/\/newsinfoco.com.br\/inicio\/wp-content\/uploads\/2025\/10\/SAVE_20251006_221555-rotated.jpg 1140w, https:\/\/newsinfoco.com.br\/inicio\/wp-content\/uploads\/2025\/10\/SAVE_20251006_221555-300x52.jpg 300w, https:\/\/newsinfoco.com.br\/inicio\/wp-content\/uploads\/2025\/10\/SAVE_20251006_221555-1024x177.jpg 1024w, https:\/\/newsinfoco.com.br\/inicio\/wp-content\/uploads\/2025\/10\/SAVE_20251006_221555-768x133.jpg 768w, https:\/\/newsinfoco.com.br\/inicio\/wp-content\/uploads\/2025\/10\/SAVE_20251006_221555-600x104.jpg 600w, https:\/\/newsinfoco.com.br\/inicio\/wp-content\/uploads\/2025\/10\/SAVE_20251006_221555-696x120.jpg 696w, https:\/\/newsinfoco.com.br\/inicio\/wp-content\/uploads\/2025\/10\/SAVE_20251006_221555-1068x185.jpg 1068w\" sizes=\"(max-width: 1140px) 100vw, 1140px\" width=\"1140\" height=\"197\"   \/><\/a><\/div>\n<p>Messias recebeu 34 votos favor\u00e1veis \u2013 sete a menos que os 41 necess\u00e1rios \u2013 enquanto 42 senadores votaram contra. O resultado surpreendeu at\u00e9 aliados do governo e representa um epis\u00f3dio raro: antes disso, apenas indica\u00e7\u00f5es feitas no governo de Floriano Peixoto, em 1894, haviam sido rejeitadas pelo Senado.<\/p>\n<p>Segundo relatos de bastidores, Alcolumbre passou os dias anteriores \u00e0 vota\u00e7\u00e3o pedindo votos contr\u00e1rios \u00e0 indica\u00e7\u00e3o e conversando com lideran\u00e7as, sobretudo do Centr\u00e3o e senadores independentes. A interlocutores, ele chegou a afirmar que aquele seria \u201cum dia hist\u00f3rico\u201d.<\/p>\n<p>Entre os alvos das articula\u00e7\u00f5es esteve o senador Ciro Nogueira, presidente do Progressistas, que havia declarado apoio a Messias, mas foi pressionado a conter votos favor\u00e1veis dentro da bancada.<\/p>\n<p><strong>Atua\u00e7\u00e3o da oposi\u00e7\u00e3o<\/strong><\/p>\n<p>Al\u00e9m da articula\u00e7\u00e3o de Alcolumbre, o senador Fl\u00e1vio Bolsonaro tamb\u00e9m atuou diretamente para convencer parlamentares. Ele participou de reuni\u00f5es com grupos de senadores e defendeu que a aprova\u00e7\u00e3o de Messias poderia ampliar a politiza\u00e7\u00e3o do STF.<\/p>\n<p>Aliados da oposi\u00e7\u00e3o avaliaram que a rejei\u00e7\u00e3o da indica\u00e7\u00e3o tamb\u00e9m abriria espa\u00e7o para uma futura indica\u00e7\u00e3o ao tribunal caso haja mudan\u00e7a no comando do Executivo ap\u00f3s as elei\u00e7\u00f5es.<\/p>\n<p><strong>Clima pr\u00e9-eleitoral<\/strong><\/p>\n<div>\n<div>\n<div class=\"trv-player-container\">\n<div class=\"trv-wrapper\">\n<div id=\"br_video_player_c1d45a8577f6af99168ae967007e3f9dc3c659f9\" class=\"trvd_video_player trvdinstream\">\n<div class=\"media-player\">\n<div class=\"trv-video\">\n<div id=\"truvid_ima_container73255\" class=\"truvid_ima_container\">\n<div>\n<div><\/div>\n<\/div>\n<\/div>\n<\/div>\n<\/div>\n<\/div>\n<\/div>\n<\/div>\n<\/div>\n<\/div>\n<p>A vota\u00e7\u00e3o ocorreu em um ambiente de forte tens\u00e3o pol\u00edtica e a menos de seis meses das elei\u00e7\u00f5es presidenciais. Para integrantes da oposi\u00e7\u00e3o, a decis\u00e3o do Senado representou um recado pol\u00edtico ao governo e ao pr\u00f3prio Judici\u00e1rio.<\/p>\n<p>Nos bastidores, aliados do presidente do Senado afirmaram ainda que a articula\u00e7\u00e3o serviu como demonstra\u00e7\u00e3o de for\u00e7a do Congresso nas negocia\u00e7\u00f5es com o Pal\u00e1cio do Planalto.<\/p>\n<\/div>\n<div id=\"author-info\" class=\"ui items\">\n<div class=\"item\">Bahia.Ba<\/div>\n<\/div>\n<div class='share-to-whatsapp-wrapper'><div class='share-on-whsp'>Share on: <\/div><a data-text='Articula\u00e7\u00e3o de Alcolumbre e Fl\u00e1vio derruba indica\u00e7\u00e3o de Messias ao STF, diz colunista' data-link='https:\/\/newsinfoco.com.br\/inicio\/articulacao-de-alcolumbre-e-flavio-derruba-indicacao-de-messias-ao-stf-diz-colunista\/' class='whatsapp-button whatsapp-share'>WhatsApp<\/a><div class='clear '><\/div><\/div>","protected":false},"excerpt":{"rendered":"<p>A rejei\u00e7\u00e3o do advogado-geral da Uni\u00e3o, Jorge Messias, para uma vaga no Supremo Tribunal Federal (STF) foi resultado de uma forte articula\u00e7\u00e3o pol\u00edtica no Senado Federal. O movimento envolveu integrantes da oposi\u00e7\u00e3o ligados ao ex-presidente Jair Bolsonaro, com atua\u00e7\u00e3o do senador Fl\u00e1vio Bolsonaro (PL-RJ). O presidente da Casa, Davi Alcolumbre (Uni\u00e3o-AP), tamb\u00e9m trabalhou nos bastidores [&hellip;]<\/p>\n","protected":false},"author":1,"featured_media":50448,"comment_status":"closed","ping_status":"closed","sticky":false,"template":"","format":"standard","meta":{"om_disable_all_campaigns":false,"_exactmetrics_skip_tracking":false,"_exactmetrics_sitenote_active":false,"_exactmetrics_sitenote_note":"","_exactmetrics_sitenote_category":0,"footnotes":""},"categories":[21],"tags":[],"class_list":["post-50447","post","type-post","status-publish","format-standard","has-post-thumbnail","hentry","category-brasil"],"aioseo_notices":[],"_links":{"self":[{"href":"https:\/\/newsinfoco.com.br\/inicio\/wp-json\/wp\/v2\/posts\/50447","targetHints":{"allow":["GET"]}}],"collection":[{"href":"https:\/\/newsinfoco.com.br\/inicio\/wp-json\/wp\/v2\/posts"}],"about":[{"href":"https:\/\/newsinfoco.com.br\/inicio\/wp-json\/wp\/v2\/types\/post"}],"author":[{"embeddable":true,"href":"https:\/\/newsinfoco.com.br\/inicio\/wp-json\/wp\/v2\/users\/1"}],"replies":[{"embeddable":true,"href":"https:\/\/newsinfoco.com.br\/inicio\/wp-json\/wp\/v2\/comments?post=50447"}],"version-history":[{"count":1,"href":"https:\/\/newsinfoco.com.br\/inicio\/wp-json\/wp\/v2\/posts\/50447\/revisions"}],"predecessor-version":[{"id":50449,"href":"https:\/\/newsinfoco.com.br\/inicio\/wp-json\/wp\/v2\/posts\/50447\/revisions\/50449"}],"wp:featuredmedia":[{"embeddable":true,"href":"https:\/\/newsinfoco.com.br\/inicio\/wp-json\/wp\/v2\/media\/50448"}],"wp:attachment":[{"href":"https:\/\/newsinfoco.com.br\/inicio\/wp-json\/wp\/v2\/media?parent=50447"}],"wp:term":[{"taxonomy":"category","embeddable":true,"href":"https:\/\/newsinfoco.com.br\/inicio\/wp-json\/wp\/v2\/categories?post=50447"},{"taxonomy":"post_tag","embeddable":true,"href":"https:\/\/newsinfoco.com.br\/inicio\/wp-json\/wp\/v2\/tags?post=50447"}],"curies":[{"name":"wp","href":"https:\/\/api.w.org\/{rel}","templated":true}]}}