{"id":50450,"date":"2026-04-30T14:18:27","date_gmt":"2026-04-30T17:18:27","guid":{"rendered":"https:\/\/newsinfoco.com.br\/inicio\/?p=50450"},"modified":"2026-04-30T14:18:27","modified_gmt":"2026-04-30T17:18:27","slug":"companhias-aereas-sao-investigadas-apos-indicios-de-combinacao-de-precos","status":"publish","type":"post","link":"https:\/\/newsinfoco.com.br\/inicio\/companhias-aereas-sao-investigadas-apos-indicios-de-combinacao-de-precos\/","title":{"rendered":"Companhias a\u00e9reas s\u00e3o investigadas ap\u00f3s ind\u00edcios de combina\u00e7\u00e3o de pre\u00e7os"},"content":{"rendered":"<div class=\"conteudo_post\">\n<p>O\u00a0<strong>Conselho Administrativo de Defesa Econ\u00f4mica (Cade)<\/strong>, \u00f3rg\u00e3o respons\u00e1vel por fiscalizar e prevenir abusos para garantir a livre concorr\u00eancia econ\u00f4mica, instaurou um processo administrativo para<strong>\u00a0investigar poss\u00edveis pr\u00e1ticas de alinhamento de pre\u00e7os<\/strong>\u00a0no transporte dom\u00e9stico de passageiros entre a<strong>\u00a0Gol e a Latam<\/strong>. As empresas notificadas t\u00eam at\u00e9 30 dias para apresentar suas defesas.<\/p>\n<p>Examinando ferramentas de precifica\u00e7\u00e3o e bases de dados do mercado, a Superintend\u00eancia-Geral do \u00f3rg\u00e3o\u00a0<strong>encontrou um padr\u00e3o persistente de interdepend\u00eancia entre os movimentos de pre\u00e7os das empresas<\/strong>.<\/p><div class=\"newsi-conteudo_19\" id=\"newsi-4096413482\"><a href=\"https:\/\/www.instagram.com\/prefeituraalagoinhas?igsh=YzgzdDJ1bWR3aWI4\" aria-label=\"SAVE_20251006_221555\"><img loading=\"lazy\" decoding=\"async\" src=\"https:\/\/newsinfoco.com.br\/inicio\/wp-content\/uploads\/2025\/10\/SAVE_20251006_221555-rotated.jpg\" alt=\"\"  srcset=\"https:\/\/newsinfoco.com.br\/inicio\/wp-content\/uploads\/2025\/10\/SAVE_20251006_221555-rotated.jpg 1140w, https:\/\/newsinfoco.com.br\/inicio\/wp-content\/uploads\/2025\/10\/SAVE_20251006_221555-300x52.jpg 300w, https:\/\/newsinfoco.com.br\/inicio\/wp-content\/uploads\/2025\/10\/SAVE_20251006_221555-1024x177.jpg 1024w, https:\/\/newsinfoco.com.br\/inicio\/wp-content\/uploads\/2025\/10\/SAVE_20251006_221555-768x133.jpg 768w, https:\/\/newsinfoco.com.br\/inicio\/wp-content\/uploads\/2025\/10\/SAVE_20251006_221555-600x104.jpg 600w, https:\/\/newsinfoco.com.br\/inicio\/wp-content\/uploads\/2025\/10\/SAVE_20251006_221555-696x120.jpg 696w, https:\/\/newsinfoco.com.br\/inicio\/wp-content\/uploads\/2025\/10\/SAVE_20251006_221555-1068x185.jpg 1068w\" sizes=\"(max-width: 1140px) 100vw, 1140px\" width=\"1140\" height=\"197\"   \/><\/a><\/div>\n<div>\n<div>\n<div class=\"trv-player-container\">\n<div class=\"trv-wrapper\">\n<div id=\"br_video_player_15233d689bd1ae03a666e967007e3f9dc3c659f9\" class=\"trvd_video_player trvdinstream\"><\/div>\n<\/div>\n<\/div>\n<\/div>\n<\/div>\n<p>O Cade tamb\u00e9m analisou os contratos firmados pela Latam e pela Gol com empresas fornecedoras de servi\u00e7os de intelig\u00eancia tarif\u00e1ria, distribui\u00e7\u00e3o de conte\u00fado e solu\u00e7\u00f5es de precifica\u00e7\u00e3o din\u00e2mica, identificando que\u00a0<strong>tais ferramentas trazem riscos de troca de informa\u00e7\u00f5es comercialmente sens\u00edveis, reduzindo a incerteza concorrencial e ampliando a capacidade de coordena\u00e7\u00e3o<\/strong>.<\/p>\n<p>A SG destacou que, em\u00a0<strong>mercados concentrados e com alta transpar\u00eancia informacional<\/strong>, o uso convergente de ferramentas algor\u00edtmicas e de infraestruturas comuns de dados pode aumentar riscos concorrenciais.<\/p>\n<\/div>\n<div id=\"author-info\" class=\"ui items\">\n<div class=\"item\">Bahia.Ba<\/div>\n<\/div>\n<div class='share-to-whatsapp-wrapper'><div class='share-on-whsp'>Share on: <\/div><a data-text='Companhias a\u00e9reas s\u00e3o investigadas ap\u00f3s ind\u00edcios de combina\u00e7\u00e3o de pre\u00e7os' data-link='https:\/\/newsinfoco.com.br\/inicio\/companhias-aereas-sao-investigadas-apos-indicios-de-combinacao-de-precos\/' class='whatsapp-button whatsapp-share'>WhatsApp<\/a><div class='clear '><\/div><\/div>","protected":false},"excerpt":{"rendered":"<p>O\u00a0Conselho Administrativo de Defesa Econ\u00f4mica (Cade), \u00f3rg\u00e3o respons\u00e1vel por fiscalizar e prevenir abusos para garantir a livre concorr\u00eancia econ\u00f4mica, instaurou um processo administrativo para\u00a0investigar poss\u00edveis pr\u00e1ticas de alinhamento de pre\u00e7os\u00a0no transporte dom\u00e9stico de passageiros entre a\u00a0Gol e a Latam. As empresas notificadas t\u00eam at\u00e9 30 dias para apresentar suas defesas. Examinando ferramentas de precifica\u00e7\u00e3o e [&hellip;]<\/p>\n","protected":false},"author":1,"featured_media":50451,"comment_status":"closed","ping_status":"closed","sticky":false,"template":"","format":"standard","meta":{"om_disable_all_campaigns":false,"_exactmetrics_skip_tracking":false,"_exactmetrics_sitenote_active":false,"_exactmetrics_sitenote_note":"","_exactmetrics_sitenote_category":0,"footnotes":""},"categories":[21],"tags":[],"class_list":["post-50450","post","type-post","status-publish","format-standard","has-post-thumbnail","hentry","category-brasil"],"aioseo_notices":[],"_links":{"self":[{"href":"https:\/\/newsinfoco.com.br\/inicio\/wp-json\/wp\/v2\/posts\/50450","targetHints":{"allow":["GET"]}}],"collection":[{"href":"https:\/\/newsinfoco.com.br\/inicio\/wp-json\/wp\/v2\/posts"}],"about":[{"href":"https:\/\/newsinfoco.com.br\/inicio\/wp-json\/wp\/v2\/types\/post"}],"author":[{"embeddable":true,"href":"https:\/\/newsinfoco.com.br\/inicio\/wp-json\/wp\/v2\/users\/1"}],"replies":[{"embeddable":true,"href":"https:\/\/newsinfoco.com.br\/inicio\/wp-json\/wp\/v2\/comments?post=50450"}],"version-history":[{"count":1,"href":"https:\/\/newsinfoco.com.br\/inicio\/wp-json\/wp\/v2\/posts\/50450\/revisions"}],"predecessor-version":[{"id":50452,"href":"https:\/\/newsinfoco.com.br\/inicio\/wp-json\/wp\/v2\/posts\/50450\/revisions\/50452"}],"wp:featuredmedia":[{"embeddable":true,"href":"https:\/\/newsinfoco.com.br\/inicio\/wp-json\/wp\/v2\/media\/50451"}],"wp:attachment":[{"href":"https:\/\/newsinfoco.com.br\/inicio\/wp-json\/wp\/v2\/media?parent=50450"}],"wp:term":[{"taxonomy":"category","embeddable":true,"href":"https:\/\/newsinfoco.com.br\/inicio\/wp-json\/wp\/v2\/categories?post=50450"},{"taxonomy":"post_tag","embeddable":true,"href":"https:\/\/newsinfoco.com.br\/inicio\/wp-json\/wp\/v2\/tags?post=50450"}],"curies":[{"name":"wp","href":"https:\/\/api.w.org\/{rel}","templated":true}]}}