{"id":50453,"date":"2026-04-30T14:27:32","date_gmt":"2026-04-30T17:27:32","guid":{"rendered":"https:\/\/newsinfoco.com.br\/inicio\/?p=50453"},"modified":"2026-04-30T14:27:32","modified_gmt":"2026-04-30T17:27:32","slug":"prefeitura-de-alagoinhas-inicia-pagamento-do-piso-nacional-aos-professores","status":"publish","type":"post","link":"https:\/\/newsinfoco.com.br\/inicio\/prefeitura-de-alagoinhas-inicia-pagamento-do-piso-nacional-aos-professores\/","title":{"rendered":"Prefeitura de Alagoinhas inicia pagamento do piso nacional aos professores"},"content":{"rendered":"<p>A Prefeitura de Alagoinhas inicia o pagamento do Piso Nacional do Magist\u00e9rio nesta quinta-feira, 30 de abril. Al\u00e9m do reajuste salarial, os professores receber\u00e3o a primeira parcela do retroativo referente aos meses de janeiro, fevereiro e mar\u00e7o. O pagamento do retroativo foi organizado de forma escalonada e ser\u00e1 quitado em tr\u00eas parcelas, com conclus\u00e3o em junho. A medida refor\u00e7a o compromisso da gest\u00e3o municipal com a valoriza\u00e7\u00e3o dos educadores e o cumprimento da legisla\u00e7\u00e3o federal.<\/p>\n<p>O prefeito Gustavo Carmo destaca que o pagamento do piso \u00e9 um reconhecimento essencial para quem constr\u00f3i a base da sociedade. \u201cValorizar o professor \u00e9 investir diretamente no futuro de Alagoinhas. Ao garantirmos o piso, mesmo diante de tantas dificuldades, estamos reafirmando que a educa\u00e7\u00e3o \u00e9 a nossa prioridade absoluta para transformar a realidade das nossas crian\u00e7as, dos nossos jovens e da nossa cidade\u201d, afirma.<\/p><div class=\"newsi-conteudo_19\" id=\"newsi-2512630440\"><a href=\"https:\/\/www.instagram.com\/prefeituraalagoinhas?igsh=YzgzdDJ1bWR3aWI4\" aria-label=\"SAVE_20251006_221555\"><img loading=\"lazy\" decoding=\"async\" src=\"https:\/\/newsinfoco.com.br\/inicio\/wp-content\/uploads\/2025\/10\/SAVE_20251006_221555-rotated.jpg\" alt=\"\"  srcset=\"https:\/\/newsinfoco.com.br\/inicio\/wp-content\/uploads\/2025\/10\/SAVE_20251006_221555-rotated.jpg 1140w, https:\/\/newsinfoco.com.br\/inicio\/wp-content\/uploads\/2025\/10\/SAVE_20251006_221555-300x52.jpg 300w, https:\/\/newsinfoco.com.br\/inicio\/wp-content\/uploads\/2025\/10\/SAVE_20251006_221555-1024x177.jpg 1024w, https:\/\/newsinfoco.com.br\/inicio\/wp-content\/uploads\/2025\/10\/SAVE_20251006_221555-768x133.jpg 768w, https:\/\/newsinfoco.com.br\/inicio\/wp-content\/uploads\/2025\/10\/SAVE_20251006_221555-600x104.jpg 600w, https:\/\/newsinfoco.com.br\/inicio\/wp-content\/uploads\/2025\/10\/SAVE_20251006_221555-696x120.jpg 696w, https:\/\/newsinfoco.com.br\/inicio\/wp-content\/uploads\/2025\/10\/SAVE_20251006_221555-1068x185.jpg 1068w\" sizes=\"(max-width: 1140px) 100vw, 1140px\" width=\"1140\" height=\"197\"   \/><\/a><\/div>\n<p>A secret\u00e1ria municipal de Educa\u00e7\u00e3o, Rita Bastos, refor\u00e7a a import\u00e2ncia da categoria docente para o desenvolvimento local. \u201cNossos professores s\u00e3o os pilares de um munic\u00edpio mais justo e desenvolvido. Esse pagamento, junto com o retroativo, \u00e9 um direito garantido e uma demonstra\u00e7\u00e3o do respeito da gest\u00e3o Gustavo Carmo por quem dedica a vida a ensinar\u201d, diz.<\/p>\n<p><strong>Equil\u00edbrio nas contas<\/strong><\/p>\n<p>A viabiliza\u00e7\u00e3o do pagamento do piso do magist\u00e9rio, mesmo em um per\u00edodo de contingenciamento de gastos, s\u00f3 foi poss\u00edvel gra\u00e7as a um planejamento rigoroso da administra\u00e7\u00e3o municipal. O secret\u00e1rio da Fazenda, Ant\u00f4nio Lins, explica que a estrat\u00e9gia de parcelamento do retroativo foi fundamental para assegurar o benef\u00edcio sem comprometer a sa\u00fade financeira da cidade.<\/p>\n<p>\u201cTrabalhamos para valorizar e garantir o direito dos nossos professores mantendo sempre o equil\u00edbrio fiscal. Nossa prioridade \u00e9 honrar os compromissos com o funcionalismo p\u00fablico de forma respons\u00e1vel e assegurar que a prefeitura continue com as contas em dia e capacidade de investimento\u201d, comenta Lins.<\/p>\n<p>Conforme a Portaria n\u00ba 82\/2026, do Minist\u00e9rio da Educa\u00e7\u00e3o (MEC), o valor do piso salarial profissional nacional do magist\u00e9rio p\u00fablico da educa\u00e7\u00e3o b\u00e1sica \u00e9 de R$ 5.130,63. A medida \u00e9 v\u00e1lida para professores com jornada de 40 horas semanais, e o vencimento das demais jornadas de trabalho deve ser proporcional ao piso estabelecido.<\/p>\n<div align=\"right\">\n<p>&nbsp;<\/p>\n<p>&nbsp;<\/p>\n<\/div>\n<div class='share-to-whatsapp-wrapper'><div class='share-on-whsp'>Share on: <\/div><a data-text='Prefeitura de Alagoinhas inicia pagamento do piso nacional aos professores' data-link='https:\/\/newsinfoco.com.br\/inicio\/prefeitura-de-alagoinhas-inicia-pagamento-do-piso-nacional-aos-professores\/' class='whatsapp-button whatsapp-share'>WhatsApp<\/a><div class='clear '><\/div><\/div>","protected":false},"excerpt":{"rendered":"<p>A Prefeitura de Alagoinhas inicia o pagamento do Piso Nacional do Magist\u00e9rio nesta quinta-feira, 30 de abril. Al\u00e9m do reajuste salarial, os professores receber\u00e3o a primeira parcela do retroativo referente aos meses de janeiro, fevereiro e mar\u00e7o. O pagamento do retroativo foi organizado de forma escalonada e ser\u00e1 quitado em tr\u00eas parcelas, com conclus\u00e3o em [&hellip;]<\/p>\n","protected":false},"author":1,"featured_media":50454,"comment_status":"closed","ping_status":"closed","sticky":false,"template":"","format":"standard","meta":{"om_disable_all_campaigns":false,"_exactmetrics_skip_tracking":false,"_exactmetrics_sitenote_active":false,"_exactmetrics_sitenote_note":"","_exactmetrics_sitenote_category":0,"footnotes":""},"categories":[38,167],"tags":[],"class_list":["post-50453","post","type-post","status-publish","format-standard","has-post-thumbnail","hentry","category-alagoinhas-e-regiao","category-exclusivas"],"aioseo_notices":[],"_links":{"self":[{"href":"https:\/\/newsinfoco.com.br\/inicio\/wp-json\/wp\/v2\/posts\/50453","targetHints":{"allow":["GET"]}}],"collection":[{"href":"https:\/\/newsinfoco.com.br\/inicio\/wp-json\/wp\/v2\/posts"}],"about":[{"href":"https:\/\/newsinfoco.com.br\/inicio\/wp-json\/wp\/v2\/types\/post"}],"author":[{"embeddable":true,"href":"https:\/\/newsinfoco.com.br\/inicio\/wp-json\/wp\/v2\/users\/1"}],"replies":[{"embeddable":true,"href":"https:\/\/newsinfoco.com.br\/inicio\/wp-json\/wp\/v2\/comments?post=50453"}],"version-history":[{"count":1,"href":"https:\/\/newsinfoco.com.br\/inicio\/wp-json\/wp\/v2\/posts\/50453\/revisions"}],"predecessor-version":[{"id":50455,"href":"https:\/\/newsinfoco.com.br\/inicio\/wp-json\/wp\/v2\/posts\/50453\/revisions\/50455"}],"wp:featuredmedia":[{"embeddable":true,"href":"https:\/\/newsinfoco.com.br\/inicio\/wp-json\/wp\/v2\/media\/50454"}],"wp:attachment":[{"href":"https:\/\/newsinfoco.com.br\/inicio\/wp-json\/wp\/v2\/media?parent=50453"}],"wp:term":[{"taxonomy":"category","embeddable":true,"href":"https:\/\/newsinfoco.com.br\/inicio\/wp-json\/wp\/v2\/categories?post=50453"},{"taxonomy":"post_tag","embeddable":true,"href":"https:\/\/newsinfoco.com.br\/inicio\/wp-json\/wp\/v2\/tags?post=50453"}],"curies":[{"name":"wp","href":"https:\/\/api.w.org\/{rel}","templated":true}]}}