{"id":50459,"date":"2026-04-30T14:38:51","date_gmt":"2026-04-30T17:38:51","guid":{"rendered":"https:\/\/newsinfoco.com.br\/inicio\/?p=50459"},"modified":"2026-04-30T14:38:51","modified_gmt":"2026-04-30T17:38:51","slug":"moradores-do-petrolar-e-regioes-vizinhas-participam-de-plenaria-do-orcamento-participativo-2026-em-alagoinhas","status":"publish","type":"post","link":"https:\/\/newsinfoco.com.br\/inicio\/moradores-do-petrolar-e-regioes-vizinhas-participam-de-plenaria-do-orcamento-participativo-2026-em-alagoinhas\/","title":{"rendered":"Moradores do Petrolar e regi\u00f5es vizinhas participam de Plen\u00e1ria do Or\u00e7amento Participativo 2026 em Alagoinhas"},"content":{"rendered":"<p>Reafirmando o compromisso com o processo democr\u00e1tico e a escuta ativa da popula\u00e7\u00e3o na defini\u00e7\u00e3o de prioridades para os investimentos p\u00fablicos, teve in\u00edcio, na noite desta quarta-feira, 29, o ciclo de plen\u00e1rias do Or\u00e7amento Participativo 2026. A abertura ocorreu na Associa\u00e7\u00e3o de Moradores do Petrolar, reunindo pessoas do bairro e de regi\u00f5es vizinhas em um espa\u00e7o de di\u00e1logo e participa\u00e7\u00e3o popular. Coordenada pela Superintend\u00eancia de Participa\u00e7\u00e3o Popular, a iniciativa se consolida como um canal estrat\u00e9gico de di\u00e1logo entre o poder p\u00fablico e a sociedade civil, estimulando a constru\u00e7\u00e3o coletiva de propostas e o fortalecimento das pol\u00edticas p\u00fablicas a partir das demandas reais da popula\u00e7\u00e3o.<\/p>\n<p data-start=\"932\" data-end=\"1227\">Neste primeiro encontro, os participantes debateram demandas locais e contribu\u00edram para a defini\u00e7\u00e3o de estrat\u00e9gias que ir\u00e3o orientar a aloca\u00e7\u00e3o de recursos e as decis\u00f5es da gest\u00e3o municipal no pr\u00f3ximo ano, consolidando um modelo de planejamento baseado na participa\u00e7\u00e3o cidad\u00e3 e na transpar\u00eancia. Para o superintendente de Participa\u00e7\u00e3o Popular de Alagoinhas, T\u00e1rcio Mota, o momento refor\u00e7ou o compromisso com a democracia participativa.<\/p><div class=\"newsi-conteudo_19\" id=\"newsi-1023802161\"><a href=\"https:\/\/www.instagram.com\/prefeituraalagoinhas?igsh=YzgzdDJ1bWR3aWI4\" aria-label=\"SAVE_20251006_221555\"><img loading=\"lazy\" decoding=\"async\" src=\"https:\/\/newsinfoco.com.br\/inicio\/wp-content\/uploads\/2025\/10\/SAVE_20251006_221555-rotated.jpg\" alt=\"\"  srcset=\"https:\/\/newsinfoco.com.br\/inicio\/wp-content\/uploads\/2025\/10\/SAVE_20251006_221555-rotated.jpg 1140w, https:\/\/newsinfoco.com.br\/inicio\/wp-content\/uploads\/2025\/10\/SAVE_20251006_221555-300x52.jpg 300w, https:\/\/newsinfoco.com.br\/inicio\/wp-content\/uploads\/2025\/10\/SAVE_20251006_221555-1024x177.jpg 1024w, https:\/\/newsinfoco.com.br\/inicio\/wp-content\/uploads\/2025\/10\/SAVE_20251006_221555-768x133.jpg 768w, https:\/\/newsinfoco.com.br\/inicio\/wp-content\/uploads\/2025\/10\/SAVE_20251006_221555-600x104.jpg 600w, https:\/\/newsinfoco.com.br\/inicio\/wp-content\/uploads\/2025\/10\/SAVE_20251006_221555-696x120.jpg 696w, https:\/\/newsinfoco.com.br\/inicio\/wp-content\/uploads\/2025\/10\/SAVE_20251006_221555-1068x185.jpg 1068w\" sizes=\"(max-width: 1140px) 100vw, 1140px\" width=\"1140\" height=\"197\"   \/><\/a><\/div>\n<p>\u201cO Or\u00e7amento Participativo reafirma o compromisso da gest\u00e3o com a democracia participativa. \u00c9 o momento em que a popula\u00e7\u00e3o ajuda a definir as prioridades do munic\u00edpio. A decis\u00e3o tomada pela maioria dos moradores presentes ser\u00e1 encaminhada \u00e0 Secretaria de Planejamento e Capta\u00e7\u00e3o, que realizar\u00e1 estudos de viabilidade t\u00e9cnica para que a proposta possa ser inclu\u00edda no planejamento or\u00e7ament\u00e1rio. Trata-se de um processo cont\u00ednuo de planejamento\u201d, enfatizou o superintendente.<\/p>\n<p data-start=\"2223\" data-end=\"3009\">T\u00e1rcio ainda pontuou que esse di\u00e1logo acontece todos os anos, quando as equipes respons\u00e1veis pelas plen\u00e1rias do Or\u00e7amento Participativo percorrem as regi\u00f5es da cidade, prestando contas do que foi definido anteriormente e avan\u00e7ando na constru\u00e7\u00e3o de novas prioridades.<\/p>\n<p>Durante a programa\u00e7\u00e3o, os participantes acompanharam a leitura atualizada do territ\u00f3rio em quest\u00e3o, al\u00e9m de uma apresenta\u00e7\u00e3o t\u00e9cnica sobre o or\u00e7amento municipal, conduzida por equipes das secretarias de Planejamento e Capta\u00e7\u00e3o e da Fazenda, detalhando como os recursos p\u00fablicos s\u00e3o planejados e executados. Outro ponto de destaque foi a presta\u00e7\u00e3o de contas das demandas priorizadas anteriormente pela regi\u00e3o, com a apresenta\u00e7\u00e3o do status das a\u00e7\u00f5es conclu\u00eddas ou em andamento, garantindo transpar\u00eancia e acompanhamento social das pol\u00edticas p\u00fablicas.<\/p>\n<p><strong>Decis\u00e3o popular<\/strong><\/p>\n<p data-start=\"3011\" data-end=\"3244\">A plen\u00e1ria seguiu com a aplica\u00e7\u00e3o da metodologia participativa, adaptada conforme o cen\u00e1rio da regi\u00e3o. Os moradores puderam sugerir novas demandas, debater propostas e participar da vota\u00e7\u00e3o para defini\u00e7\u00e3o da nova prioridade regional. Na ocasi\u00e3o, os cidad\u00e3os elencaram tr\u00eas propostas priorit\u00e1rias: o esgotamento sanit\u00e1rio para a comunidade do Riacho do Mel; a abertura de uma via ligando a Rua S\u00e3o Paulo \u00e0 Ipiranga, com a conclus\u00e3o do sistema de esgotamento sanit\u00e1rio; e a reforma da Escola Municipal Jardim Petrolar. Ao final da plen\u00e1ria, a reforma da unidade escolar foi a escolhida pela maioria.<\/p>\n<p>\u201cEsses encontros s\u00e3o essenciais, porque criam um canal direto entre a popula\u00e7\u00e3o e a gest\u00e3o municipal. A Prefeitura j\u00e1 realizou algumas melhorias aqui, mas a gente sempre precisa avan\u00e7ar mais. Quando cheguei ao bairro, n\u00e3o tinha nem \u00e1gua nem luz. J\u00e1 melhorou, por\u00e9m ainda h\u00e1 muito a ser feito para garantir mais qualidade de vida para todos\u201d, disse a aposentada Joelice Marques da Silva, que mora no local h\u00e1 40 anos.<\/p>\n<p data-start=\"3664\" data-end=\"4172\">Para Denise Santana da Silva, que mora no bairro, a escolha da maioria como prioridade a reforma da escola acabou lhe sendo favor\u00e1vel. \u201cTenho filhos e um neto que estudam nessa escola, e sabemos que ela precisa de reforma e amplia\u00e7\u00e3o. \u00c9 importante ter mais salas de aula, para que as crian\u00e7as n\u00e3o precisem sair do bairro para estudar. Fiquei muito satisfeita com a escolha da comunidade. Foi uma boa decis\u00e3o. Queremos o melhor para nossas crian\u00e7as e, no que eu puder contribuir, estarei presente\u201d, enfatizou.<\/p>\n<p data-start=\"4174\" data-end=\"4464\">Al\u00e9m dos moradores do Jardim Petrolar, cidad\u00e3os do Parque Regente, Urbis I e II, Parque Floresta, Parque S\u00e3o Benedito (Parque Verde), Severino Vieira, 21 de Abril, Luiz Viana, Juracy Magalh\u00e3es, Pinto de Aguiar, Joseph Wagner, Rua Santa Maria e Riacho do Mel tamb\u00e9m compareceram ao encontro.<\/p>\n<p data-start=\"4466\" data-end=\"4942\">A abertura do ciclo de plen\u00e1rias contou com boas-vindas institucionais, sauda\u00e7\u00e3o das autoridades presentes e reconhecimento dos delegados da regi\u00e3o. Tamb\u00e9m houve um momento de sensibiliza\u00e7\u00e3o relacionado \u00e0 campanha \u201cFa\u00e7a Bonito\u201d, refor\u00e7ando a import\u00e2ncia da prote\u00e7\u00e3o de crian\u00e7as e adolescentes.<\/p>\n<p data-start=\"4944\" data-end=\"4966\"><strong data-start=\"4944\" data-end=\"4966\">Pr\u00f3ximas plen\u00e1rias*<\/strong><\/p>\n<p data-start=\"4968\" data-end=\"5126\">O ciclo de reuni\u00f5es segue ao longo dos meses de maio e junho, contemplando as regi\u00f5es que comp\u00f5em o munic\u00edpio. As pr\u00f3ximas plen\u00e1rias acontecem nas seguintes datas:<\/p>\n<p data-start=\"5128\" data-end=\"5918\">04\/05 \u2013 Alagoinhas Velha (Escola Municipal Marco Maciel), \u00e0s 18h30.<br data-start=\"5195\" data-end=\"5198\" \/>06\/05 \u2013 Kennedy (Escola Municipal Murilo Cavalcante), \u00e0s 18h30.<br data-start=\"5261\" data-end=\"5264\" \/>11\/05 \u2013 Barreiro (Escola Municipal M\u00e1rio Laert), \u00e0s 18h30.<br data-start=\"5322\" data-end=\"5325\" \/>13\/05 \u2013 Catu (Escola Municipal Isa\u00edas Figueiredo), \u00e0s 18h30.<br data-start=\"5385\" data-end=\"5388\" \/>18\/05 \u2013 Santa Terezinha (Escola Municipal Uira\u00e7u Batista), \u00e0s 18h30.<br data-start=\"5456\" data-end=\"5459\" \/>20\/05 \u2013 Mangal\u00f4 (Col\u00e9gio Estadual J\u00falio Leal), \u00e0s 18h30.<br data-start=\"5515\" data-end=\"5518\" \/>25\/05 \u2013 Boa Uni\u00e3o (Escola Municipal Dom Avelar), \u00e0s 18h30.<br data-start=\"5576\" data-end=\"5579\" \/>27\/05 \u2013 Centro (Audit\u00f3rio do Sindicato dos Comerci\u00e1rios), \u00e0s 18h30.<br data-start=\"5646\" data-end=\"5649\" \/>31\/05 \u2013 Sau\u00edpe (Escola Municipal de Tempo Integral do Campo), \u00e0s 9h.<br data-start=\"5717\" data-end=\"5720\" \/>01\/06 \u2013 Estev\u00e3o (Escola Jos\u00e9 Anchieta), \u00e0s 18h30.<br data-start=\"5769\" data-end=\"5772\" \/>03\/06 \u2013 Riacho da Guia (Escola Jairo Azi), \u00e0s 18h30.<br data-start=\"5824\" data-end=\"5827\" \/>08\/06 \u2013 Narandiba (a definir), \u00e0s 15h30.<br data-start=\"5867\" data-end=\"5870\" data-is-only-node=\"\" \/>10\/06 \u2013 Santa Isabel (Escola Miguel Calmon), \u00e0s 18h30.<\/p>\n<h6 data-start=\"5128\" data-end=\"5918\">*(programa\u00e7\u00e3o sujeita a mudan\u00e7a)<\/h6>\n<p>&nbsp;<\/p>\n<div class='share-to-whatsapp-wrapper'><div class='share-on-whsp'>Share on: <\/div><a data-text='Moradores do Petrolar e regi\u00f5es vizinhas participam de Plen\u00e1ria do Or\u00e7amento Participativo 2026 em Alagoinhas' data-link='https:\/\/newsinfoco.com.br\/inicio\/moradores-do-petrolar-e-regioes-vizinhas-participam-de-plenaria-do-orcamento-participativo-2026-em-alagoinhas\/' class='whatsapp-button whatsapp-share'>WhatsApp<\/a><div class='clear '><\/div><\/div>","protected":false},"excerpt":{"rendered":"<p>Reafirmando o compromisso com o processo democr\u00e1tico e a escuta ativa da popula\u00e7\u00e3o na defini\u00e7\u00e3o de prioridades para os investimentos p\u00fablicos, teve in\u00edcio, na noite desta quarta-feira, 29, o ciclo de plen\u00e1rias do Or\u00e7amento Participativo 2026. A abertura ocorreu na Associa\u00e7\u00e3o de Moradores do Petrolar, reunindo pessoas do bairro e de regi\u00f5es vizinhas em um [&hellip;]<\/p>\n","protected":false},"author":1,"featured_media":50460,"comment_status":"closed","ping_status":"closed","sticky":false,"template":"","format":"standard","meta":{"om_disable_all_campaigns":false,"_exactmetrics_skip_tracking":false,"_exactmetrics_sitenote_active":false,"_exactmetrics_sitenote_note":"","_exactmetrics_sitenote_category":0,"footnotes":""},"categories":[38,167],"tags":[],"class_list":["post-50459","post","type-post","status-publish","format-standard","has-post-thumbnail","hentry","category-alagoinhas-e-regiao","category-exclusivas"],"aioseo_notices":[],"_links":{"self":[{"href":"https:\/\/newsinfoco.com.br\/inicio\/wp-json\/wp\/v2\/posts\/50459","targetHints":{"allow":["GET"]}}],"collection":[{"href":"https:\/\/newsinfoco.com.br\/inicio\/wp-json\/wp\/v2\/posts"}],"about":[{"href":"https:\/\/newsinfoco.com.br\/inicio\/wp-json\/wp\/v2\/types\/post"}],"author":[{"embeddable":true,"href":"https:\/\/newsinfoco.com.br\/inicio\/wp-json\/wp\/v2\/users\/1"}],"replies":[{"embeddable":true,"href":"https:\/\/newsinfoco.com.br\/inicio\/wp-json\/wp\/v2\/comments?post=50459"}],"version-history":[{"count":1,"href":"https:\/\/newsinfoco.com.br\/inicio\/wp-json\/wp\/v2\/posts\/50459\/revisions"}],"predecessor-version":[{"id":50461,"href":"https:\/\/newsinfoco.com.br\/inicio\/wp-json\/wp\/v2\/posts\/50459\/revisions\/50461"}],"wp:featuredmedia":[{"embeddable":true,"href":"https:\/\/newsinfoco.com.br\/inicio\/wp-json\/wp\/v2\/media\/50460"}],"wp:attachment":[{"href":"https:\/\/newsinfoco.com.br\/inicio\/wp-json\/wp\/v2\/media?parent=50459"}],"wp:term":[{"taxonomy":"category","embeddable":true,"href":"https:\/\/newsinfoco.com.br\/inicio\/wp-json\/wp\/v2\/categories?post=50459"},{"taxonomy":"post_tag","embeddable":true,"href":"https:\/\/newsinfoco.com.br\/inicio\/wp-json\/wp\/v2\/tags?post=50459"}],"curies":[{"name":"wp","href":"https:\/\/api.w.org\/{rel}","templated":true}]}}