{"id":50466,"date":"2026-04-30T14:49:10","date_gmt":"2026-04-30T17:49:10","guid":{"rendered":"https:\/\/newsinfoco.com.br\/inicio\/?p=50466"},"modified":"2026-04-30T14:49:10","modified_gmt":"2026-04-30T17:49:10","slug":"parceria-entre-prefeitura-de-alagoinhas-e-banco-do-brasil-promove-educacao-e-inclusao-social","status":"publish","type":"post","link":"https:\/\/newsinfoco.com.br\/inicio\/parceria-entre-prefeitura-de-alagoinhas-e-banco-do-brasil-promove-educacao-e-inclusao-social\/","title":{"rendered":"Parceria entre Prefeitura de Alagoinhas e Banco do Brasil promove educa\u00e7\u00e3o e inclus\u00e3o social"},"content":{"rendered":"<p>A uni\u00e3o entre o Banco do Brasil, com o projeto AABB Comunidade, e a Prefeitura de Alagoinhas, por meio da Secretaria Municipal de Educa\u00e7\u00e3o (Seduc), deu mais um passo em se consolidado como um importante instrumento de transforma\u00e7\u00e3o social no munic\u00edpio. Nesta quarta-feira, 29, essa parceria foi evidenciada durante a entrega de kits escolares, de higiene e esportivos aos estudantes atendidos pelo programa, na sede da AABB, na Pra\u00e7a Kenedy. A a\u00e7\u00e3o beneficiou cerca de 100 crian\u00e7as, oriundas de cerca de 14 escolas municipais.<\/p>\n<p>Mais do que uma iniciativa educacional, o AABB Comunidade representa acolhimento, oportunidade e cuidado com crian\u00e7as e adolescentes da rede p\u00fablica e j\u00e1 atua h\u00e1 28 anos em Alagoinhas. O projeto atende a estudantes do 1\u00ba ao 9\u00ba ano, no contraturno escolar. Enquanto o Banco do Brasil disponibiliza a estrutura f\u00edsica do clube com espa\u00e7os esportivos, \u00e1reas de lazer e conviv\u00eancia, a Prefeitura \u00e9 respons\u00e1vel pela condu\u00e7\u00e3o pedag\u00f3gica, garantindo que o tempo dos estudantes no projeto seja tamb\u00e9m um tempo de aprendizado.<\/p><div class=\"newsi-conteudo_19\" id=\"newsi-1508645764\"><a href=\"https:\/\/www.instagram.com\/prefeituraalagoinhas?igsh=YzgzdDJ1bWR3aWI4\" aria-label=\"SAVE_20251006_221555\"><img loading=\"lazy\" decoding=\"async\" src=\"https:\/\/newsinfoco.com.br\/inicio\/wp-content\/uploads\/2025\/10\/SAVE_20251006_221555-rotated.jpg\" alt=\"\"  srcset=\"https:\/\/newsinfoco.com.br\/inicio\/wp-content\/uploads\/2025\/10\/SAVE_20251006_221555-rotated.jpg 1140w, https:\/\/newsinfoco.com.br\/inicio\/wp-content\/uploads\/2025\/10\/SAVE_20251006_221555-300x52.jpg 300w, https:\/\/newsinfoco.com.br\/inicio\/wp-content\/uploads\/2025\/10\/SAVE_20251006_221555-1024x177.jpg 1024w, https:\/\/newsinfoco.com.br\/inicio\/wp-content\/uploads\/2025\/10\/SAVE_20251006_221555-768x133.jpg 768w, https:\/\/newsinfoco.com.br\/inicio\/wp-content\/uploads\/2025\/10\/SAVE_20251006_221555-600x104.jpg 600w, https:\/\/newsinfoco.com.br\/inicio\/wp-content\/uploads\/2025\/10\/SAVE_20251006_221555-696x120.jpg 696w, https:\/\/newsinfoco.com.br\/inicio\/wp-content\/uploads\/2025\/10\/SAVE_20251006_221555-1068x185.jpg 1068w\" sizes=\"(max-width: 1140px) 100vw, 1140px\" width=\"1140\" height=\"197\"   \/><\/a><\/div>\n<p>A integra\u00e7\u00e3o entre esporte, educa\u00e7\u00e3o e assist\u00eancia social \u00e9 o diferencial do projeto. Durante a perman\u00eancia no espa\u00e7o, os estudantes participam de atividades esportivas, art\u00edsticas e de refor\u00e7o escolar, al\u00e9m de receberem alimenta\u00e7\u00e3o, com caf\u00e9 da manh\u00e3 e almo\u00e7o.<\/p>\n<p>Um dos destaques \u00e9 a participa\u00e7\u00e3o dos estudantes do 5\u00ba ano da Escola Municipal Miguel Fontes, que vivenciam uma rotina de educa\u00e7\u00e3o integral. Eles frequentam o projeto de ter\u00e7a a sexta-feira, conciliando as atividades com o turno regular na escola. J\u00e1 os estudantes das demais unidades participam \u00e0s ter\u00e7as e quintas.<\/p>\n<p>Para muitas fam\u00edlias, o projeto representa um suporte essencial porque viabiliza o acesso a atividades que, muitas vezes, n\u00e3o estariam dispon\u00edveis fora dali. \u201cAs crian\u00e7as encontram um ambiente estruturado, com rotina, disciplina e acolhimento. Os impactos s\u00e3o percebidos no dia a dia, refletindo na mudan\u00e7a de comportamento, maior organiza\u00e7\u00e3o e interesse pelas atividades escolares\u201d, conta a dona de casa e m\u00e3e estudante, Evelin Souza Carvalho.<\/p>\n<p>A coordenadora do projeto, Eliane Vila flor, destaca que o alcance vai al\u00e9m do ensino. \u201cO impacto \u00e9 social e afetivo. As crian\u00e7as chegam pela manh\u00e3, recebem alimenta\u00e7\u00e3o, participam das atividades e saem com o almo\u00e7o garantido. Isso traz seguran\u00e7a tamb\u00e9m para as fam\u00edlias\u201d, afirma. \u201cA entrega dos kits com materiais escolares, itens de higiene pessoal e equipamentos esportivos, contribui diretamente para a dignidade dos estudantes, promovendo igualdade de condi\u00e7\u00f5es e fortalecendo a autoestima\u201d, acrescenta Eliane.<\/p>\n<p>Para a secret\u00e1ria municipal de Educa\u00e7\u00e3o, Rita Bastos, o programa representa o compromisso da gest\u00e3o municipal com uma educa\u00e7\u00e3o que vai al\u00e9m da sala de aula, que acolhe, cuida e transforma vidas. \u201cQuando unimos gest\u00e3o p\u00fablica, institui\u00e7\u00f5es e comunidade, conseguimos ampliar oportunidades e construir um futuro melhor para nossas crian\u00e7as\u201d, observa.<\/p>\n<p>&nbsp;<\/p>\n<div class='share-to-whatsapp-wrapper'><div class='share-on-whsp'>Share on: <\/div><a data-text='Parceria entre Prefeitura de Alagoinhas e Banco do Brasil promove educa\u00e7\u00e3o e inclus\u00e3o social' data-link='https:\/\/newsinfoco.com.br\/inicio\/parceria-entre-prefeitura-de-alagoinhas-e-banco-do-brasil-promove-educacao-e-inclusao-social\/' class='whatsapp-button whatsapp-share'>WhatsApp<\/a><div class='clear '><\/div><\/div>","protected":false},"excerpt":{"rendered":"<p>A uni\u00e3o entre o Banco do Brasil, com o projeto AABB Comunidade, e a Prefeitura de Alagoinhas, por meio da Secretaria Municipal de Educa\u00e7\u00e3o (Seduc), deu mais um passo em se consolidado como um importante instrumento de transforma\u00e7\u00e3o social no munic\u00edpio. Nesta quarta-feira, 29, essa parceria foi evidenciada durante a entrega de kits escolares, de [&hellip;]<\/p>\n","protected":false},"author":1,"featured_media":50467,"comment_status":"closed","ping_status":"closed","sticky":false,"template":"","format":"standard","meta":{"om_disable_all_campaigns":false,"_exactmetrics_skip_tracking":false,"_exactmetrics_sitenote_active":false,"_exactmetrics_sitenote_note":"","_exactmetrics_sitenote_category":0,"footnotes":""},"categories":[19],"tags":[],"class_list":["post-50466","post","type-post","status-publish","format-standard","has-post-thumbnail","hentry","category-bahia"],"aioseo_notices":[],"_links":{"self":[{"href":"https:\/\/newsinfoco.com.br\/inicio\/wp-json\/wp\/v2\/posts\/50466","targetHints":{"allow":["GET"]}}],"collection":[{"href":"https:\/\/newsinfoco.com.br\/inicio\/wp-json\/wp\/v2\/posts"}],"about":[{"href":"https:\/\/newsinfoco.com.br\/inicio\/wp-json\/wp\/v2\/types\/post"}],"author":[{"embeddable":true,"href":"https:\/\/newsinfoco.com.br\/inicio\/wp-json\/wp\/v2\/users\/1"}],"replies":[{"embeddable":true,"href":"https:\/\/newsinfoco.com.br\/inicio\/wp-json\/wp\/v2\/comments?post=50466"}],"version-history":[{"count":1,"href":"https:\/\/newsinfoco.com.br\/inicio\/wp-json\/wp\/v2\/posts\/50466\/revisions"}],"predecessor-version":[{"id":50468,"href":"https:\/\/newsinfoco.com.br\/inicio\/wp-json\/wp\/v2\/posts\/50466\/revisions\/50468"}],"wp:featuredmedia":[{"embeddable":true,"href":"https:\/\/newsinfoco.com.br\/inicio\/wp-json\/wp\/v2\/media\/50467"}],"wp:attachment":[{"href":"https:\/\/newsinfoco.com.br\/inicio\/wp-json\/wp\/v2\/media?parent=50466"}],"wp:term":[{"taxonomy":"category","embeddable":true,"href":"https:\/\/newsinfoco.com.br\/inicio\/wp-json\/wp\/v2\/categories?post=50466"},{"taxonomy":"post_tag","embeddable":true,"href":"https:\/\/newsinfoco.com.br\/inicio\/wp-json\/wp\/v2\/tags?post=50466"}],"curies":[{"name":"wp","href":"https:\/\/api.w.org\/{rel}","templated":true}]}}