{"id":50757,"date":"2026-05-11T13:44:34","date_gmt":"2026-05-11T16:44:34","guid":{"rendered":"https:\/\/newsinfoco.com.br\/inicio\/?p=50757"},"modified":"2026-05-11T13:44:34","modified_gmt":"2026-05-11T16:44:34","slug":"festival-educadora-fm-estende-prazo-de-inscricoes-e-anuncia-premio-recorde-de-r-530-mil","status":"publish","type":"post","link":"https:\/\/newsinfoco.com.br\/inicio\/festival-educadora-fm-estende-prazo-de-inscricoes-e-anuncia-premio-recorde-de-r-530-mil\/","title":{"rendered":"Festival Educadora FM estende prazo de inscri\u00e7\u00f5es e anuncia pr\u00eamio recorde de R$ 530 mil"},"content":{"rendered":"<div class=\"conteudo_post\">\n<p>As inscri\u00e7\u00f5es da categoria profissional do 24\u00ba Festival de M\u00fasica Educadora FM foram prorrogadas at\u00e9 o dia 18 de maio e podem ser realizadas por meio do site festivaleducadora.ba.gov.br. A R\u00e1dio Educadora FM tamb\u00e9m anunciou os integrantes da comiss\u00e3o julgadora desta edi\u00e7\u00e3o, formada pelos m\u00fasicos baianos Eric Assmar, Alo\u00edsio Menezes, Virg\u00ednia Rodrigues, Adelmo Cas\u00e9 e Lan Lanh, respons\u00e1veis por avaliar as can\u00e7\u00f5es inscritas nesta edi\u00e7\u00e3o do festival.<\/p>\n<p>Com a maior premia\u00e7\u00e3o de um festival de m\u00fasicas in\u00e9ditas do Pa\u00eds, o evento vai distribuir, neste ano, R$ 530 mil em premia\u00e7\u00f5es. Podem se inscrever na categoria profissional m\u00fasicos, int\u00e9rpretes, autores, compositores, instrumentistas, arranjadores e integrantes de grupos ou bandas, com uma can\u00e7\u00e3o. Um dos crit\u00e9rios de sele\u00e7\u00e3o \u00e9 que o participante seja natural de um munic\u00edpio baiano ou resida no estado h\u00e1, no m\u00ednimo, dois anos.<\/p>\n<p>J\u00e1 na categoria estudantil, as inscri\u00e7\u00f5es seguem abertas at\u00e9 o dia 8 de junho e devem ser realizadas pelas escolas da rede estadual de ensino, por meio da dire\u00e7\u00e3o da unidade escolar. Cada escola poder\u00e1 representar seus estudantes com uma can\u00e7\u00e3o.<\/p>\n<p>Ao todo, o festival vai selecionar 55 m\u00fasicas, que passar\u00e3o a integrar a programa\u00e7\u00e3o da R\u00e1dio Educadora FM e receber\u00e3o premia\u00e7\u00f5es em dinheiro. Na categoria profissional, ser\u00e3o escolhidas 15 can\u00e7\u00f5es instrumentais e 35 m\u00fasicas com letra. Outras cinco m\u00fasicas ser\u00e3o vencedoras da categoria estudantil.<\/p>\n<p>Na categoria profissional, os vencedores de melhor m\u00fasica com letra e melhor m\u00fasica instrumental receber\u00e3o R$ 22 mil cada. Tamb\u00e9m ser\u00e3o premiadas as categorias: melhor arranjo de m\u00fasica com letra, melhor arranjo de m\u00fasica instrumental, melhor int\u00e9rprete vocal e melhor int\u00e9rprete instrumental, com R$ 16 mil para cada vencedor.<\/p>\n<p>O p\u00fablico tamb\u00e9m participa da escolha por meio do voto popular, elegendo os vencedores de melhor m\u00fasica com letra e melhor m\u00fasica instrumental. Cada um receber\u00e1 R$ 13 mil. Os demais 42 finalistas da categoria profissional ser\u00e3o premiados com R$ 8 mil cada.<\/p>\n<div>\n<div>\n<div class=\"trv-player-container\">\n<div class=\"trv-wrapper\">\n<div id=\"br_video_player_8dc31828b2166787afc5e967007e3f9dc3c659f9\" class=\"trvd_video_player trvdinstream\">\n<div class=\"media-player\">\n<div class=\"trv-video\">\n<div id=\"truvid_ima_container11302\" class=\"truvid_ima_container\">\n<div>\n<div><\/div>\n<\/div>\n<\/div>\n<\/div>\n<\/div>\n<\/div>\n<\/div>\n<\/div>\n<\/div>\n<\/div>\n<p>Na categoria estudantil, cinco estudantes ser\u00e3o premiados. Os valores variam de R$ 10 mil para o primeiro lugar a R$ 2 mil para o quinto colocado. As escolas vencedoras tamb\u00e9m receber\u00e3o premia\u00e7\u00f5es nos mesmos valores dos estudantes, totalizando R$ 30 mil concedidos pela Secretaria da Educa\u00e7\u00e3o do Estado da Bahia (SEC).<\/p>\n<p>A cerim\u00f4nia de premia\u00e7\u00e3o ser\u00e1 transmitida pela TVE e pela R\u00e1dio Educadora FM, em novembro, e contar\u00e1 com show de um artista homenageado. Nas \u00faltimas edi\u00e7\u00f5es, o festival homenageou nomes como Tom Z\u00e9, Elza Soares, Caetano Veloso, Gilberto Gil, Maria Beth\u00e2nia, Gal Costa, Nelson Rufino, Novos Baianos e Simone.<\/p>\n<\/div>\n<div id=\"div-share\">Bahia.Ba<\/div>\n<div class='share-to-whatsapp-wrapper'><div class='share-on-whsp'>Share on: <\/div><a data-text='Festival Educadora FM estende prazo de inscri\u00e7\u00f5es e anuncia pr\u00eamio recorde de R$ 530 mil' data-link='https:\/\/newsinfoco.com.br\/inicio\/festival-educadora-fm-estende-prazo-de-inscricoes-e-anuncia-premio-recorde-de-r-530-mil\/' class='whatsapp-button whatsapp-share'>WhatsApp<\/a><div class='clear '><\/div><\/div>","protected":false},"excerpt":{"rendered":"<p>As inscri\u00e7\u00f5es da categoria profissional do 24\u00ba Festival de M\u00fasica Educadora FM foram prorrogadas at\u00e9 o dia 18 de maio e podem ser realizadas por meio do site festivaleducadora.ba.gov.br. A R\u00e1dio Educadora FM tamb\u00e9m anunciou os integrantes da comiss\u00e3o julgadora desta edi\u00e7\u00e3o, formada pelos m\u00fasicos baianos Eric Assmar, Alo\u00edsio Menezes, Virg\u00ednia Rodrigues, Adelmo Cas\u00e9 e [&hellip;]<\/p>\n","protected":false},"author":1,"featured_media":50758,"comment_status":"closed","ping_status":"closed","sticky":false,"template":"","format":"standard","meta":{"om_disable_all_campaigns":false,"rop_custom_images_group":[],"rop_custom_messages_group":[],"rop_publish_now":"initial","rop_publish_now_accounts":[],"rop_publish_now_history":[],"rop_publish_now_status":"pending","_exactmetrics_skip_tracking":false,"footnotes":""},"categories":[19],"tags":[],"class_list":["post-50757","post","type-post","status-publish","format-standard","has-post-thumbnail","hentry","category-bahia"],"aioseo_notices":[],"aioseo_head":"\n\t\t<!-- All in One SEO 4.9.10 - aioseo.com -->\n\t<meta name=\"description\" content=\"As inscri\u00e7\u00f5es da categoria profissional do 24\u00ba Festival de M\u00fasica Educadora FM foram prorrogadas at\u00e9 o dia 18 de maio e podem ser realizadas por meio do site festivaleducadora.ba.gov.br. A R\u00e1dio Educadora FM tamb\u00e9m anunciou os integrantes da comiss\u00e3o julgadora desta edi\u00e7\u00e3o, formada pelos m\u00fasicos baianos Eric Assmar, Alo\u00edsio Menezes, Virg\u00ednia Rodrigues, Adelmo Cas\u00e9 e\" \/>\n\t<meta name=\"robots\" content=\"max-image-preview:large\" \/>\n\t<meta name=\"author\" content=\"administrador\"\/>\n\t<link rel=\"canonical\" href=\"https:\/\/newsinfoco.com.br\/inicio\/festival-educadora-fm-estende-prazo-de-inscricoes-e-anuncia-premio-recorde-de-r-530-mil\/\" \/>\n\t<meta name=\"generator\" content=\"All in One SEO (AIOSEO) 4.9.10\" \/>\n\t\t<meta property=\"og:locale\" content=\"pt_BR\" \/>\n\t\t<meta property=\"og:site_name\" content=\"News In Foco - Editado por Caio Pimenta - O principal site de noticias de Alagoinhas e regi\u00e3o\" \/>\n\t\t<meta property=\"og:type\" content=\"article\" \/>\n\t\t<meta property=\"og:title\" content=\"Festival Educadora FM estende prazo de inscri\u00e7\u00f5es e anuncia pr\u00eamio recorde de R$ 530 mil - News In Foco - Editado por Caio Pimenta\" \/>\n\t\t<meta property=\"og:description\" content=\"As inscri\u00e7\u00f5es da categoria profissional do 24\u00ba Festival de M\u00fasica Educadora FM foram prorrogadas at\u00e9 o dia 18 de maio e podem ser realizadas por meio do site festivaleducadora.ba.gov.br. A R\u00e1dio Educadora FM tamb\u00e9m anunciou os integrantes da comiss\u00e3o julgadora desta edi\u00e7\u00e3o, formada pelos m\u00fasicos baianos Eric Assmar, Alo\u00edsio Menezes, Virg\u00ednia Rodrigues, Adelmo Cas\u00e9 e\" \/>\n\t\t<meta property=\"og:url\" content=\"https:\/\/newsinfoco.com.br\/inicio\/festival-educadora-fm-estende-prazo-de-inscricoes-e-anuncia-premio-recorde-de-r-530-mil\/\" \/>\n\t\t<meta property=\"article:published_time\" content=\"2026-05-11T16:44:34+00:00\" \/>\n\t\t<meta property=\"article:modified_time\" content=\"2026-05-11T16:44:34+00:00\" \/>\n\t\t<meta name=\"twitter:card\" content=\"summary_large_image\" \/>\n\t\t<meta name=\"twitter:title\" content=\"Festival Educadora FM estende prazo de inscri\u00e7\u00f5es e anuncia pr\u00eamio recorde de R$ 530 mil - News In Foco - Editado por Caio Pimenta\" \/>\n\t\t<meta name=\"twitter:description\" content=\"As inscri\u00e7\u00f5es da categoria profissional do 24\u00ba Festival de M\u00fasica Educadora FM foram prorrogadas at\u00e9 o dia 18 de maio e podem ser realizadas por meio do site festivaleducadora.ba.gov.br. A R\u00e1dio Educadora FM tamb\u00e9m anunciou os integrantes da comiss\u00e3o julgadora desta edi\u00e7\u00e3o, formada pelos m\u00fasicos baianos Eric Assmar, Alo\u00edsio Menezes, Virg\u00ednia Rodrigues, Adelmo Cas\u00e9 e\" \/>\n\t\t<script type=\"application\/ld+json\" class=\"aioseo-schema\">\n\t\t\t{\"@context\":\"https:\\\/\\\/schema.org\",\"@graph\":[{\"@type\":\"BlogPosting\",\"@id\":\"https:\\\/\\\/newsinfoco.com.br\\\/inicio\\\/festival-educadora-fm-estende-prazo-de-inscricoes-e-anuncia-premio-recorde-de-r-530-mil\\\/#blogposting\",\"name\":\"Festival Educadora FM estende prazo de inscri\\u00e7\\u00f5es e anuncia pr\\u00eamio recorde de R$ 530 mil - News In Foco - Editado por Caio Pimenta\",\"headline\":\"Festival Educadora FM estende prazo de inscri\\u00e7\\u00f5es e anuncia pr\\u00eamio recorde de R$ 530 mil\",\"author\":{\"@id\":\"https:\\\/\\\/newsinfoco.com.br\\\/inicio\\\/author\\\/administrador\\\/#author\"},\"publisher\":{\"@id\":\"https:\\\/\\\/newsinfoco.com.br\\\/inicio\\\/#organization\"},\"image\":{\"@type\":\"ImageObject\",\"url\":\"https:\\\/\\\/newsinfoco.com.br\\\/inicio\\\/wp-content\\\/uploads\\\/2026\\\/05\\\/FESTIVAL-EDUCADORA.jpg\",\"width\":600,\"height\":420},\"datePublished\":\"2026-05-11T13:44:34-03:00\",\"dateModified\":\"2026-05-11T13:44:34-03:00\",\"inLanguage\":\"pt-BR\",\"mainEntityOfPage\":{\"@id\":\"https:\\\/\\\/newsinfoco.com.br\\\/inicio\\\/festival-educadora-fm-estende-prazo-de-inscricoes-e-anuncia-premio-recorde-de-r-530-mil\\\/#webpage\"},\"isPartOf\":{\"@id\":\"https:\\\/\\\/newsinfoco.com.br\\\/inicio\\\/festival-educadora-fm-estende-prazo-de-inscricoes-e-anuncia-premio-recorde-de-r-530-mil\\\/#webpage\"},\"articleSection\":\"Bahia\"},{\"@type\":\"BreadcrumbList\",\"@id\":\"https:\\\/\\\/newsinfoco.com.br\\\/inicio\\\/festival-educadora-fm-estende-prazo-de-inscricoes-e-anuncia-premio-recorde-de-r-530-mil\\\/#breadcrumblist\",\"itemListElement\":[{\"@type\":\"ListItem\",\"@id\":\"https:\\\/\\\/newsinfoco.com.br\\\/inicio#listItem\",\"position\":1,\"name\":\"In\\u00edcio\",\"item\":\"https:\\\/\\\/newsinfoco.com.br\\\/inicio\",\"nextItem\":{\"@type\":\"ListItem\",\"@id\":\"https:\\\/\\\/newsinfoco.com.br\\\/inicio\\\/category\\\/bahia\\\/#listItem\",\"name\":\"Bahia\"}},{\"@type\":\"ListItem\",\"@id\":\"https:\\\/\\\/newsinfoco.com.br\\\/inicio\\\/category\\\/bahia\\\/#listItem\",\"position\":2,\"name\":\"Bahia\",\"item\":\"https:\\\/\\\/newsinfoco.com.br\\\/inicio\\\/category\\\/bahia\\\/\",\"nextItem\":{\"@type\":\"ListItem\",\"@id\":\"https:\\\/\\\/newsinfoco.com.br\\\/inicio\\\/festival-educadora-fm-estende-prazo-de-inscricoes-e-anuncia-premio-recorde-de-r-530-mil\\\/#listItem\",\"name\":\"Festival Educadora FM estende prazo de inscri\\u00e7\\u00f5es e anuncia pr\\u00eamio recorde de R$ 530 mil\"},\"previousItem\":{\"@type\":\"ListItem\",\"@id\":\"https:\\\/\\\/newsinfoco.com.br\\\/inicio#listItem\",\"name\":\"In\\u00edcio\"}},{\"@type\":\"ListItem\",\"@id\":\"https:\\\/\\\/newsinfoco.com.br\\\/inicio\\\/festival-educadora-fm-estende-prazo-de-inscricoes-e-anuncia-premio-recorde-de-r-530-mil\\\/#listItem\",\"position\":3,\"name\":\"Festival Educadora FM estende prazo de inscri\\u00e7\\u00f5es e anuncia pr\\u00eamio recorde de R$ 530 mil\",\"previousItem\":{\"@type\":\"ListItem\",\"@id\":\"https:\\\/\\\/newsinfoco.com.br\\\/inicio\\\/category\\\/bahia\\\/#listItem\",\"name\":\"Bahia\"}}]},{\"@type\":\"Organization\",\"@id\":\"https:\\\/\\\/newsinfoco.com.br\\\/inicio\\\/#organization\",\"name\":\"News In Foco - Editado por Caio Pimenta\",\"description\":\"O principal site de noticias de Alagoinhas e regi\\u00e3o\",\"url\":\"https:\\\/\\\/newsinfoco.com.br\\\/inicio\\\/\"},{\"@type\":\"Person\",\"@id\":\"https:\\\/\\\/newsinfoco.com.br\\\/inicio\\\/author\\\/administrador\\\/#author\",\"url\":\"https:\\\/\\\/newsinfoco.com.br\\\/inicio\\\/author\\\/administrador\\\/\",\"name\":\"administrador\",\"image\":{\"@type\":\"ImageObject\",\"@id\":\"https:\\\/\\\/newsinfoco.com.br\\\/inicio\\\/festival-educadora-fm-estende-prazo-de-inscricoes-e-anuncia-premio-recorde-de-r-530-mil\\\/#authorImage\",\"url\":\"https:\\\/\\\/secure.gravatar.com\\\/avatar\\\/c17a617433de8c1dc9584bb79aab7563b46f5bb7e1728c9b17d9cc3ce6a08e49?s=96&d=mm&r=g\",\"width\":96,\"height\":96,\"caption\":\"administrador\"}},{\"@type\":\"WebPage\",\"@id\":\"https:\\\/\\\/newsinfoco.com.br\\\/inicio\\\/festival-educadora-fm-estende-prazo-de-inscricoes-e-anuncia-premio-recorde-de-r-530-mil\\\/#webpage\",\"url\":\"https:\\\/\\\/newsinfoco.com.br\\\/inicio\\\/festival-educadora-fm-estende-prazo-de-inscricoes-e-anuncia-premio-recorde-de-r-530-mil\\\/\",\"name\":\"Festival Educadora FM estende prazo de inscri\\u00e7\\u00f5es e anuncia pr\\u00eamio recorde de R$ 530 mil - News In Foco - Editado por Caio Pimenta\",\"description\":\"As inscri\\u00e7\\u00f5es da categoria profissional do 24\\u00ba Festival de M\\u00fasica Educadora FM foram prorrogadas at\\u00e9 o dia 18 de maio e podem ser realizadas por meio do site festivaleducadora.ba.gov.br. A R\\u00e1dio Educadora FM tamb\\u00e9m anunciou os integrantes da comiss\\u00e3o julgadora desta edi\\u00e7\\u00e3o, formada pelos m\\u00fasicos baianos Eric Assmar, Alo\\u00edsio Menezes, Virg\\u00ednia Rodrigues, Adelmo Cas\\u00e9 e\",\"inLanguage\":\"pt-BR\",\"isPartOf\":{\"@id\":\"https:\\\/\\\/newsinfoco.com.br\\\/inicio\\\/#website\"},\"breadcrumb\":{\"@id\":\"https:\\\/\\\/newsinfoco.com.br\\\/inicio\\\/festival-educadora-fm-estende-prazo-de-inscricoes-e-anuncia-premio-recorde-de-r-530-mil\\\/#breadcrumblist\"},\"author\":{\"@id\":\"https:\\\/\\\/newsinfoco.com.br\\\/inicio\\\/author\\\/administrador\\\/#author\"},\"creator\":{\"@id\":\"https:\\\/\\\/newsinfoco.com.br\\\/inicio\\\/author\\\/administrador\\\/#author\"},\"image\":{\"@type\":\"ImageObject\",\"url\":\"https:\\\/\\\/newsinfoco.com.br\\\/inicio\\\/wp-content\\\/uploads\\\/2026\\\/05\\\/FESTIVAL-EDUCADORA.jpg\",\"@id\":\"https:\\\/\\\/newsinfoco.com.br\\\/inicio\\\/festival-educadora-fm-estende-prazo-de-inscricoes-e-anuncia-premio-recorde-de-r-530-mil\\\/#mainImage\",\"width\":600,\"height\":420},\"primaryImageOfPage\":{\"@id\":\"https:\\\/\\\/newsinfoco.com.br\\\/inicio\\\/festival-educadora-fm-estende-prazo-de-inscricoes-e-anuncia-premio-recorde-de-r-530-mil\\\/#mainImage\"},\"datePublished\":\"2026-05-11T13:44:34-03:00\",\"dateModified\":\"2026-05-11T13:44:34-03:00\"},{\"@type\":\"WebSite\",\"@id\":\"https:\\\/\\\/newsinfoco.com.br\\\/inicio\\\/#website\",\"url\":\"https:\\\/\\\/newsinfoco.com.br\\\/inicio\\\/\",\"name\":\"News In Foco - Editado por Caio Pimenta\",\"description\":\"O principal site de noticias de Alagoinhas e regi\\u00e3o\",\"inLanguage\":\"pt-BR\",\"publisher\":{\"@id\":\"https:\\\/\\\/newsinfoco.com.br\\\/inicio\\\/#organization\"}}]}\n\t\t<\/script>\n\t\t<!-- All in One SEO -->\n\n","aioseo_head_json":{"title":"Festival Educadora FM estende prazo de inscri\u00e7\u00f5es e anuncia pr\u00eamio recorde de R$ 530 mil - News In Foco - Editado por Caio Pimenta","description":"As inscri\u00e7\u00f5es da categoria profissional do 24\u00ba Festival de M\u00fasica Educadora FM foram prorrogadas at\u00e9 o dia 18 de maio e podem ser realizadas por meio do site festivaleducadora.ba.gov.br. A R\u00e1dio Educadora FM tamb\u00e9m anunciou os integrantes da comiss\u00e3o julgadora desta edi\u00e7\u00e3o, formada pelos m\u00fasicos baianos Eric Assmar, Alo\u00edsio Menezes, Virg\u00ednia Rodrigues, Adelmo Cas\u00e9 e","canonical_url":"https:\/\/newsinfoco.com.br\/inicio\/festival-educadora-fm-estende-prazo-de-inscricoes-e-anuncia-premio-recorde-de-r-530-mil\/","robots":"max-image-preview:large","keywords":"","webmasterTools":{"miscellaneous":""},"schema":{"@context":"https:\/\/schema.org","@graph":[{"@type":"BlogPosting","@id":"https:\/\/newsinfoco.com.br\/inicio\/festival-educadora-fm-estende-prazo-de-inscricoes-e-anuncia-premio-recorde-de-r-530-mil\/#blogposting","name":"Festival Educadora FM estende prazo de inscri\u00e7\u00f5es e anuncia pr\u00eamio recorde de R$ 530 mil - News In Foco - Editado por Caio Pimenta","headline":"Festival Educadora FM estende prazo de inscri\u00e7\u00f5es e anuncia pr\u00eamio recorde de R$ 530 mil","author":{"@id":"https:\/\/newsinfoco.com.br\/inicio\/author\/administrador\/#author"},"publisher":{"@id":"https:\/\/newsinfoco.com.br\/inicio\/#organization"},"image":{"@type":"ImageObject","url":"https:\/\/newsinfoco.com.br\/inicio\/wp-content\/uploads\/2026\/05\/FESTIVAL-EDUCADORA.jpg","width":600,"height":420},"datePublished":"2026-05-11T13:44:34-03:00","dateModified":"2026-05-11T13:44:34-03:00","inLanguage":"pt-BR","mainEntityOfPage":{"@id":"https:\/\/newsinfoco.com.br\/inicio\/festival-educadora-fm-estende-prazo-de-inscricoes-e-anuncia-premio-recorde-de-r-530-mil\/#webpage"},"isPartOf":{"@id":"https:\/\/newsinfoco.com.br\/inicio\/festival-educadora-fm-estende-prazo-de-inscricoes-e-anuncia-premio-recorde-de-r-530-mil\/#webpage"},"articleSection":"Bahia"},{"@type":"BreadcrumbList","@id":"https:\/\/newsinfoco.com.br\/inicio\/festival-educadora-fm-estende-prazo-de-inscricoes-e-anuncia-premio-recorde-de-r-530-mil\/#breadcrumblist","itemListElement":[{"@type":"ListItem","@id":"https:\/\/newsinfoco.com.br\/inicio#listItem","position":1,"name":"In\u00edcio","item":"https:\/\/newsinfoco.com.br\/inicio","nextItem":{"@type":"ListItem","@id":"https:\/\/newsinfoco.com.br\/inicio\/category\/bahia\/#listItem","name":"Bahia"}},{"@type":"ListItem","@id":"https:\/\/newsinfoco.com.br\/inicio\/category\/bahia\/#listItem","position":2,"name":"Bahia","item":"https:\/\/newsinfoco.com.br\/inicio\/category\/bahia\/","nextItem":{"@type":"ListItem","@id":"https:\/\/newsinfoco.com.br\/inicio\/festival-educadora-fm-estende-prazo-de-inscricoes-e-anuncia-premio-recorde-de-r-530-mil\/#listItem","name":"Festival Educadora FM estende prazo de inscri\u00e7\u00f5es e anuncia pr\u00eamio recorde de R$ 530 mil"},"previousItem":{"@type":"ListItem","@id":"https:\/\/newsinfoco.com.br\/inicio#listItem","name":"In\u00edcio"}},{"@type":"ListItem","@id":"https:\/\/newsinfoco.com.br\/inicio\/festival-educadora-fm-estende-prazo-de-inscricoes-e-anuncia-premio-recorde-de-r-530-mil\/#listItem","position":3,"name":"Festival Educadora FM estende prazo de inscri\u00e7\u00f5es e anuncia pr\u00eamio recorde de R$ 530 mil","previousItem":{"@type":"ListItem","@id":"https:\/\/newsinfoco.com.br\/inicio\/category\/bahia\/#listItem","name":"Bahia"}}]},{"@type":"Organization","@id":"https:\/\/newsinfoco.com.br\/inicio\/#organization","name":"News In Foco - Editado por Caio Pimenta","description":"O principal site de noticias de Alagoinhas e regi\u00e3o","url":"https:\/\/newsinfoco.com.br\/inicio\/"},{"@type":"Person","@id":"https:\/\/newsinfoco.com.br\/inicio\/author\/administrador\/#author","url":"https:\/\/newsinfoco.com.br\/inicio\/author\/administrador\/","name":"administrador","image":{"@type":"ImageObject","@id":"https:\/\/newsinfoco.com.br\/inicio\/festival-educadora-fm-estende-prazo-de-inscricoes-e-anuncia-premio-recorde-de-r-530-mil\/#authorImage","url":"https:\/\/secure.gravatar.com\/avatar\/c17a617433de8c1dc9584bb79aab7563b46f5bb7e1728c9b17d9cc3ce6a08e49?s=96&d=mm&r=g","width":96,"height":96,"caption":"administrador"}},{"@type":"WebPage","@id":"https:\/\/newsinfoco.com.br\/inicio\/festival-educadora-fm-estende-prazo-de-inscricoes-e-anuncia-premio-recorde-de-r-530-mil\/#webpage","url":"https:\/\/newsinfoco.com.br\/inicio\/festival-educadora-fm-estende-prazo-de-inscricoes-e-anuncia-premio-recorde-de-r-530-mil\/","name":"Festival Educadora FM estende prazo de inscri\u00e7\u00f5es e anuncia pr\u00eamio recorde de R$ 530 mil - News In Foco - Editado por Caio Pimenta","description":"As inscri\u00e7\u00f5es da categoria profissional do 24\u00ba Festival de M\u00fasica Educadora FM foram prorrogadas at\u00e9 o dia 18 de maio e podem ser realizadas por meio do site festivaleducadora.ba.gov.br. A R\u00e1dio Educadora FM tamb\u00e9m anunciou os integrantes da comiss\u00e3o julgadora desta edi\u00e7\u00e3o, formada pelos m\u00fasicos baianos Eric Assmar, Alo\u00edsio Menezes, Virg\u00ednia Rodrigues, Adelmo Cas\u00e9 e","inLanguage":"pt-BR","isPartOf":{"@id":"https:\/\/newsinfoco.com.br\/inicio\/#website"},"breadcrumb":{"@id":"https:\/\/newsinfoco.com.br\/inicio\/festival-educadora-fm-estende-prazo-de-inscricoes-e-anuncia-premio-recorde-de-r-530-mil\/#breadcrumblist"},"author":{"@id":"https:\/\/newsinfoco.com.br\/inicio\/author\/administrador\/#author"},"creator":{"@id":"https:\/\/newsinfoco.com.br\/inicio\/author\/administrador\/#author"},"image":{"@type":"ImageObject","url":"https:\/\/newsinfoco.com.br\/inicio\/wp-content\/uploads\/2026\/05\/FESTIVAL-EDUCADORA.jpg","@id":"https:\/\/newsinfoco.com.br\/inicio\/festival-educadora-fm-estende-prazo-de-inscricoes-e-anuncia-premio-recorde-de-r-530-mil\/#mainImage","width":600,"height":420},"primaryImageOfPage":{"@id":"https:\/\/newsinfoco.com.br\/inicio\/festival-educadora-fm-estende-prazo-de-inscricoes-e-anuncia-premio-recorde-de-r-530-mil\/#mainImage"},"datePublished":"2026-05-11T13:44:34-03:00","dateModified":"2026-05-11T13:44:34-03:00"},{"@type":"WebSite","@id":"https:\/\/newsinfoco.com.br\/inicio\/#website","url":"https:\/\/newsinfoco.com.br\/inicio\/","name":"News In Foco - Editado por Caio Pimenta","description":"O principal site de noticias de Alagoinhas e regi\u00e3o","inLanguage":"pt-BR","publisher":{"@id":"https:\/\/newsinfoco.com.br\/inicio\/#organization"}}]},"og:locale":"pt_BR","og:site_name":"News In Foco - Editado por Caio Pimenta - O principal site de noticias de Alagoinhas e regi\u00e3o","og:type":"article","og:title":"Festival Educadora FM estende prazo de inscri\u00e7\u00f5es e anuncia pr\u00eamio recorde de R$ 530 mil - News In Foco - Editado por Caio Pimenta","og:description":"As inscri\u00e7\u00f5es da categoria profissional do 24\u00ba Festival de M\u00fasica Educadora FM foram prorrogadas at\u00e9 o dia 18 de maio e podem ser realizadas por meio do site festivaleducadora.ba.gov.br. A R\u00e1dio Educadora FM tamb\u00e9m anunciou os integrantes da comiss\u00e3o julgadora desta edi\u00e7\u00e3o, formada pelos m\u00fasicos baianos Eric Assmar, Alo\u00edsio Menezes, Virg\u00ednia Rodrigues, Adelmo Cas\u00e9 e","og:url":"https:\/\/newsinfoco.com.br\/inicio\/festival-educadora-fm-estende-prazo-de-inscricoes-e-anuncia-premio-recorde-de-r-530-mil\/","article:published_time":"2026-05-11T16:44:34+00:00","article:modified_time":"2026-05-11T16:44:34+00:00","twitter:card":"summary_large_image","twitter:title":"Festival Educadora FM estende prazo de inscri\u00e7\u00f5es e anuncia pr\u00eamio recorde de R$ 530 mil - News In Foco - Editado por Caio Pimenta","twitter:description":"As inscri\u00e7\u00f5es da categoria profissional do 24\u00ba Festival de M\u00fasica Educadora FM foram prorrogadas at\u00e9 o dia 18 de maio e podem ser realizadas por meio do site festivaleducadora.ba.gov.br. A R\u00e1dio Educadora FM tamb\u00e9m anunciou os integrantes da comiss\u00e3o julgadora desta edi\u00e7\u00e3o, formada pelos m\u00fasicos baianos Eric Assmar, Alo\u00edsio Menezes, Virg\u00ednia Rodrigues, Adelmo Cas\u00e9 e"},"aioseo_meta_data":{"post_id":"50757","title":null,"description":null,"keywords":null,"keyphrases":{"focus":{"keyphrase":"","score":0,"analysis":{"keyphraseInTitle":{"score":0,"maxScore":9,"error":1}}},"additional":[]},"primary_term":null,"canonical_url":null,"og_title":null,"og_description":null,"og_object_type":"default","og_image_type":"default","og_image_url":null,"og_image_width":null,"og_image_height":null,"og_image_custom_url":null,"og_image_custom_fields":null,"og_video":"","og_custom_url":null,"og_article_section":null,"og_article_tags":null,"twitter_use_og":false,"twitter_card":"default","twitter_image_type":"default","twitter_image_url":null,"twitter_image_custom_url":null,"twitter_image_custom_fields":null,"twitter_title":null,"twitter_description":null,"schema":{"blockGraphs":[],"customGraphs":[],"default":{"data":{"Article":[],"Course":[],"Dataset":[],"FAQPage":[],"Movie":[],"Person":[],"Product":[],"ProductReview":[],"Car":[],"Recipe":[],"Service":[],"SoftwareApplication":[],"WebPage":[]},"graphName":"BlogPosting","isEnabled":true},"graphs":[]},"schema_type":"default","schema_type_options":null,"pillar_content":false,"robots_default":true,"robots_noindex":false,"robots_noarchive":false,"robots_nosnippet":false,"robots_nofollow":false,"robots_noimageindex":false,"robots_noodp":false,"robots_notranslate":false,"robots_max_snippet":"-1","robots_max_videopreview":"-1","robots_max_imagepreview":"large","priority":null,"frequency":"default","local_seo":null,"breadcrumb_settings":null,"limit_modified_date":false,"ai":{"faqs":[],"keyPoints":[],"titles":[],"descriptions":[],"socialPosts":{"email":[],"linkedin":[],"twitter":[],"facebook":[],"instagram":[]}},"created":"2026-05-11 16:44:34","updated":"2026-05-11 16:46:13","seo_analyzer_scan_date":null},"aioseo_breadcrumb":"<div class=\"aioseo-breadcrumbs\"><span class=\"aioseo-breadcrumb\">\n\t\t\t<a href=\"https:\/\/newsinfoco.com.br\/inicio\" title=\"In\u00edcio\">In\u00edcio<\/a>\n\t\t<\/span><span class=\"aioseo-breadcrumb-separator\">&raquo;<\/span><span class=\"aioseo-breadcrumb\">\n\t\t\t<a href=\"https:\/\/newsinfoco.com.br\/inicio\/category\/bahia\/\" title=\"Bahia\">Bahia<\/a>\n\t\t<\/span><span class=\"aioseo-breadcrumb-separator\">&raquo;<\/span><span class=\"aioseo-breadcrumb\">\n\t\t\tFestival Educadora FM estende prazo de inscri\u00e7\u00f5es e anuncia pr\u00eamio recorde de R$ 530 mil\n\t\t<\/span><\/div>","aioseo_breadcrumb_json":[{"label":"In\u00edcio","link":"https:\/\/newsinfoco.com.br\/inicio"},{"label":"Bahia","link":"https:\/\/newsinfoco.com.br\/inicio\/category\/bahia\/"},{"label":"Festival Educadora FM estende prazo de inscri\u00e7\u00f5es e anuncia pr\u00eamio recorde de R$ 530 mil","link":"https:\/\/newsinfoco.com.br\/inicio\/festival-educadora-fm-estende-prazo-de-inscricoes-e-anuncia-premio-recorde-de-r-530-mil\/"}],"_links":{"self":[{"href":"https:\/\/newsinfoco.com.br\/inicio\/wp-json\/wp\/v2\/posts\/50757","targetHints":{"allow":["GET"]}}],"collection":[{"href":"https:\/\/newsinfoco.com.br\/inicio\/wp-json\/wp\/v2\/posts"}],"about":[{"href":"https:\/\/newsinfoco.com.br\/inicio\/wp-json\/wp\/v2\/types\/post"}],"author":[{"embeddable":true,"href":"https:\/\/newsinfoco.com.br\/inicio\/wp-json\/wp\/v2\/users\/1"}],"replies":[{"embeddable":true,"href":"https:\/\/newsinfoco.com.br\/inicio\/wp-json\/wp\/v2\/comments?post=50757"}],"version-history":[{"count":1,"href":"https:\/\/newsinfoco.com.br\/inicio\/wp-json\/wp\/v2\/posts\/50757\/revisions"}],"predecessor-version":[{"id":50759,"href":"https:\/\/newsinfoco.com.br\/inicio\/wp-json\/wp\/v2\/posts\/50757\/revisions\/50759"}],"wp:featuredmedia":[{"embeddable":true,"href":"https:\/\/newsinfoco.com.br\/inicio\/wp-json\/wp\/v2\/media\/50758"}],"wp:attachment":[{"href":"https:\/\/newsinfoco.com.br\/inicio\/wp-json\/wp\/v2\/media?parent=50757"}],"wp:term":[{"taxonomy":"category","embeddable":true,"href":"https:\/\/newsinfoco.com.br\/inicio\/wp-json\/wp\/v2\/categories?post=50757"},{"taxonomy":"post_tag","embeddable":true,"href":"https:\/\/newsinfoco.com.br\/inicio\/wp-json\/wp\/v2\/tags?post=50757"}],"curies":[{"name":"wp","href":"https:\/\/api.w.org\/{rel}","templated":true}]}}