{"id":5116,"date":"2018-06-11T17:27:31","date_gmt":"2018-06-11T20:27:31","guid":{"rendered":"http:\/\/newsinfoco.com.br\/?p=5116"},"modified":"2018-06-11T17:27:31","modified_gmt":"2018-06-11T20:27:31","slug":"feira-de-saneamento-proporciona-um-domingo-de-lazer-e-informacao-a-moradores-do-jardim-petrolar","status":"publish","type":"post","link":"https:\/\/newsinfoco.com.br\/inicio\/feira-de-saneamento-proporciona-um-domingo-de-lazer-e-informacao-a-moradores-do-jardim-petrolar\/","title":{"rendered":"Feira de Saneamento proporciona um domingo de lazer e informa\u00e7\u00e3o a moradores do Jardim Petrolar"},"content":{"rendered":"<p style=\"text-align: justify;\"><span style=\"color: #000000;\">Um momento repleto de lazer, conhecimento e intera\u00e7\u00e3o. Assim foi a manh\u00e3 dos moradores do Jardim Petrolar neste domingo (10), com a execu\u00e7\u00e3o da Feira de Saneamento do Servi\u00e7o Aut\u00f4nomo de \u00c1gua e Esgoto (SAAE) Alagoinhas.<\/span><\/p>\n<p style=\"text-align: justify;\"><span style=\"color: #000000;\">O evento, desenvolvido pela Assessoria de Integra\u00e7\u00e3o Comunit\u00e1ria (AIC) e parte do programa federal Saneamento para Todos, possibilitou um contato entre a popula\u00e7\u00e3o e servi\u00e7os p\u00fablicos de sa\u00fade, educa\u00e7\u00e3o ambiental e sanit\u00e1ria.<\/span><\/p><div class=\"newsi-conteudo_19\" id=\"newsi-2299051959\"><a href=\"https:\/\/www.instagram.com\/prefeituraalagoinhas?igsh=YzgzdDJ1bWR3aWI4\" aria-label=\"SAVE_20251006_221555\"><img loading=\"lazy\" decoding=\"async\" src=\"https:\/\/newsinfoco.com.br\/inicio\/wp-content\/uploads\/2025\/10\/SAVE_20251006_221555-rotated.jpg\" alt=\"\"  srcset=\"https:\/\/newsinfoco.com.br\/inicio\/wp-content\/uploads\/2025\/10\/SAVE_20251006_221555-rotated.jpg 1140w, https:\/\/newsinfoco.com.br\/inicio\/wp-content\/uploads\/2025\/10\/SAVE_20251006_221555-300x52.jpg 300w, https:\/\/newsinfoco.com.br\/inicio\/wp-content\/uploads\/2025\/10\/SAVE_20251006_221555-1024x177.jpg 1024w, https:\/\/newsinfoco.com.br\/inicio\/wp-content\/uploads\/2025\/10\/SAVE_20251006_221555-768x133.jpg 768w, https:\/\/newsinfoco.com.br\/inicio\/wp-content\/uploads\/2025\/10\/SAVE_20251006_221555-600x104.jpg 600w, https:\/\/newsinfoco.com.br\/inicio\/wp-content\/uploads\/2025\/10\/SAVE_20251006_221555-696x120.jpg 696w, https:\/\/newsinfoco.com.br\/inicio\/wp-content\/uploads\/2025\/10\/SAVE_20251006_221555-1068x185.jpg 1068w\" sizes=\"(max-width: 1140px) 100vw, 1140px\" width=\"1140\" height=\"197\"   \/><\/a><\/div>\n<p style=\"text-align: justify;\"><span style=\"color: #000000;\">Ao longo de toda a manh\u00e3, a popula\u00e7\u00e3o teve acesso, de forma gratuita, a servi\u00e7os fisioterap\u00eauticos, orienta\u00e7\u00e3o odontol\u00f3gica e sobre causas jur\u00eddicas, corte de cabelo, gin\u00e1stica laboral, massagens terap\u00eauticas, aferi\u00e7\u00e3o de press\u00e3o, solicita\u00e7\u00e3o de 2\u00aa via, palestra sobre uso racional da \u00e1gua.<\/span><\/p>\n<p style=\"text-align: justify;\"><span style=\"color: #000000;\">Tudo isso numa a\u00e7\u00e3o conjunta entre a autarquia e parceiros, como a FATEC, a UNIRB, a Secretaria Municipal de Sa\u00fade (SESAU), o Centro Profissionalizante de Cabelereiros e Similares (CEPROC), o Posto de Atendimento do SAAE, Mary Kay, Gleice Massagens Terap\u00eauticas, Secretaria Municipal de Desenvolvimento e Meio Ambiente (SEDEA), Secretaria Municipal de Assist\u00eancia Social (SEMAS) e professor Itamar Brito.<\/span><\/p>\n<p style=\"text-align: justify;\"><span style=\"color: #000000;\">De acordo com Leila Pires, assessora de Integra\u00e7\u00e3o Comunit\u00e1ria, a Feira teve como foco saneamento b\u00e1sico e educa\u00e7\u00e3o ambiental. \u00a0Estrategicamente, os temas foram abordados de maneira l\u00fadica, fazendo uso, por exemplo, de teatro de fantoches, uma vez que havia a preocupa\u00e7\u00e3o em cativar o p\u00fablico infantil.<\/span><\/p>\n<p style=\"text-align: justify;\"><span style=\"color: #000000;\">Para Tila Cerqueira, coordenadora odontologia FATEC, toda a\u00e7\u00e3o educativa \u00e9 valida por mexer com a quest\u00e3o da preven\u00e7\u00e3o. Prevenindo, evita-se diversos problemas. Da\u00ed a import\u00e2ncia de atingir o p\u00fablico infantil, uma vez que as crian\u00e7as acabam sendo agentes multiplicadores, inclusive dentro da fam\u00edlia. \u201cDessa forma, a gente deixa plantada uma semente de conhecimento\u201d, explicou a coordenadora odontol\u00f3gica.<\/span><\/p>\n<p style=\"text-align: justify;\"><span style=\"color: #000000;\">Michele Duarte, vendedora, qualificou a Feira como interessante e, junto ao filho, aproveitou in\u00fameros servi\u00e7os, desde orienta\u00e7\u00e3o bucal at\u00e9 planejamento familiar. \u201cFoi muito legal, todos os servi\u00e7os foram importantes para mim\u201d, disse a moradora do bairro.<\/span><\/p>\n<p style=\"text-align: justify;\"><span style=\"color: #000000;\">A associa\u00e7\u00e3o de moradores do bairro tamb\u00e9m participou da Feira, com barraca de comidas t\u00edpicas, cuja arrecada\u00e7\u00e3o ser\u00e1 revertida em melhorias para a pr\u00f3pria associa\u00e7\u00e3o.<\/span><\/p>\n<p style=\"text-align: justify;\"><span style=\"color: #000000;\">Maria das Gra\u00e7as Reis, diretora geral do SAAE, ressaltou que \u201co SAAE n\u00e3o s\u00f3 presta servi\u00e7o de abastecimento de \u00e1gua e saneamento sanit\u00e1rio, mas tem como objetivo promover a sa\u00fade de um modo mais amplo, para al\u00e9m das a\u00e7\u00f5es de infraestrutura\u201d.<\/span><\/p>\n<p style=\"text-align: justify;\">\n<p style=\"text-align: justify;\"><span style=\"color: #000000;\"><em>Al\u00e9m do atendimento presencial no Posto de Atendimento (Rua Moreira Rego,9977, Centro), h\u00e1 o WhatsApp e o Call Center. Pelo aplicativo, basta enviar uma mensagem (75) 981804500; o retorno sempre \u00e9 instant\u00e2neo. Pelo Call Center, \u00e9 s\u00f3 ligar gratuitamente para 0800 702 7065.<\/em><\/span><\/p>\n<p style=\"text-align: justify;\">\n<p style=\"text-align: justify;\"><span style=\"color: #000000;\"><strong>ASCOM<\/strong><\/span><br \/>\n<span style=\"color: #000000;\">Servi\u00e7o Aut\u00f4nomo de \u00c1gua e Esgoto \u2013 SAAE Alagoinhas<\/span><br \/>\n<span style=\"color: #000000;\">E-mail: ascom.saae@alagoinhas.ba.gov.br<\/span><br \/>\n<span style=\"color: #000000;\">Telefone: (75) 31826031<\/span><\/p>\n<p style=\"text-align: justify;\"><span style=\"color: #000000;\"><strong>Redes Sociais<\/strong><\/span><br \/>\n<span style=\"color: #000000;\">Facebook:\u00a0www.facebook.com\/saaedealagoinhas<\/span><br \/>\n<span style=\"color: #000000;\">Instagram:\u00a0www.instagram.com\/saaealagoinhas<\/span><br \/>\n<span style=\"color: #000000;\">Site:\u00a0www.saae.alagoinhas.ba.gov.br<\/span><\/p>\n<p style=\"text-align: right;\">Fonte: SECOM SAAE<\/p>\n<div style=\"text-align: justify;\" align=\"right\"><\/div>\n<div class='share-to-whatsapp-wrapper'><div class='share-on-whsp'>Share on: <\/div><a data-text='Feira de Saneamento proporciona um domingo de lazer e informa\u00e7\u00e3o a moradores do Jardim Petrolar' data-link='https:\/\/newsinfoco.com.br\/inicio\/feira-de-saneamento-proporciona-um-domingo-de-lazer-e-informacao-a-moradores-do-jardim-petrolar\/' class='whatsapp-button whatsapp-share'>WhatsApp<\/a><div class='clear '><\/div><\/div>","protected":false},"excerpt":{"rendered":"<p>Um momento repleto de lazer, conhecimento e intera\u00e7\u00e3o. Assim foi a manh\u00e3 dos moradores do Jardim Petrolar neste domingo (10), com a execu\u00e7\u00e3o da Feira de Saneamento do Servi\u00e7o Aut\u00f4nomo de \u00c1gua e Esgoto (SAAE) Alagoinhas. O evento, desenvolvido pela Assessoria de Integra\u00e7\u00e3o Comunit\u00e1ria (AIC) e parte do programa federal Saneamento para Todos, possibilitou um [&hellip;]<\/p>\n","protected":false},"author":1,"featured_media":5117,"comment_status":"open","ping_status":"open","sticky":false,"template":"","format":"standard","meta":{"om_disable_all_campaigns":false,"_exactmetrics_skip_tracking":false,"_exactmetrics_sitenote_active":false,"_exactmetrics_sitenote_note":"","_exactmetrics_sitenote_category":0,"footnotes":""},"categories":[38,30],"tags":[53,54,108],"class_list":["post-5116","post","type-post","status-publish","format-standard","has-post-thumbnail","hentry","category-alagoinhas-e-regiao","category-destaque","tag-alagoinhas","tag-prefeitura","tag-saae-secom"],"aioseo_notices":[],"_links":{"self":[{"href":"https:\/\/newsinfoco.com.br\/inicio\/wp-json\/wp\/v2\/posts\/5116","targetHints":{"allow":["GET"]}}],"collection":[{"href":"https:\/\/newsinfoco.com.br\/inicio\/wp-json\/wp\/v2\/posts"}],"about":[{"href":"https:\/\/newsinfoco.com.br\/inicio\/wp-json\/wp\/v2\/types\/post"}],"author":[{"embeddable":true,"href":"https:\/\/newsinfoco.com.br\/inicio\/wp-json\/wp\/v2\/users\/1"}],"replies":[{"embeddable":true,"href":"https:\/\/newsinfoco.com.br\/inicio\/wp-json\/wp\/v2\/comments?post=5116"}],"version-history":[{"count":0,"href":"https:\/\/newsinfoco.com.br\/inicio\/wp-json\/wp\/v2\/posts\/5116\/revisions"}],"wp:featuredmedia":[{"embeddable":true,"href":"https:\/\/newsinfoco.com.br\/inicio\/wp-json\/wp\/v2\/media\/5117"}],"wp:attachment":[{"href":"https:\/\/newsinfoco.com.br\/inicio\/wp-json\/wp\/v2\/media?parent=5116"}],"wp:term":[{"taxonomy":"category","embeddable":true,"href":"https:\/\/newsinfoco.com.br\/inicio\/wp-json\/wp\/v2\/categories?post=5116"},{"taxonomy":"post_tag","embeddable":true,"href":"https:\/\/newsinfoco.com.br\/inicio\/wp-json\/wp\/v2\/tags?post=5116"}],"curies":[{"name":"wp","href":"https:\/\/api.w.org\/{rel}","templated":true}]}}