{"id":5119,"date":"2018-06-11T17:35:46","date_gmt":"2018-06-11T20:35:46","guid":{"rendered":"http:\/\/newsinfoco.com.br\/?p=5119"},"modified":"2018-06-11T17:35:46","modified_gmt":"2018-06-11T20:35:46","slug":"creche-do-urupiara-em-alagoinhas-tem-ordem-de-servico-assinada","status":"publish","type":"post","link":"https:\/\/newsinfoco.com.br\/inicio\/creche-do-urupiara-em-alagoinhas-tem-ordem-de-servico-assinada\/","title":{"rendered":"Creche do Urupiara em Alagoinhas tem Ordem de Servi\u00e7o assinada"},"content":{"rendered":"<p style=\"text-align: justify;\"><span style=\"color: #000000;\">Assegurar um alto n\u00edvel na qualidade de ensino j\u00e1\u00a0\u00e9 uma das marcas da prefeitura de Alagoinhas. Na noite da \u00faltima sexta-feira (08), a Educa\u00e7\u00e3o Infantil ganhou um incentivo a mais com a assinatura da ordem de servi\u00e7o para uma creche no Conjunto Urupiara, na Rua do Catu, localidade que recentemente tamb\u00e9m recebeu investimentos da prefeitura em Ilumina\u00e7\u00e3o e Transporte Escolar.<\/span><\/p>\n<p style=\"text-align: justify;\"><span style=\"color: #000000;\">Cerca de R$ 2 mi do Fundo Nacional de Desenvolvimento da Educa\u00e7\u00e3o (FNDE ) ser\u00e3o investidos para a constru\u00e7\u00e3o da unidade, que ter\u00e1 capacidade de atendimento de at\u00e9 376 crian\u00e7as, em dois turnos (matutino e vespertino), ou 188 crian\u00e7as em per\u00edodo integral. Al\u00e9m do Urupiara, moradores do Residencial Brisas do Catu e do Parque S\u00e3o Francisco tamb\u00e9m poder\u00e3o ser beneficiados com a nova creche, mediante cadastro na prefeitura.<\/span><\/p><div class=\"newsi-conteudo_19\" id=\"newsi-2819456146\"><a href=\"https:\/\/www.instagram.com\/prefeituraalagoinhas?igsh=YzgzdDJ1bWR3aWI4\" aria-label=\"SAVE_20251006_221555\"><img loading=\"lazy\" decoding=\"async\" src=\"https:\/\/newsinfoco.com.br\/inicio\/wp-content\/uploads\/2025\/10\/SAVE_20251006_221555-rotated.jpg\" alt=\"\"  srcset=\"https:\/\/newsinfoco.com.br\/inicio\/wp-content\/uploads\/2025\/10\/SAVE_20251006_221555-rotated.jpg 1140w, https:\/\/newsinfoco.com.br\/inicio\/wp-content\/uploads\/2025\/10\/SAVE_20251006_221555-300x52.jpg 300w, https:\/\/newsinfoco.com.br\/inicio\/wp-content\/uploads\/2025\/10\/SAVE_20251006_221555-1024x177.jpg 1024w, https:\/\/newsinfoco.com.br\/inicio\/wp-content\/uploads\/2025\/10\/SAVE_20251006_221555-768x133.jpg 768w, https:\/\/newsinfoco.com.br\/inicio\/wp-content\/uploads\/2025\/10\/SAVE_20251006_221555-600x104.jpg 600w, https:\/\/newsinfoco.com.br\/inicio\/wp-content\/uploads\/2025\/10\/SAVE_20251006_221555-696x120.jpg 696w, https:\/\/newsinfoco.com.br\/inicio\/wp-content\/uploads\/2025\/10\/SAVE_20251006_221555-1068x185.jpg 1068w\" sizes=\"(max-width: 1140px) 100vw, 1140px\" width=\"1140\" height=\"197\"   \/><\/a><\/div>\n<p style=\"text-align: justify;\"><span style=\"color: #000000;\">\u201c\u00c9 a realiza\u00e7\u00e3o de um sonho da comunidade\u201d, disse a dona-de-casa Cristiane dos Santos, 35 anos, moradora do Urupiara e m\u00e3e de quatro filhos pequenos. \u201cEstou separada e sem ter com quer deixar as crian\u00e7as, fica dif\u00edcil sair para procurar emprego\u201d, conta. Assim como Cristiane, dona Isabel Assis, av\u00f3 de 10 crian\u00e7as, sendo cinco residentes no conjunto, tamb\u00e9m comemorou. \u201cPor ser longe do Centro, para quem mora nesta regi\u00e3o, \u00e9 muito dif\u00edcil o acesso a muitos servi\u00e7os. Precisamos de um Posto de Sa\u00fade perto, por exemplo, mas uma creche aqui j\u00e1 \u00e9 um bom come\u00e7o\u201d, disse.<\/span><\/p>\n<p style=\"text-align: justify;\"><span style=\"color: #000000;\">De acordo com secret\u00e1rio da Educa\u00e7\u00e3o (SEDUC), Fabr\u00edcio Faro, em breve ser\u00e3o assinadas ordens de servi\u00e7o para mais duas creches com esse padr\u00e3o, e o pr\u00f3ximo bairro a ser contemplado ser\u00e1 o Barreiro. Juntas, as tr\u00eas unidades devem somar um investimento de quase R$ 7 mi e atender a cerca de 500 crian\u00e7as. \u201dToda a documenta\u00e7\u00e3o j\u00e1 est\u00e1 encaminhada para o in\u00edcio das obras das creches do Barreiro e do Petrolar, mas isso s\u00f3 est\u00e1 sendo poss\u00edvel gra\u00e7as ao empenho da gest\u00e3o e ao apoio do deputado federal Paulo Azi no resgate dos recursos junto ao FNDE e na regulariza\u00e7\u00e3o dos terrenos \u201d, afirmou.<\/span><\/p>\n<p style=\"text-align: justify;\"><span style=\"color: #000000;\">As novas unidades escolares ter\u00e3o salas de aula, sala multiuso, sanit\u00e1rios, espa\u00e7o de higieniza\u00e7\u00e3o, recreio coberto, parque, refeit\u00f3rio, entre outros ambientes que permitem a realiza\u00e7\u00e3o de atividades pedag\u00f3gicas, recreativas, esportivas e de alimenta\u00e7\u00e3o, al\u00e9m das administrativas e de servi\u00e7os.<\/span><\/p>\n<p style=\"text-align: justify;\"><span style=\"color: #000000;\">Ao lado do prefeito Joaquim Neto, Paulo Azi mencionou que a Educa\u00e7\u00e3o deve ser uma prioridade de gest\u00e3o em todos os n\u00edveis. \u201cEstamos avan\u00e7ando, mas muitos desafios ainda est\u00e3o postos. Hoje n\u00f3s damos um pontap\u00e9 inicial p\u00e1ra uma unidade de pr\u00e9-escola e continuamos unindo for\u00e7as para ampliar o atendimento para cerca de mil crian\u00e7as, j\u00e1 no pr\u00f3ximo ano\u201d.<\/span><\/p>\n<p style=\"text-align: justify;\"><span style=\"color: #000000;\">Na cerim\u00f4nia de assinatura, que contou ainda com a premia\u00e7\u00e3o do Campeonato da Liga de Bairros, Joaquim Neto ressaltou que a creche \u00e9 uma enorme conquista para a Rua do Catu, localidade com grande densidade populacional. \u201cCom certeza, o futuro das crian\u00e7as ser\u00e1 muito melhor. As novas unidades ter\u00e3o uma infraestrutura de alta qualidade, que favorece o desenvolvimento escolar\u201d.<\/span><\/p>\n<p style=\"text-align: justify;\"><span style=\"color: #000000;\">Tamb\u00e9m estavam presentes na cerim\u00f4nia de assinatura, a vice-prefeita e secret\u00e1ria de Cultura, Esporte e Lazer(SECET), Iraci gama, o secret\u00e1rio de Governo (SEGOV), Marco Antunes, os vereadores Caio Ramo e Luciano Almeida, e o presidente da Associa\u00e7\u00e3o de Moradores do Urupiara, Sinval Almeida.<\/span><\/p>\n<p style=\"text-align: justify;\"><span style=\"color: #000000;\">CONFIRA GALERIA DE FOTOS:<\/span><\/p>\n<p><a href=\"http:\/\/newsinfoco.com.br\/wp-content\/uploads\/2018\/06\/28817513278_d6a83634e1_k.jpg\"><img loading=\"lazy\" decoding=\"async\" class=\"alignnone size-medium wp-image-5120\" src=\"http:\/\/newsinfoco.com.br\/wp-content\/uploads\/2018\/06\/28817513278_d6a83634e1_k-300x199.jpg\" alt=\"\" width=\"300\" height=\"199\" srcset=\"https:\/\/newsinfoco.com.br\/inicio\/wp-content\/uploads\/2018\/06\/28817513278_d6a83634e1_k-300x199.jpg 300w, https:\/\/newsinfoco.com.br\/inicio\/wp-content\/uploads\/2018\/06\/28817513278_d6a83634e1_k-768x509.jpg 768w, https:\/\/newsinfoco.com.br\/inicio\/wp-content\/uploads\/2018\/06\/28817513278_d6a83634e1_k-1024x678.jpg 1024w, https:\/\/newsinfoco.com.br\/inicio\/wp-content\/uploads\/2018\/06\/28817513278_d6a83634e1_k-600x397.jpg 600w, https:\/\/newsinfoco.com.br\/inicio\/wp-content\/uploads\/2018\/06\/28817513278_d6a83634e1_k-696x461.jpg 696w, https:\/\/newsinfoco.com.br\/inicio\/wp-content\/uploads\/2018\/06\/28817513278_d6a83634e1_k-1068x707.jpg 1068w, https:\/\/newsinfoco.com.br\/inicio\/wp-content\/uploads\/2018\/06\/28817513278_d6a83634e1_k-634x420.jpg 634w, https:\/\/newsinfoco.com.br\/inicio\/wp-content\/uploads\/2018\/06\/28817513278_d6a83634e1_k-1320x874.jpg 1320w, https:\/\/newsinfoco.com.br\/inicio\/wp-content\/uploads\/2018\/06\/28817513278_d6a83634e1_k.jpg 2048w\" sizes=\"auto, (max-width: 300px) 100vw, 300px\" \/><\/a> <a href=\"http:\/\/newsinfoco.com.br\/wp-content\/uploads\/2018\/06\/28817621018_2fd108256a_k.jpg\"><img loading=\"lazy\" decoding=\"async\" class=\"alignnone size-medium wp-image-5121\" src=\"http:\/\/newsinfoco.com.br\/wp-content\/uploads\/2018\/06\/28817621018_2fd108256a_k-300x199.jpg\" alt=\"\" width=\"300\" height=\"199\" srcset=\"https:\/\/newsinfoco.com.br\/inicio\/wp-content\/uploads\/2018\/06\/28817621018_2fd108256a_k-300x199.jpg 300w, https:\/\/newsinfoco.com.br\/inicio\/wp-content\/uploads\/2018\/06\/28817621018_2fd108256a_k-768x509.jpg 768w, https:\/\/newsinfoco.com.br\/inicio\/wp-content\/uploads\/2018\/06\/28817621018_2fd108256a_k-1024x678.jpg 1024w, https:\/\/newsinfoco.com.br\/inicio\/wp-content\/uploads\/2018\/06\/28817621018_2fd108256a_k-600x397.jpg 600w, https:\/\/newsinfoco.com.br\/inicio\/wp-content\/uploads\/2018\/06\/28817621018_2fd108256a_k-696x461.jpg 696w, https:\/\/newsinfoco.com.br\/inicio\/wp-content\/uploads\/2018\/06\/28817621018_2fd108256a_k-1068x707.jpg 1068w, https:\/\/newsinfoco.com.br\/inicio\/wp-content\/uploads\/2018\/06\/28817621018_2fd108256a_k-634x420.jpg 634w, https:\/\/newsinfoco.com.br\/inicio\/wp-content\/uploads\/2018\/06\/28817621018_2fd108256a_k-1320x874.jpg 1320w, https:\/\/newsinfoco.com.br\/inicio\/wp-content\/uploads\/2018\/06\/28817621018_2fd108256a_k.jpg 2048w\" sizes=\"auto, (max-width: 300px) 100vw, 300px\" \/><\/a> <a href=\"http:\/\/newsinfoco.com.br\/wp-content\/uploads\/2018\/06\/41791149965_de03e1041a_k.jpg\"><img loading=\"lazy\" decoding=\"async\" class=\"alignnone size-medium wp-image-5122\" src=\"http:\/\/newsinfoco.com.br\/wp-content\/uploads\/2018\/06\/41791149965_de03e1041a_k-300x199.jpg\" alt=\"\" width=\"300\" height=\"199\" srcset=\"https:\/\/newsinfoco.com.br\/inicio\/wp-content\/uploads\/2018\/06\/41791149965_de03e1041a_k-300x199.jpg 300w, https:\/\/newsinfoco.com.br\/inicio\/wp-content\/uploads\/2018\/06\/41791149965_de03e1041a_k-768x509.jpg 768w, https:\/\/newsinfoco.com.br\/inicio\/wp-content\/uploads\/2018\/06\/41791149965_de03e1041a_k-1024x678.jpg 1024w, https:\/\/newsinfoco.com.br\/inicio\/wp-content\/uploads\/2018\/06\/41791149965_de03e1041a_k-600x397.jpg 600w, https:\/\/newsinfoco.com.br\/inicio\/wp-content\/uploads\/2018\/06\/41791149965_de03e1041a_k-696x461.jpg 696w, https:\/\/newsinfoco.com.br\/inicio\/wp-content\/uploads\/2018\/06\/41791149965_de03e1041a_k-1068x707.jpg 1068w, https:\/\/newsinfoco.com.br\/inicio\/wp-content\/uploads\/2018\/06\/41791149965_de03e1041a_k-634x420.jpg 634w, https:\/\/newsinfoco.com.br\/inicio\/wp-content\/uploads\/2018\/06\/41791149965_de03e1041a_k-1320x874.jpg 1320w, https:\/\/newsinfoco.com.br\/inicio\/wp-content\/uploads\/2018\/06\/41791149965_de03e1041a_k.jpg 2048w\" sizes=\"auto, (max-width: 300px) 100vw, 300px\" \/><\/a> <a href=\"http:\/\/newsinfoco.com.br\/wp-content\/uploads\/2018\/06\/41972416074_cf0ae52e75_k.jpg\"><img loading=\"lazy\" decoding=\"async\" class=\"alignnone size-medium wp-image-5123\" src=\"http:\/\/newsinfoco.com.br\/wp-content\/uploads\/2018\/06\/41972416074_cf0ae52e75_k-300x199.jpg\" alt=\"\" width=\"300\" height=\"199\" srcset=\"https:\/\/newsinfoco.com.br\/inicio\/wp-content\/uploads\/2018\/06\/41972416074_cf0ae52e75_k-300x199.jpg 300w, https:\/\/newsinfoco.com.br\/inicio\/wp-content\/uploads\/2018\/06\/41972416074_cf0ae52e75_k-768x509.jpg 768w, https:\/\/newsinfoco.com.br\/inicio\/wp-content\/uploads\/2018\/06\/41972416074_cf0ae52e75_k-1024x678.jpg 1024w, https:\/\/newsinfoco.com.br\/inicio\/wp-content\/uploads\/2018\/06\/41972416074_cf0ae52e75_k-600x397.jpg 600w, https:\/\/newsinfoco.com.br\/inicio\/wp-content\/uploads\/2018\/06\/41972416074_cf0ae52e75_k-696x461.jpg 696w, https:\/\/newsinfoco.com.br\/inicio\/wp-content\/uploads\/2018\/06\/41972416074_cf0ae52e75_k-1068x707.jpg 1068w, https:\/\/newsinfoco.com.br\/inicio\/wp-content\/uploads\/2018\/06\/41972416074_cf0ae52e75_k-634x420.jpg 634w, https:\/\/newsinfoco.com.br\/inicio\/wp-content\/uploads\/2018\/06\/41972416074_cf0ae52e75_k-1320x874.jpg 1320w, https:\/\/newsinfoco.com.br\/inicio\/wp-content\/uploads\/2018\/06\/41972416074_cf0ae52e75_k.jpg 2048w\" sizes=\"auto, (max-width: 300px) 100vw, 300px\" \/><\/a> <a href=\"http:\/\/newsinfoco.com.br\/wp-content\/uploads\/2018\/06\/41972712934_82da0ef91a_k.jpg\"><img loading=\"lazy\" decoding=\"async\" class=\"alignnone size-medium wp-image-5124\" src=\"http:\/\/newsinfoco.com.br\/wp-content\/uploads\/2018\/06\/41972712934_82da0ef91a_k-300x199.jpg\" alt=\"\" width=\"300\" height=\"199\" srcset=\"https:\/\/newsinfoco.com.br\/inicio\/wp-content\/uploads\/2018\/06\/41972712934_82da0ef91a_k-300x199.jpg 300w, https:\/\/newsinfoco.com.br\/inicio\/wp-content\/uploads\/2018\/06\/41972712934_82da0ef91a_k-768x509.jpg 768w, https:\/\/newsinfoco.com.br\/inicio\/wp-content\/uploads\/2018\/06\/41972712934_82da0ef91a_k-1024x678.jpg 1024w, https:\/\/newsinfoco.com.br\/inicio\/wp-content\/uploads\/2018\/06\/41972712934_82da0ef91a_k-600x397.jpg 600w, https:\/\/newsinfoco.com.br\/inicio\/wp-content\/uploads\/2018\/06\/41972712934_82da0ef91a_k-696x461.jpg 696w, https:\/\/newsinfoco.com.br\/inicio\/wp-content\/uploads\/2018\/06\/41972712934_82da0ef91a_k-1068x707.jpg 1068w, https:\/\/newsinfoco.com.br\/inicio\/wp-content\/uploads\/2018\/06\/41972712934_82da0ef91a_k-634x420.jpg 634w, https:\/\/newsinfoco.com.br\/inicio\/wp-content\/uploads\/2018\/06\/41972712934_82da0ef91a_k-1320x874.jpg 1320w, https:\/\/newsinfoco.com.br\/inicio\/wp-content\/uploads\/2018\/06\/41972712934_82da0ef91a_k.jpg 2048w\" sizes=\"auto, (max-width: 300px) 100vw, 300px\" \/><\/a> <a href=\"http:\/\/newsinfoco.com.br\/wp-content\/uploads\/2018\/06\/42641786622_7ec01004ed_k.jpg\"><img loading=\"lazy\" decoding=\"async\" class=\"alignnone size-medium wp-image-5125\" src=\"http:\/\/newsinfoco.com.br\/wp-content\/uploads\/2018\/06\/42641786622_7ec01004ed_k-300x199.jpg\" alt=\"\" width=\"300\" height=\"199\" srcset=\"https:\/\/newsinfoco.com.br\/inicio\/wp-content\/uploads\/2018\/06\/42641786622_7ec01004ed_k-300x199.jpg 300w, https:\/\/newsinfoco.com.br\/inicio\/wp-content\/uploads\/2018\/06\/42641786622_7ec01004ed_k-768x509.jpg 768w, https:\/\/newsinfoco.com.br\/inicio\/wp-content\/uploads\/2018\/06\/42641786622_7ec01004ed_k-1024x678.jpg 1024w, https:\/\/newsinfoco.com.br\/inicio\/wp-content\/uploads\/2018\/06\/42641786622_7ec01004ed_k-600x397.jpg 600w, https:\/\/newsinfoco.com.br\/inicio\/wp-content\/uploads\/2018\/06\/42641786622_7ec01004ed_k-696x461.jpg 696w, https:\/\/newsinfoco.com.br\/inicio\/wp-content\/uploads\/2018\/06\/42641786622_7ec01004ed_k-1068x707.jpg 1068w, https:\/\/newsinfoco.com.br\/inicio\/wp-content\/uploads\/2018\/06\/42641786622_7ec01004ed_k-634x420.jpg 634w, https:\/\/newsinfoco.com.br\/inicio\/wp-content\/uploads\/2018\/06\/42641786622_7ec01004ed_k-1320x874.jpg 1320w, https:\/\/newsinfoco.com.br\/inicio\/wp-content\/uploads\/2018\/06\/42641786622_7ec01004ed_k.jpg 2048w\" sizes=\"auto, (max-width: 300px) 100vw, 300px\" \/><\/a><\/p>\n<h6 style=\"text-align: right;\"><span style=\"color: #000000;\">Fonte: SECOM SEDUC Prefeitura<\/span><\/h6>\n<div class='share-to-whatsapp-wrapper'><div class='share-on-whsp'>Share on: <\/div><a data-text='Creche do Urupiara em Alagoinhas tem Ordem de Servi\u00e7o assinada' data-link='https:\/\/newsinfoco.com.br\/inicio\/creche-do-urupiara-em-alagoinhas-tem-ordem-de-servico-assinada\/' class='whatsapp-button whatsapp-share'>WhatsApp<\/a><div class='clear '><\/div><\/div>","protected":false},"excerpt":{"rendered":"<p>Assegurar um alto n\u00edvel na qualidade de ensino j\u00e1\u00a0\u00e9 uma das marcas da prefeitura de Alagoinhas. Na noite da \u00faltima sexta-feira (08), a Educa\u00e7\u00e3o Infantil ganhou um incentivo a mais com a assinatura da ordem de servi\u00e7o para uma creche no Conjunto Urupiara, na Rua do Catu, localidade que recentemente tamb\u00e9m recebeu investimentos da prefeitura [&hellip;]<\/p>\n","protected":false},"author":1,"featured_media":5124,"comment_status":"open","ping_status":"open","sticky":false,"template":"","format":"standard","meta":{"om_disable_all_campaigns":false,"_exactmetrics_skip_tracking":false,"_exactmetrics_sitenote_active":false,"_exactmetrics_sitenote_note":"","_exactmetrics_sitenote_category":0,"footnotes":""},"categories":[38,30],"tags":[53,54,56,64],"class_list":["post-5119","post","type-post","status-publish","format-standard","has-post-thumbnail","hentry","category-alagoinhas-e-regiao","category-destaque","tag-alagoinhas","tag-prefeitura","tag-secom","tag-seduc"],"aioseo_notices":[],"_links":{"self":[{"href":"https:\/\/newsinfoco.com.br\/inicio\/wp-json\/wp\/v2\/posts\/5119","targetHints":{"allow":["GET"]}}],"collection":[{"href":"https:\/\/newsinfoco.com.br\/inicio\/wp-json\/wp\/v2\/posts"}],"about":[{"href":"https:\/\/newsinfoco.com.br\/inicio\/wp-json\/wp\/v2\/types\/post"}],"author":[{"embeddable":true,"href":"https:\/\/newsinfoco.com.br\/inicio\/wp-json\/wp\/v2\/users\/1"}],"replies":[{"embeddable":true,"href":"https:\/\/newsinfoco.com.br\/inicio\/wp-json\/wp\/v2\/comments?post=5119"}],"version-history":[{"count":0,"href":"https:\/\/newsinfoco.com.br\/inicio\/wp-json\/wp\/v2\/posts\/5119\/revisions"}],"wp:featuredmedia":[{"embeddable":true,"href":"https:\/\/newsinfoco.com.br\/inicio\/wp-json\/wp\/v2\/media\/5124"}],"wp:attachment":[{"href":"https:\/\/newsinfoco.com.br\/inicio\/wp-json\/wp\/v2\/media?parent=5119"}],"wp:term":[{"taxonomy":"category","embeddable":true,"href":"https:\/\/newsinfoco.com.br\/inicio\/wp-json\/wp\/v2\/categories?post=5119"},{"taxonomy":"post_tag","embeddable":true,"href":"https:\/\/newsinfoco.com.br\/inicio\/wp-json\/wp\/v2\/tags?post=5119"}],"curies":[{"name":"wp","href":"https:\/\/api.w.org\/{rel}","templated":true}]}}