{"id":5128,"date":"2018-06-11T17:44:45","date_gmt":"2018-06-11T20:44:45","guid":{"rendered":"http:\/\/newsinfoco.com.br\/?p=5128"},"modified":"2018-06-11T17:44:45","modified_gmt":"2018-06-11T20:44:45","slug":"prefeitura-reinaugura-unidade-de-saude-da-familia-do-jardim-petrolar-completamente-revitalizada-e-anuncia-conjunto-de-obras-que-deve-beneficiar-a-comunidade","status":"publish","type":"post","link":"https:\/\/newsinfoco.com.br\/inicio\/prefeitura-reinaugura-unidade-de-saude-da-familia-do-jardim-petrolar-completamente-revitalizada-e-anuncia-conjunto-de-obras-que-deve-beneficiar-a-comunidade\/","title":{"rendered":"Prefeitura reinaugura unidade de Sa\u00fade da Fam\u00edlia do Jardim Petrolar completamente revitalizada e anuncia conjunto de obras que deve beneficiar a comunidade"},"content":{"rendered":"<p style=\"text-align: justify;\"><span style=\"color: #000000;\">\u201c\u00c9 preciso vestir a camisa da sa\u00fade\u201d. Foi com esta declara\u00e7\u00e3o e ressaltando a import\u00e2ncia do cuidado \u00e0 aten\u00e7\u00e3o b\u00e1sica que o secret\u00e1rio municipal de sa\u00fade, Moacir Lira, reinaugurou, no \u00faltimo domingo (10), a Unidade de Sa\u00fade da Fam\u00edlia do Jardim Petrolar, completamente revitalizada pelo poder p\u00fablico municipal.<\/span><\/p>\n<p style=\"text-align: justify;\"><span style=\"color: #000000;\">A obra contou com indica\u00e7\u00e3o de emenda parlamentar do deputado Paulo Azi, que destinou R$ 422.150 para a revitaliza\u00e7\u00e3o da unidade, dos quais R$ 102 mil, segundo a Secretaria de Sa\u00fade, foram destinados \u00e0 aquisi\u00e7\u00e3o de equipamentos. A a\u00e7\u00e3o contou ainda com apoio do ex-vereador Djalma Santos, que tamb\u00e9m buscou recursos para o processo de transforma\u00e7\u00e3o do espa\u00e7o.<\/span><\/p><div class=\"newsi-conteudo_19\" id=\"newsi-1554059385\"><a href=\"https:\/\/www.instagram.com\/prefeituraalagoinhas?igsh=YzgzdDJ1bWR3aWI4\" aria-label=\"SAVE_20251006_221555\"><img loading=\"lazy\" decoding=\"async\" src=\"https:\/\/newsinfoco.com.br\/inicio\/wp-content\/uploads\/2025\/10\/SAVE_20251006_221555-rotated.jpg\" alt=\"\"  srcset=\"https:\/\/newsinfoco.com.br\/inicio\/wp-content\/uploads\/2025\/10\/SAVE_20251006_221555-rotated.jpg 1140w, https:\/\/newsinfoco.com.br\/inicio\/wp-content\/uploads\/2025\/10\/SAVE_20251006_221555-300x52.jpg 300w, https:\/\/newsinfoco.com.br\/inicio\/wp-content\/uploads\/2025\/10\/SAVE_20251006_221555-1024x177.jpg 1024w, https:\/\/newsinfoco.com.br\/inicio\/wp-content\/uploads\/2025\/10\/SAVE_20251006_221555-768x133.jpg 768w, https:\/\/newsinfoco.com.br\/inicio\/wp-content\/uploads\/2025\/10\/SAVE_20251006_221555-600x104.jpg 600w, https:\/\/newsinfoco.com.br\/inicio\/wp-content\/uploads\/2025\/10\/SAVE_20251006_221555-696x120.jpg 696w, https:\/\/newsinfoco.com.br\/inicio\/wp-content\/uploads\/2025\/10\/SAVE_20251006_221555-1068x185.jpg 1068w\" sizes=\"(max-width: 1140px) 100vw, 1140px\" width=\"1140\" height=\"197\"   \/><\/a><\/div>\n<p style=\"text-align: justify;\"><span style=\"color: #000000;\">\u201cA porta de entrada de sa\u00fade \u00e9 a aten\u00e7\u00e3o b\u00e1sica. Precisamos cuidar disso, porque muitos problemas podem ter resolutividade no posto de sa\u00fade, sem precisar utilizar a especialidade, sobrecarregar o hospital, ent\u00e3o \u00e9 mais um equipamento que a gente entrega nessa perspectiva. Esperamos que a popula\u00e7\u00e3o possa usufruir bem e cuidar bem disso\u201d, afirmou o secret\u00e1rio Moacir Lira em sua primeira reinaugura\u00e7\u00e3o \u00e0 frente da pasta.<\/span><br \/>\n<span style=\"color: #000000;\">Com a requalifica\u00e7\u00e3o, a Unidade de Sa\u00fade da Fam\u00edlia do Jardim Petrolar passa a ter capacidade para receber 2 equipes de sa\u00fade, que devem trabalhar de segunda a sexta-feira atendendo a popula\u00e7\u00e3o com servi\u00e7os m\u00e9dicos, odontol\u00f3gicos e de enfermagem.<\/span><\/p>\n<p style=\"text-align: justify;\"><span style=\"color: #000000;\">\u201cDentro do que preconiza o Minist\u00e9rio da Sa\u00fade, com o n\u00famero de fam\u00edlias que o bairro comporta, o Petrolar vai ser o primeiro bairro de Alagoinhas a ter 100% de cobertura nos atendimentos da aten\u00e7\u00e3o b\u00e1sica \u00e0 sa\u00fade e vai se tornar modelo, refer\u00eancia para implanta\u00e7\u00e3o em outras localidades\u201d, pontuou o prefeito Joaquim Neto durante a cerim\u00f4nia de reinaugura\u00e7\u00e3o.<\/span><\/p>\n<p style=\"text-align: justify;\"><span style=\"color: #000000;\">O deputado federal Paulo Azi reafirmou a import\u00e2ncia do investimento priorit\u00e1rio \u00e0 sa\u00fade e destacou que potencializar o servi\u00e7o de aten\u00e7\u00e3o b\u00e1sica \u00e9 promover a\u00e7\u00f5es que, em conjunto, devem contribuir para a preven\u00e7\u00e3o de agravos, gerando impactos efetivos na qualidade de vida da popula\u00e7\u00e3o. \u201cPrecisamos lembrar que o Petrolar \u00e9 a porta de entrada de Alagoinhas. \u00c9 o primeiro bairro para quem chega \u00e0 cidade, e foi tamb\u00e9m o bairro onde o prefeito Joaquim iniciou a sua carreira profissional, ent\u00e3o \u00e9 com muita satisfa\u00e7\u00e3o que entregamos esta unidade completamente revitalizada\u201d, explanou.<\/span><\/p>\n<p style=\"text-align: justify;\"><span style=\"color: #000000;\">A inaugura\u00e7\u00e3o deste domingo aconteceu paralelamente \u00e0 Feira de Saneamento do Servi\u00e7o Aut\u00f4nomo de \u00c1gua e Esgoto (SAAE), que ofereceu, das 8h \u00e0s 12h, nas adjac\u00eancias da Unidade de Sa\u00fade, servi\u00e7os gratuitos de fisioterapia, odontologia, orienta\u00e7\u00e3o jur\u00eddica e tratamentos de beleza, dentre outros atendimentos.<\/span><\/p>\n<p style=\"text-align: justify;\"><span style=\"color: #000000;\">Quem gostou da iniciativa e da unidade revitalizada foi a moradora Aid\u00ea Le\u00e3o Dourado, que mora h\u00e1 8 anos no bairro. \u201cAntes era uma bagun\u00e7a. Quando voc\u00ea vinha aqui, n\u00e3o achava uma ficha, nada. Agora, minha filha, aqui para a sa\u00fade, no bairro, vai ser bom, porque voc\u00ea, em alguma emerg\u00eancia, j\u00e1 tem um posto aqui para te atender, verificar press\u00e3o, fazer os exames. A gente precisa fazer um preventivo, um ultrassom, uma mamografia. Tudo tinha que ir para o hospital ou para outro posto e, aqui, tendo tudo isso, vai ser \u00f3timo\u201d, comentou.<\/span><\/p>\n<p style=\"text-align: justify;\"><span style=\"color: #000000;\">Barbara Cristina Ribeiro, que reside h\u00e1 20 anos no Jardim Petrolar, concorda. \u201cEu estou gostando. Estou achando muito bom. O atendimento est\u00e1 \u00f3timo. Tomara a Deus que continue assim. Antes era um pouco complicado, porque a gente tinha que acordar muito cedo. Tinha gente que vinha 2h, 3h da manh\u00e3, \u00e0s vezes n\u00e3o achava ficha\u201d, desabafou.<\/span><\/p>\n<p style=\"text-align: justify;\"><span style=\"color: #000000;\">O prefeito Joaquim Neto aproveitou a presen\u00e7a da comunidade para anunciar, na ocasi\u00e3o, melhorias tamb\u00e9m no setor de infraestrutura. Segundo ele, a equipe t\u00e9cnica da diretoria de obras j\u00e1 iniciou as interven\u00e7\u00f5es na Rua Santos Dumont e na travessa Santo Cristo, popularmente conhecida como \u201cRua da Dires\u201d, a rua da Diretoria Regional de Sa\u00fade, mas deve estender o trabalho tamb\u00e9m \u00e0 Rua S\u00e3o Jos\u00e9 e \u00e0 Santa Maria, que ser\u00e3o contempladas com pavimenta\u00e7\u00e3o, drenagem, cal\u00e7ada, sinaliza\u00e7\u00e3o e acessibilidade.<\/span><\/p>\n<p style=\"text-align: justify;\"><span style=\"color: #000000;\">A Secretaria de Infraestrutura (SECIN) informou que o procedimento nas vias do bairro j\u00e1 est\u00e1 em andamento e a Secretaria de Sa\u00fade (SESAU) aproveitou o embalo de boas not\u00edcias para divulgar que o bairro poder\u00e1 contar, em breve, tamb\u00e9m com uma academia de sa\u00fade para a popula\u00e7\u00e3o.<\/span><\/p>\n<p style=\"text-align: justify;\"><span style=\"color: #000000;\">Segundo o prefeito Joaquim Neto, o conjunto de investimentos na localidade faz parte das a\u00e7\u00f5es municipais que buscam trazer qualidade de vida \u00e0 popula\u00e7\u00e3o. Ele enfatizou que a preocupa\u00e7\u00e3o agora \u00e9 saneamento b\u00e1sico, j\u00e1 que pretende tornar o Jardim Petrolar tamb\u00e9m o primeiro bairro de Alagoinhas com cobertura total de rede de esgoto e \u00e1gua tratada. \u201cVamos dar um grande salto de interven\u00e7\u00f5es nessa regi\u00e3o e o bairro ser\u00e1 exemplo em saneamento, atendendo ao nosso prop\u00f3sito de aumentar consideravelmente o percentual de cobertura em rede de \u00e1gua e esgoto no nosso munic\u00edpio\u201d, finalizou.<\/span><\/p>\n<p><a href=\"http:\/\/newsinfoco.com.br\/wp-content\/uploads\/2018\/06\/42002898674_3713b72110_k.jpg\"><img loading=\"lazy\" decoding=\"async\" class=\"alignnone size-medium wp-image-5129\" src=\"http:\/\/newsinfoco.com.br\/wp-content\/uploads\/2018\/06\/42002898674_3713b72110_k-300x199.jpg\" alt=\"\" width=\"300\" height=\"199\" srcset=\"https:\/\/newsinfoco.com.br\/inicio\/wp-content\/uploads\/2018\/06\/42002898674_3713b72110_k-300x199.jpg 300w, https:\/\/newsinfoco.com.br\/inicio\/wp-content\/uploads\/2018\/06\/42002898674_3713b72110_k-768x509.jpg 768w, https:\/\/newsinfoco.com.br\/inicio\/wp-content\/uploads\/2018\/06\/42002898674_3713b72110_k-1024x678.jpg 1024w, https:\/\/newsinfoco.com.br\/inicio\/wp-content\/uploads\/2018\/06\/42002898674_3713b72110_k-600x397.jpg 600w, https:\/\/newsinfoco.com.br\/inicio\/wp-content\/uploads\/2018\/06\/42002898674_3713b72110_k-696x461.jpg 696w, https:\/\/newsinfoco.com.br\/inicio\/wp-content\/uploads\/2018\/06\/42002898674_3713b72110_k-1068x707.jpg 1068w, https:\/\/newsinfoco.com.br\/inicio\/wp-content\/uploads\/2018\/06\/42002898674_3713b72110_k-634x420.jpg 634w, https:\/\/newsinfoco.com.br\/inicio\/wp-content\/uploads\/2018\/06\/42002898674_3713b72110_k-1320x874.jpg 1320w, https:\/\/newsinfoco.com.br\/inicio\/wp-content\/uploads\/2018\/06\/42002898674_3713b72110_k.jpg 2048w\" sizes=\"auto, (max-width: 300px) 100vw, 300px\" \/><\/a> <a href=\"http:\/\/newsinfoco.com.br\/wp-content\/uploads\/2018\/06\/42003178184_807cd146a9_k.jpg\"><img loading=\"lazy\" decoding=\"async\" class=\"alignnone size-medium wp-image-5130\" src=\"http:\/\/newsinfoco.com.br\/wp-content\/uploads\/2018\/06\/42003178184_807cd146a9_k-300x199.jpg\" alt=\"\" width=\"300\" height=\"199\" srcset=\"https:\/\/newsinfoco.com.br\/inicio\/wp-content\/uploads\/2018\/06\/42003178184_807cd146a9_k-300x199.jpg 300w, https:\/\/newsinfoco.com.br\/inicio\/wp-content\/uploads\/2018\/06\/42003178184_807cd146a9_k-768x509.jpg 768w, https:\/\/newsinfoco.com.br\/inicio\/wp-content\/uploads\/2018\/06\/42003178184_807cd146a9_k-1024x678.jpg 1024w, https:\/\/newsinfoco.com.br\/inicio\/wp-content\/uploads\/2018\/06\/42003178184_807cd146a9_k-600x397.jpg 600w, https:\/\/newsinfoco.com.br\/inicio\/wp-content\/uploads\/2018\/06\/42003178184_807cd146a9_k-696x461.jpg 696w, https:\/\/newsinfoco.com.br\/inicio\/wp-content\/uploads\/2018\/06\/42003178184_807cd146a9_k-1068x707.jpg 1068w, https:\/\/newsinfoco.com.br\/inicio\/wp-content\/uploads\/2018\/06\/42003178184_807cd146a9_k-634x420.jpg 634w, https:\/\/newsinfoco.com.br\/inicio\/wp-content\/uploads\/2018\/06\/42003178184_807cd146a9_k-1320x874.jpg 1320w, https:\/\/newsinfoco.com.br\/inicio\/wp-content\/uploads\/2018\/06\/42003178184_807cd146a9_k.jpg 2048w\" sizes=\"auto, (max-width: 300px) 100vw, 300px\" \/><\/a> <a href=\"http:\/\/newsinfoco.com.br\/wp-content\/uploads\/2018\/06\/42623673551_759fc90d2a_k-1.jpg\"><img loading=\"lazy\" decoding=\"async\" class=\"alignnone size-medium wp-image-5131\" src=\"http:\/\/newsinfoco.com.br\/wp-content\/uploads\/2018\/06\/42623673551_759fc90d2a_k-1-300x199.jpg\" alt=\"\" width=\"300\" height=\"199\" srcset=\"https:\/\/newsinfoco.com.br\/inicio\/wp-content\/uploads\/2018\/06\/42623673551_759fc90d2a_k-1-300x199.jpg 300w, https:\/\/newsinfoco.com.br\/inicio\/wp-content\/uploads\/2018\/06\/42623673551_759fc90d2a_k-1-768x509.jpg 768w, https:\/\/newsinfoco.com.br\/inicio\/wp-content\/uploads\/2018\/06\/42623673551_759fc90d2a_k-1-1024x678.jpg 1024w, https:\/\/newsinfoco.com.br\/inicio\/wp-content\/uploads\/2018\/06\/42623673551_759fc90d2a_k-1-600x397.jpg 600w, https:\/\/newsinfoco.com.br\/inicio\/wp-content\/uploads\/2018\/06\/42623673551_759fc90d2a_k-1-696x461.jpg 696w, https:\/\/newsinfoco.com.br\/inicio\/wp-content\/uploads\/2018\/06\/42623673551_759fc90d2a_k-1-1068x707.jpg 1068w, https:\/\/newsinfoco.com.br\/inicio\/wp-content\/uploads\/2018\/06\/42623673551_759fc90d2a_k-1-634x420.jpg 634w, https:\/\/newsinfoco.com.br\/inicio\/wp-content\/uploads\/2018\/06\/42623673551_759fc90d2a_k-1-1320x874.jpg 1320w, https:\/\/newsinfoco.com.br\/inicio\/wp-content\/uploads\/2018\/06\/42623673551_759fc90d2a_k-1.jpg 2048w\" sizes=\"auto, (max-width: 300px) 100vw, 300px\" \/><\/a> <a href=\"http:\/\/newsinfoco.com.br\/wp-content\/uploads\/2018\/06\/42720570591_0bcfdbff67_k.jpg\"><img loading=\"lazy\" decoding=\"async\" class=\"alignnone size-medium wp-image-5132\" src=\"http:\/\/newsinfoco.com.br\/wp-content\/uploads\/2018\/06\/42720570591_0bcfdbff67_k-300x199.jpg\" alt=\"\" width=\"300\" height=\"199\" srcset=\"https:\/\/newsinfoco.com.br\/inicio\/wp-content\/uploads\/2018\/06\/42720570591_0bcfdbff67_k-300x199.jpg 300w, https:\/\/newsinfoco.com.br\/inicio\/wp-content\/uploads\/2018\/06\/42720570591_0bcfdbff67_k-768x509.jpg 768w, https:\/\/newsinfoco.com.br\/inicio\/wp-content\/uploads\/2018\/06\/42720570591_0bcfdbff67_k-1024x678.jpg 1024w, https:\/\/newsinfoco.com.br\/inicio\/wp-content\/uploads\/2018\/06\/42720570591_0bcfdbff67_k-600x397.jpg 600w, https:\/\/newsinfoco.com.br\/inicio\/wp-content\/uploads\/2018\/06\/42720570591_0bcfdbff67_k-696x461.jpg 696w, https:\/\/newsinfoco.com.br\/inicio\/wp-content\/uploads\/2018\/06\/42720570591_0bcfdbff67_k-1068x707.jpg 1068w, https:\/\/newsinfoco.com.br\/inicio\/wp-content\/uploads\/2018\/06\/42720570591_0bcfdbff67_k-634x420.jpg 634w, https:\/\/newsinfoco.com.br\/inicio\/wp-content\/uploads\/2018\/06\/42720570591_0bcfdbff67_k-1320x874.jpg 1320w, https:\/\/newsinfoco.com.br\/inicio\/wp-content\/uploads\/2018\/06\/42720570591_0bcfdbff67_k.jpg 2048w\" sizes=\"auto, (max-width: 300px) 100vw, 300px\" \/><\/a> <a href=\"http:\/\/newsinfoco.com.br\/wp-content\/uploads\/2018\/06\/42721296141_a571ef5ab5_k.jpg\"><img loading=\"lazy\" decoding=\"async\" class=\"alignnone size-medium wp-image-5133\" src=\"http:\/\/newsinfoco.com.br\/wp-content\/uploads\/2018\/06\/42721296141_a571ef5ab5_k-300x199.jpg\" alt=\"\" width=\"300\" height=\"199\" srcset=\"https:\/\/newsinfoco.com.br\/inicio\/wp-content\/uploads\/2018\/06\/42721296141_a571ef5ab5_k-300x199.jpg 300w, https:\/\/newsinfoco.com.br\/inicio\/wp-content\/uploads\/2018\/06\/42721296141_a571ef5ab5_k-768x509.jpg 768w, https:\/\/newsinfoco.com.br\/inicio\/wp-content\/uploads\/2018\/06\/42721296141_a571ef5ab5_k-1024x678.jpg 1024w, https:\/\/newsinfoco.com.br\/inicio\/wp-content\/uploads\/2018\/06\/42721296141_a571ef5ab5_k-600x397.jpg 600w, https:\/\/newsinfoco.com.br\/inicio\/wp-content\/uploads\/2018\/06\/42721296141_a571ef5ab5_k-696x461.jpg 696w, https:\/\/newsinfoco.com.br\/inicio\/wp-content\/uploads\/2018\/06\/42721296141_a571ef5ab5_k-1068x707.jpg 1068w, https:\/\/newsinfoco.com.br\/inicio\/wp-content\/uploads\/2018\/06\/42721296141_a571ef5ab5_k-634x420.jpg 634w, https:\/\/newsinfoco.com.br\/inicio\/wp-content\/uploads\/2018\/06\/42721296141_a571ef5ab5_k-1320x874.jpg 1320w, https:\/\/newsinfoco.com.br\/inicio\/wp-content\/uploads\/2018\/06\/42721296141_a571ef5ab5_k.jpg 2048w\" sizes=\"auto, (max-width: 300px) 100vw, 300px\" \/><\/a> <a href=\"http:\/\/newsinfoco.com.br\/wp-content\/uploads\/2018\/06\/41821392085_bdfcf2d1fa_k.jpg\"><img loading=\"lazy\" decoding=\"async\" class=\"alignnone size-medium wp-image-5134\" src=\"http:\/\/newsinfoco.com.br\/wp-content\/uploads\/2018\/06\/41821392085_bdfcf2d1fa_k-300x199.jpg\" alt=\"\" width=\"300\" height=\"199\" srcset=\"https:\/\/newsinfoco.com.br\/inicio\/wp-content\/uploads\/2018\/06\/41821392085_bdfcf2d1fa_k-300x199.jpg 300w, https:\/\/newsinfoco.com.br\/inicio\/wp-content\/uploads\/2018\/06\/41821392085_bdfcf2d1fa_k-768x509.jpg 768w, https:\/\/newsinfoco.com.br\/inicio\/wp-content\/uploads\/2018\/06\/41821392085_bdfcf2d1fa_k-1024x678.jpg 1024w, https:\/\/newsinfoco.com.br\/inicio\/wp-content\/uploads\/2018\/06\/41821392085_bdfcf2d1fa_k-600x397.jpg 600w, https:\/\/newsinfoco.com.br\/inicio\/wp-content\/uploads\/2018\/06\/41821392085_bdfcf2d1fa_k-696x461.jpg 696w, https:\/\/newsinfoco.com.br\/inicio\/wp-content\/uploads\/2018\/06\/41821392085_bdfcf2d1fa_k-1068x707.jpg 1068w, https:\/\/newsinfoco.com.br\/inicio\/wp-content\/uploads\/2018\/06\/41821392085_bdfcf2d1fa_k-634x420.jpg 634w, https:\/\/newsinfoco.com.br\/inicio\/wp-content\/uploads\/2018\/06\/41821392085_bdfcf2d1fa_k-1320x874.jpg 1320w, https:\/\/newsinfoco.com.br\/inicio\/wp-content\/uploads\/2018\/06\/41821392085_bdfcf2d1fa_k.jpg 2048w\" sizes=\"auto, (max-width: 300px) 100vw, 300px\" \/><\/a> <a href=\"http:\/\/newsinfoco.com.br\/wp-content\/uploads\/2018\/06\/41821494095_fe7bdc3373_k.jpg\"><img loading=\"lazy\" decoding=\"async\" class=\"alignnone size-medium wp-image-5135\" src=\"http:\/\/newsinfoco.com.br\/wp-content\/uploads\/2018\/06\/41821494095_fe7bdc3373_k-300x199.jpg\" alt=\"\" width=\"300\" height=\"199\" srcset=\"https:\/\/newsinfoco.com.br\/inicio\/wp-content\/uploads\/2018\/06\/41821494095_fe7bdc3373_k-300x199.jpg 300w, https:\/\/newsinfoco.com.br\/inicio\/wp-content\/uploads\/2018\/06\/41821494095_fe7bdc3373_k-768x509.jpg 768w, https:\/\/newsinfoco.com.br\/inicio\/wp-content\/uploads\/2018\/06\/41821494095_fe7bdc3373_k-1024x678.jpg 1024w, https:\/\/newsinfoco.com.br\/inicio\/wp-content\/uploads\/2018\/06\/41821494095_fe7bdc3373_k-600x397.jpg 600w, https:\/\/newsinfoco.com.br\/inicio\/wp-content\/uploads\/2018\/06\/41821494095_fe7bdc3373_k-696x461.jpg 696w, https:\/\/newsinfoco.com.br\/inicio\/wp-content\/uploads\/2018\/06\/41821494095_fe7bdc3373_k-1068x707.jpg 1068w, https:\/\/newsinfoco.com.br\/inicio\/wp-content\/uploads\/2018\/06\/41821494095_fe7bdc3373_k-634x420.jpg 634w, https:\/\/newsinfoco.com.br\/inicio\/wp-content\/uploads\/2018\/06\/41821494095_fe7bdc3373_k-1320x874.jpg 1320w, https:\/\/newsinfoco.com.br\/inicio\/wp-content\/uploads\/2018\/06\/41821494095_fe7bdc3373_k.jpg 2048w\" sizes=\"auto, (max-width: 300px) 100vw, 300px\" \/><\/a><\/p>\n<h6 style=\"text-align: right;\"><span style=\"color: #999999;\">Fonte: SECOM SESAU Prefeitura<\/span><\/h6>\n<div class='share-to-whatsapp-wrapper'><div class='share-on-whsp'>Share on: <\/div><a data-text='Prefeitura reinaugura unidade de Sa\u00fade da Fam\u00edlia do Jardim Petrolar completamente revitalizada e anuncia conjunto de obras que deve beneficiar a comunidade' data-link='https:\/\/newsinfoco.com.br\/inicio\/prefeitura-reinaugura-unidade-de-saude-da-familia-do-jardim-petrolar-completamente-revitalizada-e-anuncia-conjunto-de-obras-que-deve-beneficiar-a-comunidade\/' class='whatsapp-button whatsapp-share'>WhatsApp<\/a><div class='clear '><\/div><\/div>","protected":false},"excerpt":{"rendered":"<p>\u201c\u00c9 preciso vestir a camisa da sa\u00fade\u201d. Foi com esta declara\u00e7\u00e3o e ressaltando a import\u00e2ncia do cuidado \u00e0 aten\u00e7\u00e3o b\u00e1sica que o secret\u00e1rio municipal de sa\u00fade, Moacir Lira, reinaugurou, no \u00faltimo domingo (10), a Unidade de Sa\u00fade da Fam\u00edlia do Jardim Petrolar, completamente revitalizada pelo poder p\u00fablico municipal. A obra contou com indica\u00e7\u00e3o de emenda [&hellip;]<\/p>\n","protected":false},"author":1,"featured_media":5129,"comment_status":"open","ping_status":"open","sticky":false,"template":"","format":"standard","meta":{"om_disable_all_campaigns":false,"_exactmetrics_skip_tracking":false,"_exactmetrics_sitenote_active":false,"_exactmetrics_sitenote_note":"","_exactmetrics_sitenote_category":0,"footnotes":""},"categories":[38,30],"tags":[53,54,56,58],"class_list":["post-5128","post","type-post","status-publish","format-standard","has-post-thumbnail","hentry","category-alagoinhas-e-regiao","category-destaque","tag-alagoinhas","tag-prefeitura","tag-secom","tag-sesau"],"aioseo_notices":[],"_links":{"self":[{"href":"https:\/\/newsinfoco.com.br\/inicio\/wp-json\/wp\/v2\/posts\/5128","targetHints":{"allow":["GET"]}}],"collection":[{"href":"https:\/\/newsinfoco.com.br\/inicio\/wp-json\/wp\/v2\/posts"}],"about":[{"href":"https:\/\/newsinfoco.com.br\/inicio\/wp-json\/wp\/v2\/types\/post"}],"author":[{"embeddable":true,"href":"https:\/\/newsinfoco.com.br\/inicio\/wp-json\/wp\/v2\/users\/1"}],"replies":[{"embeddable":true,"href":"https:\/\/newsinfoco.com.br\/inicio\/wp-json\/wp\/v2\/comments?post=5128"}],"version-history":[{"count":0,"href":"https:\/\/newsinfoco.com.br\/inicio\/wp-json\/wp\/v2\/posts\/5128\/revisions"}],"wp:featuredmedia":[{"embeddable":true,"href":"https:\/\/newsinfoco.com.br\/inicio\/wp-json\/wp\/v2\/media\/5129"}],"wp:attachment":[{"href":"https:\/\/newsinfoco.com.br\/inicio\/wp-json\/wp\/v2\/media?parent=5128"}],"wp:term":[{"taxonomy":"category","embeddable":true,"href":"https:\/\/newsinfoco.com.br\/inicio\/wp-json\/wp\/v2\/categories?post=5128"},{"taxonomy":"post_tag","embeddable":true,"href":"https:\/\/newsinfoco.com.br\/inicio\/wp-json\/wp\/v2\/tags?post=5128"}],"curies":[{"name":"wp","href":"https:\/\/api.w.org\/{rel}","templated":true}]}}