{"id":5137,"date":"2018-06-11T17:48:03","date_gmt":"2018-06-11T20:48:03","guid":{"rendered":"http:\/\/newsinfoco.com.br\/?p=5137"},"modified":"2018-06-11T17:48:03","modified_gmt":"2018-06-11T20:48:03","slug":"fiscalizacao-eletronica-da-av-paulo-afonso-entrara-em-funcionamento-na-proxima-segunda-feira-18","status":"publish","type":"post","link":"https:\/\/newsinfoco.com.br\/inicio\/fiscalizacao-eletronica-da-av-paulo-afonso-entrara-em-funcionamento-na-proxima-segunda-feira-18\/","title":{"rendered":"Fiscaliza\u00e7\u00e3o eletr\u00f4nica da Av. Paulo Afonso entrar\u00e1 em funcionamento na pr\u00f3xima segunda-feira (18)"},"content":{"rendered":"<p style=\"text-align: justify;\"><span style=\"color: #000000;\">Ap\u00f3s estudos de tr\u00e1fego realizados na Avenida Paulo Afonso, a Superintend\u00eancia Municipal de Transporte e Tr\u00e2nsito (SMTT) identificou a necessidade de instala\u00e7\u00e3o de equipamentos de fiscaliza\u00e7\u00e3o eletr\u00f4nica na via. De acordo com dados da autarquia, o trecho apresentou uma m\u00e9dia de 13 acidentes em seis meses. A largura do trecho, os p\u00f3los geradores de tr\u00e2nsito e a circula\u00e7\u00e3o de pedestres e ciclistas, principalmente para pr\u00e1tica esportiva, contribu\u00edram para a instala\u00e7\u00e3o dos equipamentos que come\u00e7am a funcionar na pr\u00f3xima segunda-feira (18), a partir das 0h, com velocidade regulamentada em 50 km\/h.<\/span><\/p>\n<h6 style=\"text-align: right;\"><span style=\"color: #999999;\">Fonte: SECOM SMTT<\/span><\/h6>\n<div class='share-to-whatsapp-wrapper'><div class='share-on-whsp'>Share on: <\/div><a data-text='Fiscaliza\u00e7\u00e3o eletr\u00f4nica da Av. Paulo Afonso entrar\u00e1 em funcionamento na pr\u00f3xima segunda-feira (18)' data-link='https:\/\/newsinfoco.com.br\/inicio\/fiscalizacao-eletronica-da-av-paulo-afonso-entrara-em-funcionamento-na-proxima-segunda-feira-18\/' class='whatsapp-button whatsapp-share'>WhatsApp<\/a><div class='clear '><\/div><\/div>","protected":false},"excerpt":{"rendered":"<p>Ap\u00f3s estudos de tr\u00e1fego realizados na Avenida Paulo Afonso, a Superintend\u00eancia Municipal de Transporte e Tr\u00e2nsito (SMTT) identificou a necessidade de instala\u00e7\u00e3o de equipamentos de fiscaliza\u00e7\u00e3o eletr\u00f4nica na via. De acordo com dados da autarquia, o trecho apresentou uma m\u00e9dia de 13 acidentes em seis meses. A largura do trecho, os p\u00f3los geradores de tr\u00e2nsito [&hellip;]<\/p>\n","protected":false},"author":1,"featured_media":5138,"comment_status":"open","ping_status":"open","sticky":false,"template":"","format":"standard","meta":{"om_disable_all_campaigns":false,"_exactmetrics_skip_tracking":false,"_exactmetrics_sitenote_active":false,"_exactmetrics_sitenote_note":"","_exactmetrics_sitenote_category":0,"footnotes":""},"categories":[38,30],"tags":[53,54,102],"class_list":["post-5137","post","type-post","status-publish","format-standard","has-post-thumbnail","hentry","category-alagoinhas-e-regiao","category-destaque","tag-alagoinhas","tag-prefeitura","tag-smtt-secom"],"aioseo_notices":[],"_links":{"self":[{"href":"https:\/\/newsinfoco.com.br\/inicio\/wp-json\/wp\/v2\/posts\/5137","targetHints":{"allow":["GET"]}}],"collection":[{"href":"https:\/\/newsinfoco.com.br\/inicio\/wp-json\/wp\/v2\/posts"}],"about":[{"href":"https:\/\/newsinfoco.com.br\/inicio\/wp-json\/wp\/v2\/types\/post"}],"author":[{"embeddable":true,"href":"https:\/\/newsinfoco.com.br\/inicio\/wp-json\/wp\/v2\/users\/1"}],"replies":[{"embeddable":true,"href":"https:\/\/newsinfoco.com.br\/inicio\/wp-json\/wp\/v2\/comments?post=5137"}],"version-history":[{"count":0,"href":"https:\/\/newsinfoco.com.br\/inicio\/wp-json\/wp\/v2\/posts\/5137\/revisions"}],"wp:featuredmedia":[{"embeddable":true,"href":"https:\/\/newsinfoco.com.br\/inicio\/wp-json\/wp\/v2\/media\/5138"}],"wp:attachment":[{"href":"https:\/\/newsinfoco.com.br\/inicio\/wp-json\/wp\/v2\/media?parent=5137"}],"wp:term":[{"taxonomy":"category","embeddable":true,"href":"https:\/\/newsinfoco.com.br\/inicio\/wp-json\/wp\/v2\/categories?post=5137"},{"taxonomy":"post_tag","embeddable":true,"href":"https:\/\/newsinfoco.com.br\/inicio\/wp-json\/wp\/v2\/tags?post=5137"}],"curies":[{"name":"wp","href":"https:\/\/api.w.org\/{rel}","templated":true}]}}