{"id":5140,"date":"2018-06-11T17:52:57","date_gmt":"2018-06-11T20:52:57","guid":{"rendered":"http:\/\/newsinfoco.com.br\/?p=5140"},"modified":"2018-06-11T17:52:57","modified_gmt":"2018-06-11T20:52:57","slug":"secretaria-municipal-de-desenvolvimento-e-meio-ambiente-sedia-seminario-de-desenvolvimento-sustentavel","status":"publish","type":"post","link":"https:\/\/newsinfoco.com.br\/inicio\/secretaria-municipal-de-desenvolvimento-e-meio-ambiente-sedia-seminario-de-desenvolvimento-sustentavel\/","title":{"rendered":"Secretaria Municipal de Desenvolvimento e Meio Ambiente sedia Semin\u00e1rio de Desenvolvimento Sustent\u00e1vel"},"content":{"rendered":"<p style=\"text-align: justify;\"><span style=\"color: #000000;\">O Conselho Municipal de Desenvolvimento Sustent\u00e1vel (CMDS) promoveu, nesta segunda-feira (11), um Semin\u00e1rio de Desenvolvimento Sustent\u00e1vel para discutir volumes de investimentos na produ\u00e7\u00e3o agropecu\u00e1ria, apresentar cursos do segmento de agricultura familiar que poder\u00e3o ser oferecidos no munic\u00edpio e dispor sobre a\u00e7\u00f5es que fortale\u00e7am o desenvolvimento sustent\u00e1vel na cidade.<\/span><\/p>\n<p style=\"text-align: justify;\"><span style=\"color: #000000;\">O evento, que contou com apoio do poder p\u00fablico municipal, foi realizado na Secretaria de Desenvolvimento e Meio Ambiente (SEDEA), e contou com caf\u00e9 da manh\u00e3 solid\u00e1rio oferecido para a recep\u00e7\u00e3o dos convidados.<\/span><\/p><div class=\"newsi-conteudo_19\" id=\"newsi-4243126875\"><a href=\"https:\/\/www.instagram.com\/prefeituraalagoinhas?igsh=YzgzdDJ1bWR3aWI4\" aria-label=\"SAVE_20251006_221555\"><img loading=\"lazy\" decoding=\"async\" src=\"https:\/\/newsinfoco.com.br\/inicio\/wp-content\/uploads\/2025\/10\/SAVE_20251006_221555-rotated.jpg\" alt=\"\"  srcset=\"https:\/\/newsinfoco.com.br\/inicio\/wp-content\/uploads\/2025\/10\/SAVE_20251006_221555-rotated.jpg 1140w, https:\/\/newsinfoco.com.br\/inicio\/wp-content\/uploads\/2025\/10\/SAVE_20251006_221555-300x52.jpg 300w, https:\/\/newsinfoco.com.br\/inicio\/wp-content\/uploads\/2025\/10\/SAVE_20251006_221555-1024x177.jpg 1024w, https:\/\/newsinfoco.com.br\/inicio\/wp-content\/uploads\/2025\/10\/SAVE_20251006_221555-768x133.jpg 768w, https:\/\/newsinfoco.com.br\/inicio\/wp-content\/uploads\/2025\/10\/SAVE_20251006_221555-600x104.jpg 600w, https:\/\/newsinfoco.com.br\/inicio\/wp-content\/uploads\/2025\/10\/SAVE_20251006_221555-696x120.jpg 696w, https:\/\/newsinfoco.com.br\/inicio\/wp-content\/uploads\/2025\/10\/SAVE_20251006_221555-1068x185.jpg 1068w\" sizes=\"(max-width: 1140px) 100vw, 1140px\" width=\"1140\" height=\"197\"   \/><\/a><\/div>\n<p style=\"text-align: justify;\"><span style=\"color: #000000;\">De acordo com o presidente do CMDS, Jos\u00e9 Santos de Santana, o objetivo principal do Semin\u00e1rio era discutir o desenvolvimento sustent\u00e1vel com o poder p\u00fablico e as entidades presentes para construir uma proposta de a\u00e7\u00f5es em Alagoinhas.<\/span><\/p>\n<p style=\"text-align: justify;\"><span style=\"color: #000000;\">Participaram da iniciativa o secret\u00e1rio municipal de desenvolvimento e meio ambiente, Jos\u00e9 Ed\u00e9sio Cardoso, o secret\u00e1rio de agricultura, Geraldo Almeida, o representante do Banco do Nordeste, Carlos Bezerra, o gestor regional do SEBRAE, Anderson Nascimento, o engenheiro agr\u00f4nomo En\u00e9as Lima, do Servi\u00e7o Territorial de Apoio \u00e0 Agricultura Familiar (SETAF), o coordenador executivo do Colegiado do Territ\u00f3rio do Litoral Norte e Agreste Baiano (CODETER), Deivison Santana, e representantes da Uni\u00e3o das Associa\u00e7\u00f5es de Moradores de Alagoinhas (UAMA), da Uni\u00e3o das Associa\u00e7\u00f5es Comunit\u00e1rias Rurais de Alagoinhas (UARA) e da Cooperativa dos Pequenos Agricultores do Munic\u00edpio de Alagoinhas (COPAMA).<\/span><\/p>\n<p style=\"text-align: justify;\"><span style=\"color: #000000;\">O vereador Anderson Baqueiro e assessor do vereador Ozeas Menezes tamb\u00e9m participaram das discuss\u00f5es e a SEDEA informou que novos debates devem ser realizados em parceria com as institui\u00e7\u00f5es para fortalecer a rede de projetos sustent\u00e1veis no munic\u00edpio.<\/span><\/p>\n<div id=\"attachment_19546\" class=\"wp-caption aligncenter\" style=\"text-align: justify;\"><img decoding=\"async\" src=\"https:\/\/www.alagoinhas.ba.gov.br\/wp-content\/uploads\/2018\/06\/SEDEA3-1024x768.jpeg\" \/><img decoding=\"async\" src=\"https:\/\/www.alagoinhas.ba.gov.br\/wp-content\/uploads\/2018\/06\/SEDEA2-1-1024x768.jpeg\" \/><\/div>\n<h6 style=\"text-align: right;\"><span style=\"color: #999999;\">Fonte: SECOM CMDS Prefeitura<\/span><\/h6>\n<div class='share-to-whatsapp-wrapper'><div class='share-on-whsp'>Share on: <\/div><a data-text='Secretaria Municipal de Desenvolvimento e Meio Ambiente sedia Semin\u00e1rio de Desenvolvimento Sustent\u00e1vel' data-link='https:\/\/newsinfoco.com.br\/inicio\/secretaria-municipal-de-desenvolvimento-e-meio-ambiente-sedia-seminario-de-desenvolvimento-sustentavel\/' class='whatsapp-button whatsapp-share'>WhatsApp<\/a><div class='clear '><\/div><\/div>","protected":false},"excerpt":{"rendered":"<p>O Conselho Municipal de Desenvolvimento Sustent\u00e1vel (CMDS) promoveu, nesta segunda-feira (11), um Semin\u00e1rio de Desenvolvimento Sustent\u00e1vel para discutir volumes de investimentos na produ\u00e7\u00e3o agropecu\u00e1ria, apresentar cursos do segmento de agricultura familiar que poder\u00e3o ser oferecidos no munic\u00edpio e dispor sobre a\u00e7\u00f5es que fortale\u00e7am o desenvolvimento sustent\u00e1vel na cidade. O evento, que contou com apoio do [&hellip;]<\/p>\n","protected":false},"author":1,"featured_media":5141,"comment_status":"open","ping_status":"open","sticky":false,"template":"","format":"standard","meta":{"om_disable_all_campaigns":false,"_exactmetrics_skip_tracking":false,"_exactmetrics_sitenote_active":false,"_exactmetrics_sitenote_note":"","_exactmetrics_sitenote_category":0,"footnotes":""},"categories":[38,30],"tags":[53,54,56],"class_list":["post-5140","post","type-post","status-publish","format-standard","has-post-thumbnail","hentry","category-alagoinhas-e-regiao","category-destaque","tag-alagoinhas","tag-prefeitura","tag-secom"],"aioseo_notices":[],"_links":{"self":[{"href":"https:\/\/newsinfoco.com.br\/inicio\/wp-json\/wp\/v2\/posts\/5140","targetHints":{"allow":["GET"]}}],"collection":[{"href":"https:\/\/newsinfoco.com.br\/inicio\/wp-json\/wp\/v2\/posts"}],"about":[{"href":"https:\/\/newsinfoco.com.br\/inicio\/wp-json\/wp\/v2\/types\/post"}],"author":[{"embeddable":true,"href":"https:\/\/newsinfoco.com.br\/inicio\/wp-json\/wp\/v2\/users\/1"}],"replies":[{"embeddable":true,"href":"https:\/\/newsinfoco.com.br\/inicio\/wp-json\/wp\/v2\/comments?post=5140"}],"version-history":[{"count":0,"href":"https:\/\/newsinfoco.com.br\/inicio\/wp-json\/wp\/v2\/posts\/5140\/revisions"}],"wp:featuredmedia":[{"embeddable":true,"href":"https:\/\/newsinfoco.com.br\/inicio\/wp-json\/wp\/v2\/media\/5141"}],"wp:attachment":[{"href":"https:\/\/newsinfoco.com.br\/inicio\/wp-json\/wp\/v2\/media?parent=5140"}],"wp:term":[{"taxonomy":"category","embeddable":true,"href":"https:\/\/newsinfoco.com.br\/inicio\/wp-json\/wp\/v2\/categories?post=5140"},{"taxonomy":"post_tag","embeddable":true,"href":"https:\/\/newsinfoco.com.br\/inicio\/wp-json\/wp\/v2\/tags?post=5140"}],"curies":[{"name":"wp","href":"https:\/\/api.w.org\/{rel}","templated":true}]}}