{"id":51432,"date":"2026-07-19T22:23:08","date_gmt":"2026-07-20T01:23:08","guid":{"rendered":"https:\/\/newsinfoco.com.br\/inicio\/?p=51432"},"modified":"2026-07-19T22:23:08","modified_gmt":"2026-07-20T01:23:08","slug":"alagoinhas-realiza-audiencia-publica-para-apresentacao-do-plano-municipal-de-mobilidade-urbana","status":"publish","type":"post","link":"https:\/\/newsinfoco.com.br\/inicio\/alagoinhas-realiza-audiencia-publica-para-apresentacao-do-plano-municipal-de-mobilidade-urbana\/","title":{"rendered":"Alagoinhas realiza audi\u00eancia p\u00fablica para apresenta\u00e7\u00e3o do Plano Municipal de Mobilidade Urbana"},"content":{"rendered":"<p>Em mais um passo decisivo para o desenvolvimento infraestrutural e sustent\u00e1vel do munic\u00edpio, a C\u00e2mara de Vereadores de Alagoinhas sediou, nesta quinta-feira (16), a audi\u00eancia p\u00fablica de apresenta\u00e7\u00e3o do Plano Municipal de Mobilidade Urbana (Plamob). O encontro marcou uma etapa fundamental na constru\u00e7\u00e3o do instrumento t\u00e9cnico que passar\u00e1 a orientar e nortear todas as pol\u00edticas p\u00fablicas voltadas ao setor na cidade pelos pr\u00f3ximos dez anos.<\/p>\n<p>Durante a sess\u00e3o, foram detalhados os cen\u00e1rios diagn\u00f3sticos, eixos estrat\u00e9gicos, metas e programas que comp\u00f5em o plano. O evento foi aberto para que os cidad\u00e3os e operadores do sistema de transporte pudessem apresentar perguntas, coment\u00e1rios e sugest\u00f5es, que servir\u00e1 para subsidiar e aperfei\u00e7oar o projeto de lei da Pol\u00edtica Municipal de Mobilidade Urbana, que ser\u00e1 encaminhado posteriormente para vota\u00e7\u00e3o na Casa Legislativa.<\/p>\n<p>O PLAMOB funciona como um guia de investimentos p\u00fablicos, pois, a partir das diretrizes apresentadas, a popula\u00e7\u00e3o p\u00f4de conhecer o planejamento do governo municipal em frentes essenciais para o dia a dia urbano, tais como:\u00a0 melhorias no sistema de transporte coletivo; amplia\u00e7\u00e3o e requalifica\u00e7\u00e3o de cal\u00e7adas e ciclovias;\u00a0 refor\u00e7o nas a\u00e7\u00f5es de seguran\u00e7a vi\u00e1ria e tr\u00e2nsito;\u00a0 promo\u00e7\u00e3o da acessibilidade universal; e inclus\u00e3o de novas tecnologias aplicadas \u00e0 mobilidade.<\/p>\n<p>De acordo com a assessora t\u00e9cnica, Fl\u00e1via Manoela Barbosa, a audi\u00eancia cumpre o papel de dar transpar\u00eancia e legalidade ao processo. \u201cA audi\u00eancia p\u00fablica tem como objetivo apresentar \u00e0 popula\u00e7\u00e3o o plano, detalhando as metas para os pr\u00f3ximos dez anos, al\u00e9m de colher contribui\u00e7\u00f5es para subsidiar o projeto de lei. O encontro permite que a popula\u00e7\u00e3o conhe\u00e7a as mudan\u00e7as previstas e acompanhe de forma transparente como o governo est\u00e1 planejando investir no munic\u00edpio\u201d, destacou.<\/p>\n<p>O secret\u00e1rio de Mobilidade e Ordem P\u00fablica, Hilton Ribeiro, destacou que o plano representa uma \u201crevolu\u00e7\u00e3o no ordenamento jur\u00eddico\u201d.\u00a0 \u201cConduzida na gest\u00e3o do prefeito Gustavo Carmo, que recentemente aprovou na C\u00e2mara os novos c\u00f3digos de Obras, Meio Ambiente, Urban\u00edstico e de Vigil\u00e2ncia Sanit\u00e1ria, al\u00e9m do Plano Diretor de Desenvolvimento Municipal (PDDM). S\u00e3o os planos que v\u00e3o nortear a cidade daqui a dez anos, ent\u00e3o isso vai ficar para as futuras gera\u00e7\u00f5es. E por isso \u00e9 importante deixar isso registrado\u201d, explicou.<\/p>\n<p>A elabora\u00e7\u00e3o do PLAMOB em Alagoinhas, diferente de outros munic\u00edpios que enfrenta dificuldades financeiras ou n\u00e3o possui um plano de mobilidade estruturado devido ao alto valor de mercado para a contrata\u00e7\u00e3o de consultorias privadas, Alagoinhas desenvolveu o seu projeto sem onerar os cofres p\u00fablicos.<\/p>\n<p><a class=\"group1 cboxElement\" href=\"https:\/\/www.alagoinhas.ba.gov.br\/wp-content\/uploads\/2026\/07\/923b1ff2-d3fe-448f-b4a3-16d2401587e8.jpg\"><img loading=\"lazy\" decoding=\"async\" class=\"aligncenter size-full wp-image-91444\" src=\"https:\/\/www.alagoinhas.ba.gov.br\/wp-content\/uploads\/2026\/07\/923b1ff2-d3fe-448f-b4a3-16d2401587e8.jpg\" sizes=\"auto, (max-width: 1280px) 100vw, 1280px\" srcset=\"https:\/\/www.alagoinhas.ba.gov.br\/wp-content\/uploads\/2026\/07\/923b1ff2-d3fe-448f-b4a3-16d2401587e8.jpg 1280w, https:\/\/www.alagoinhas.ba.gov.br\/wp-content\/uploads\/2026\/07\/923b1ff2-d3fe-448f-b4a3-16d2401587e8-300x225.jpg 300w, https:\/\/www.alagoinhas.ba.gov.br\/wp-content\/uploads\/2026\/07\/923b1ff2-d3fe-448f-b4a3-16d2401587e8-768x576.jpg 768w, https:\/\/www.alagoinhas.ba.gov.br\/wp-content\/uploads\/2026\/07\/923b1ff2-d3fe-448f-b4a3-16d2401587e8-1024x768.jpg 1024w, https:\/\/www.alagoinhas.ba.gov.br\/wp-content\/uploads\/2026\/07\/923b1ff2-d3fe-448f-b4a3-16d2401587e8-24x18.jpg 24w\" alt=\"\" width=\"1280\" height=\"960\" \/><\/a><\/p>\n<h5><img loading=\"lazy\" decoding=\"async\" class=\"aligncenter size-full wp-image-91445\" src=\"https:\/\/www.alagoinhas.ba.gov.br\/wp-content\/uploads\/2026\/07\/f4bfe0e5-ae43-4070-8c50-8684cd1003a3.jpg\" sizes=\"auto, (max-width: 1280px) 100vw, 1280px\" srcset=\"https:\/\/www.alagoinhas.ba.gov.br\/wp-content\/uploads\/2026\/07\/f4bfe0e5-ae43-4070-8c50-8684cd1003a3.jpg 1280w, https:\/\/www.alagoinhas.ba.gov.br\/wp-content\/uploads\/2026\/07\/f4bfe0e5-ae43-4070-8c50-8684cd1003a3-300x225.jpg 300w, https:\/\/www.alagoinhas.ba.gov.br\/wp-content\/uploads\/2026\/07\/f4bfe0e5-ae43-4070-8c50-8684cd1003a3-768x576.jpg 768w, https:\/\/www.alagoinhas.ba.gov.br\/wp-content\/uploads\/2026\/07\/f4bfe0e5-ae43-4070-8c50-8684cd1003a3-1024x768.jpg 1024w, https:\/\/www.alagoinhas.ba.gov.br\/wp-content\/uploads\/2026\/07\/f4bfe0e5-ae43-4070-8c50-8684cd1003a3-24x18.jpg 24w\" alt=\"\" width=\"1280\" height=\"960\" \/>Foto: Secom \/ Alagoinhas<\/h5>\n<div class='share-to-whatsapp-wrapper'><div class='share-on-whsp'>Share on: <\/div><a data-text='Alagoinhas realiza audi\u00eancia p\u00fablica para apresenta\u00e7\u00e3o do Plano Municipal de Mobilidade Urbana' data-link='https:\/\/newsinfoco.com.br\/inicio\/alagoinhas-realiza-audiencia-publica-para-apresentacao-do-plano-municipal-de-mobilidade-urbana\/' class='whatsapp-button whatsapp-share'>WhatsApp<\/a><div class='clear '><\/div><\/div>","protected":false},"excerpt":{"rendered":"<p>Em mais um passo decisivo para o desenvolvimento infraestrutural e sustent\u00e1vel do munic\u00edpio, a C\u00e2mara de Vereadores de Alagoinhas sediou, nesta quinta-feira (16), a audi\u00eancia p\u00fablica de apresenta\u00e7\u00e3o do Plano Municipal de Mobilidade Urbana (Plamob). O encontro marcou uma etapa fundamental na constru\u00e7\u00e3o do instrumento t\u00e9cnico que passar\u00e1 a orientar e nortear todas as pol\u00edticas [&hellip;]<\/p>\n","protected":false},"author":1,"featured_media":51434,"comment_status":"closed","ping_status":"closed","sticky":false,"template":"","format":"standard","meta":{"om_disable_all_campaigns":false,"rop_custom_images_group":[],"rop_custom_messages_group":[],"rop_publish_now":"initial","rop_publish_now_accounts":[],"rop_publish_now_history":[],"rop_publish_now_status":"pending","_exactmetrics_skip_tracking":false,"footnotes":""},"categories":[38,30,167],"tags":[],"class_list":["post-51432","post","type-post","status-publish","format-standard","has-post-thumbnail","hentry","category-alagoinhas-e-regiao","category-destaque","category-exclusivas"],"aioseo_notices":[],"aioseo_head":"\n\t\t<!-- All in One SEO 4.9.10 - aioseo.com -->\n\t<meta name=\"description\" content=\"Em mais um passo decisivo para o desenvolvimento infraestrutural e sustent\u00e1vel do munic\u00edpio, a C\u00e2mara de Vereadores de Alagoinhas sediou, nesta quinta-feira (16), a audi\u00eancia p\u00fablica de apresenta\u00e7\u00e3o do Plano Municipal de Mobilidade Urbana (Plamob). O encontro marcou uma etapa fundamental na constru\u00e7\u00e3o do instrumento t\u00e9cnico que passar\u00e1 a orientar e nortear todas as pol\u00edticas\" \/>\n\t<meta name=\"robots\" content=\"max-image-preview:large\" \/>\n\t<meta name=\"author\" content=\"administrador\"\/>\n\t<link rel=\"canonical\" href=\"https:\/\/newsinfoco.com.br\/inicio\/alagoinhas-realiza-audiencia-publica-para-apresentacao-do-plano-municipal-de-mobilidade-urbana\/\" \/>\n\t<meta name=\"generator\" content=\"All in One SEO (AIOSEO) 4.9.10\" \/>\n\t\t<meta property=\"og:locale\" content=\"pt_BR\" \/>\n\t\t<meta property=\"og:site_name\" content=\"News In Foco - Editado por Caio Pimenta - O principal site de noticias de Alagoinhas e regi\u00e3o\" \/>\n\t\t<meta property=\"og:type\" content=\"article\" \/>\n\t\t<meta property=\"og:title\" content=\"Alagoinhas realiza audi\u00eancia p\u00fablica para apresenta\u00e7\u00e3o do Plano Municipal de Mobilidade Urbana - News In Foco - Editado por Caio Pimenta\" \/>\n\t\t<meta property=\"og:description\" content=\"Em mais um passo decisivo para o desenvolvimento infraestrutural e sustent\u00e1vel do munic\u00edpio, a C\u00e2mara de Vereadores de Alagoinhas sediou, nesta quinta-feira (16), a audi\u00eancia p\u00fablica de apresenta\u00e7\u00e3o do Plano Municipal de Mobilidade Urbana (Plamob). O encontro marcou uma etapa fundamental na constru\u00e7\u00e3o do instrumento t\u00e9cnico que passar\u00e1 a orientar e nortear todas as pol\u00edticas\" \/>\n\t\t<meta property=\"og:url\" content=\"https:\/\/newsinfoco.com.br\/inicio\/alagoinhas-realiza-audiencia-publica-para-apresentacao-do-plano-municipal-de-mobilidade-urbana\/\" \/>\n\t\t<meta property=\"article:published_time\" content=\"2026-07-20T01:23:08+00:00\" \/>\n\t\t<meta property=\"article:modified_time\" content=\"2026-07-20T01:23:08+00:00\" \/>\n\t\t<meta name=\"twitter:card\" content=\"summary_large_image\" \/>\n\t\t<meta name=\"twitter:title\" content=\"Alagoinhas realiza audi\u00eancia p\u00fablica para apresenta\u00e7\u00e3o do Plano Municipal de Mobilidade Urbana - News In Foco - Editado por Caio Pimenta\" \/>\n\t\t<meta name=\"twitter:description\" content=\"Em mais um passo decisivo para o desenvolvimento infraestrutural e sustent\u00e1vel do munic\u00edpio, a C\u00e2mara de Vereadores de Alagoinhas sediou, nesta quinta-feira (16), a audi\u00eancia p\u00fablica de apresenta\u00e7\u00e3o do Plano Municipal de Mobilidade Urbana (Plamob). O encontro marcou uma etapa fundamental na constru\u00e7\u00e3o do instrumento t\u00e9cnico que passar\u00e1 a orientar e nortear todas as pol\u00edticas\" \/>\n\t\t<script type=\"application\/ld+json\" class=\"aioseo-schema\">\n\t\t\t{\"@context\":\"https:\\\/\\\/schema.org\",\"@graph\":[{\"@type\":\"BlogPosting\",\"@id\":\"https:\\\/\\\/newsinfoco.com.br\\\/inicio\\\/alagoinhas-realiza-audiencia-publica-para-apresentacao-do-plano-municipal-de-mobilidade-urbana\\\/#blogposting\",\"name\":\"Alagoinhas realiza audi\\u00eancia p\\u00fablica para apresenta\\u00e7\\u00e3o do Plano Municipal de Mobilidade Urbana - News In Foco - Editado por Caio Pimenta\",\"headline\":\"Alagoinhas realiza audi\\u00eancia p\\u00fablica para apresenta\\u00e7\\u00e3o do Plano Municipal de Mobilidade Urbana\",\"author\":{\"@id\":\"https:\\\/\\\/newsinfoco.com.br\\\/inicio\\\/author\\\/administrador\\\/#author\"},\"publisher\":{\"@id\":\"https:\\\/\\\/newsinfoco.com.br\\\/inicio\\\/#organization\"},\"image\":{\"@type\":\"ImageObject\",\"url\":\"https:\\\/\\\/newsinfoco.com.br\\\/inicio\\\/wp-content\\\/uploads\\\/2026\\\/07\\\/592d305c-7e34-4414-989f-6d7194ecd8f2-1.jpg\",\"width\":1280,\"height\":960},\"datePublished\":\"2026-07-19T22:23:08-03:00\",\"dateModified\":\"2026-07-19T22:23:08-03:00\",\"inLanguage\":\"pt-BR\",\"mainEntityOfPage\":{\"@id\":\"https:\\\/\\\/newsinfoco.com.br\\\/inicio\\\/alagoinhas-realiza-audiencia-publica-para-apresentacao-do-plano-municipal-de-mobilidade-urbana\\\/#webpage\"},\"isPartOf\":{\"@id\":\"https:\\\/\\\/newsinfoco.com.br\\\/inicio\\\/alagoinhas-realiza-audiencia-publica-para-apresentacao-do-plano-municipal-de-mobilidade-urbana\\\/#webpage\"},\"articleSection\":\"Alagoinhas e Regi\\u00e3o, Destaque, Manchete\"},{\"@type\":\"BreadcrumbList\",\"@id\":\"https:\\\/\\\/newsinfoco.com.br\\\/inicio\\\/alagoinhas-realiza-audiencia-publica-para-apresentacao-do-plano-municipal-de-mobilidade-urbana\\\/#breadcrumblist\",\"itemListElement\":[{\"@type\":\"ListItem\",\"@id\":\"https:\\\/\\\/newsinfoco.com.br\\\/inicio#listItem\",\"position\":1,\"name\":\"In\\u00edcio\",\"item\":\"https:\\\/\\\/newsinfoco.com.br\\\/inicio\",\"nextItem\":{\"@type\":\"ListItem\",\"@id\":\"https:\\\/\\\/newsinfoco.com.br\\\/inicio\\\/category\\\/destaque\\\/#listItem\",\"name\":\"Destaque\"}},{\"@type\":\"ListItem\",\"@id\":\"https:\\\/\\\/newsinfoco.com.br\\\/inicio\\\/category\\\/destaque\\\/#listItem\",\"position\":2,\"name\":\"Destaque\",\"item\":\"https:\\\/\\\/newsinfoco.com.br\\\/inicio\\\/category\\\/destaque\\\/\",\"nextItem\":{\"@type\":\"ListItem\",\"@id\":\"https:\\\/\\\/newsinfoco.com.br\\\/inicio\\\/alagoinhas-realiza-audiencia-publica-para-apresentacao-do-plano-municipal-de-mobilidade-urbana\\\/#listItem\",\"name\":\"Alagoinhas realiza audi\\u00eancia p\\u00fablica para apresenta\\u00e7\\u00e3o do Plano Municipal de Mobilidade Urbana\"},\"previousItem\":{\"@type\":\"ListItem\",\"@id\":\"https:\\\/\\\/newsinfoco.com.br\\\/inicio#listItem\",\"name\":\"In\\u00edcio\"}},{\"@type\":\"ListItem\",\"@id\":\"https:\\\/\\\/newsinfoco.com.br\\\/inicio\\\/alagoinhas-realiza-audiencia-publica-para-apresentacao-do-plano-municipal-de-mobilidade-urbana\\\/#listItem\",\"position\":3,\"name\":\"Alagoinhas realiza audi\\u00eancia p\\u00fablica para apresenta\\u00e7\\u00e3o do Plano Municipal de Mobilidade Urbana\",\"previousItem\":{\"@type\":\"ListItem\",\"@id\":\"https:\\\/\\\/newsinfoco.com.br\\\/inicio\\\/category\\\/destaque\\\/#listItem\",\"name\":\"Destaque\"}}]},{\"@type\":\"Organization\",\"@id\":\"https:\\\/\\\/newsinfoco.com.br\\\/inicio\\\/#organization\",\"name\":\"News In Foco - Editado por Caio Pimenta\",\"description\":\"O principal site de noticias de Alagoinhas e regi\\u00e3o\",\"url\":\"https:\\\/\\\/newsinfoco.com.br\\\/inicio\\\/\"},{\"@type\":\"Person\",\"@id\":\"https:\\\/\\\/newsinfoco.com.br\\\/inicio\\\/author\\\/administrador\\\/#author\",\"url\":\"https:\\\/\\\/newsinfoco.com.br\\\/inicio\\\/author\\\/administrador\\\/\",\"name\":\"administrador\",\"image\":{\"@type\":\"ImageObject\",\"@id\":\"https:\\\/\\\/newsinfoco.com.br\\\/inicio\\\/alagoinhas-realiza-audiencia-publica-para-apresentacao-do-plano-municipal-de-mobilidade-urbana\\\/#authorImage\",\"url\":\"https:\\\/\\\/secure.gravatar.com\\\/avatar\\\/c17a617433de8c1dc9584bb79aab7563b46f5bb7e1728c9b17d9cc3ce6a08e49?s=96&d=mm&r=g\",\"width\":96,\"height\":96,\"caption\":\"administrador\"}},{\"@type\":\"WebPage\",\"@id\":\"https:\\\/\\\/newsinfoco.com.br\\\/inicio\\\/alagoinhas-realiza-audiencia-publica-para-apresentacao-do-plano-municipal-de-mobilidade-urbana\\\/#webpage\",\"url\":\"https:\\\/\\\/newsinfoco.com.br\\\/inicio\\\/alagoinhas-realiza-audiencia-publica-para-apresentacao-do-plano-municipal-de-mobilidade-urbana\\\/\",\"name\":\"Alagoinhas realiza audi\\u00eancia p\\u00fablica para apresenta\\u00e7\\u00e3o do Plano Municipal de Mobilidade Urbana - News In Foco - Editado por Caio Pimenta\",\"description\":\"Em mais um passo decisivo para o desenvolvimento infraestrutural e sustent\\u00e1vel do munic\\u00edpio, a C\\u00e2mara de Vereadores de Alagoinhas sediou, nesta quinta-feira (16), a audi\\u00eancia p\\u00fablica de apresenta\\u00e7\\u00e3o do Plano Municipal de Mobilidade Urbana (Plamob). O encontro marcou uma etapa fundamental na constru\\u00e7\\u00e3o do instrumento t\\u00e9cnico que passar\\u00e1 a orientar e nortear todas as pol\\u00edticas\",\"inLanguage\":\"pt-BR\",\"isPartOf\":{\"@id\":\"https:\\\/\\\/newsinfoco.com.br\\\/inicio\\\/#website\"},\"breadcrumb\":{\"@id\":\"https:\\\/\\\/newsinfoco.com.br\\\/inicio\\\/alagoinhas-realiza-audiencia-publica-para-apresentacao-do-plano-municipal-de-mobilidade-urbana\\\/#breadcrumblist\"},\"author\":{\"@id\":\"https:\\\/\\\/newsinfoco.com.br\\\/inicio\\\/author\\\/administrador\\\/#author\"},\"creator\":{\"@id\":\"https:\\\/\\\/newsinfoco.com.br\\\/inicio\\\/author\\\/administrador\\\/#author\"},\"image\":{\"@type\":\"ImageObject\",\"url\":\"https:\\\/\\\/newsinfoco.com.br\\\/inicio\\\/wp-content\\\/uploads\\\/2026\\\/07\\\/592d305c-7e34-4414-989f-6d7194ecd8f2-1.jpg\",\"@id\":\"https:\\\/\\\/newsinfoco.com.br\\\/inicio\\\/alagoinhas-realiza-audiencia-publica-para-apresentacao-do-plano-municipal-de-mobilidade-urbana\\\/#mainImage\",\"width\":1280,\"height\":960},\"primaryImageOfPage\":{\"@id\":\"https:\\\/\\\/newsinfoco.com.br\\\/inicio\\\/alagoinhas-realiza-audiencia-publica-para-apresentacao-do-plano-municipal-de-mobilidade-urbana\\\/#mainImage\"},\"datePublished\":\"2026-07-19T22:23:08-03:00\",\"dateModified\":\"2026-07-19T22:23:08-03:00\"},{\"@type\":\"WebSite\",\"@id\":\"https:\\\/\\\/newsinfoco.com.br\\\/inicio\\\/#website\",\"url\":\"https:\\\/\\\/newsinfoco.com.br\\\/inicio\\\/\",\"name\":\"News In Foco - Editado por Caio Pimenta\",\"description\":\"O principal site de noticias de Alagoinhas e regi\\u00e3o\",\"inLanguage\":\"pt-BR\",\"publisher\":{\"@id\":\"https:\\\/\\\/newsinfoco.com.br\\\/inicio\\\/#organization\"}}]}\n\t\t<\/script>\n\t\t<!-- All in One SEO -->\n\n","aioseo_head_json":{"title":"Alagoinhas realiza audi\u00eancia p\u00fablica para apresenta\u00e7\u00e3o do Plano Municipal de Mobilidade Urbana - News In Foco - Editado por Caio Pimenta","description":"Em mais um passo decisivo para o desenvolvimento infraestrutural e sustent\u00e1vel do munic\u00edpio, a C\u00e2mara de Vereadores de Alagoinhas sediou, nesta quinta-feira (16), a audi\u00eancia p\u00fablica de apresenta\u00e7\u00e3o do Plano Municipal de Mobilidade Urbana (Plamob). O encontro marcou uma etapa fundamental na constru\u00e7\u00e3o do instrumento t\u00e9cnico que passar\u00e1 a orientar e nortear todas as pol\u00edticas","canonical_url":"https:\/\/newsinfoco.com.br\/inicio\/alagoinhas-realiza-audiencia-publica-para-apresentacao-do-plano-municipal-de-mobilidade-urbana\/","robots":"max-image-preview:large","keywords":"","webmasterTools":{"miscellaneous":""},"schema":{"@context":"https:\/\/schema.org","@graph":[{"@type":"BlogPosting","@id":"https:\/\/newsinfoco.com.br\/inicio\/alagoinhas-realiza-audiencia-publica-para-apresentacao-do-plano-municipal-de-mobilidade-urbana\/#blogposting","name":"Alagoinhas realiza audi\u00eancia p\u00fablica para apresenta\u00e7\u00e3o do Plano Municipal de Mobilidade Urbana - News In Foco - Editado por Caio Pimenta","headline":"Alagoinhas realiza audi\u00eancia p\u00fablica para apresenta\u00e7\u00e3o do Plano Municipal de Mobilidade Urbana","author":{"@id":"https:\/\/newsinfoco.com.br\/inicio\/author\/administrador\/#author"},"publisher":{"@id":"https:\/\/newsinfoco.com.br\/inicio\/#organization"},"image":{"@type":"ImageObject","url":"https:\/\/newsinfoco.com.br\/inicio\/wp-content\/uploads\/2026\/07\/592d305c-7e34-4414-989f-6d7194ecd8f2-1.jpg","width":1280,"height":960},"datePublished":"2026-07-19T22:23:08-03:00","dateModified":"2026-07-19T22:23:08-03:00","inLanguage":"pt-BR","mainEntityOfPage":{"@id":"https:\/\/newsinfoco.com.br\/inicio\/alagoinhas-realiza-audiencia-publica-para-apresentacao-do-plano-municipal-de-mobilidade-urbana\/#webpage"},"isPartOf":{"@id":"https:\/\/newsinfoco.com.br\/inicio\/alagoinhas-realiza-audiencia-publica-para-apresentacao-do-plano-municipal-de-mobilidade-urbana\/#webpage"},"articleSection":"Alagoinhas e Regi\u00e3o, Destaque, Manchete"},{"@type":"BreadcrumbList","@id":"https:\/\/newsinfoco.com.br\/inicio\/alagoinhas-realiza-audiencia-publica-para-apresentacao-do-plano-municipal-de-mobilidade-urbana\/#breadcrumblist","itemListElement":[{"@type":"ListItem","@id":"https:\/\/newsinfoco.com.br\/inicio#listItem","position":1,"name":"In\u00edcio","item":"https:\/\/newsinfoco.com.br\/inicio","nextItem":{"@type":"ListItem","@id":"https:\/\/newsinfoco.com.br\/inicio\/category\/destaque\/#listItem","name":"Destaque"}},{"@type":"ListItem","@id":"https:\/\/newsinfoco.com.br\/inicio\/category\/destaque\/#listItem","position":2,"name":"Destaque","item":"https:\/\/newsinfoco.com.br\/inicio\/category\/destaque\/","nextItem":{"@type":"ListItem","@id":"https:\/\/newsinfoco.com.br\/inicio\/alagoinhas-realiza-audiencia-publica-para-apresentacao-do-plano-municipal-de-mobilidade-urbana\/#listItem","name":"Alagoinhas realiza audi\u00eancia p\u00fablica para apresenta\u00e7\u00e3o do Plano Municipal de Mobilidade Urbana"},"previousItem":{"@type":"ListItem","@id":"https:\/\/newsinfoco.com.br\/inicio#listItem","name":"In\u00edcio"}},{"@type":"ListItem","@id":"https:\/\/newsinfoco.com.br\/inicio\/alagoinhas-realiza-audiencia-publica-para-apresentacao-do-plano-municipal-de-mobilidade-urbana\/#listItem","position":3,"name":"Alagoinhas realiza audi\u00eancia p\u00fablica para apresenta\u00e7\u00e3o do Plano Municipal de Mobilidade Urbana","previousItem":{"@type":"ListItem","@id":"https:\/\/newsinfoco.com.br\/inicio\/category\/destaque\/#listItem","name":"Destaque"}}]},{"@type":"Organization","@id":"https:\/\/newsinfoco.com.br\/inicio\/#organization","name":"News In Foco - Editado por Caio Pimenta","description":"O principal site de noticias de Alagoinhas e regi\u00e3o","url":"https:\/\/newsinfoco.com.br\/inicio\/"},{"@type":"Person","@id":"https:\/\/newsinfoco.com.br\/inicio\/author\/administrador\/#author","url":"https:\/\/newsinfoco.com.br\/inicio\/author\/administrador\/","name":"administrador","image":{"@type":"ImageObject","@id":"https:\/\/newsinfoco.com.br\/inicio\/alagoinhas-realiza-audiencia-publica-para-apresentacao-do-plano-municipal-de-mobilidade-urbana\/#authorImage","url":"https:\/\/secure.gravatar.com\/avatar\/c17a617433de8c1dc9584bb79aab7563b46f5bb7e1728c9b17d9cc3ce6a08e49?s=96&d=mm&r=g","width":96,"height":96,"caption":"administrador"}},{"@type":"WebPage","@id":"https:\/\/newsinfoco.com.br\/inicio\/alagoinhas-realiza-audiencia-publica-para-apresentacao-do-plano-municipal-de-mobilidade-urbana\/#webpage","url":"https:\/\/newsinfoco.com.br\/inicio\/alagoinhas-realiza-audiencia-publica-para-apresentacao-do-plano-municipal-de-mobilidade-urbana\/","name":"Alagoinhas realiza audi\u00eancia p\u00fablica para apresenta\u00e7\u00e3o do Plano Municipal de Mobilidade Urbana - News In Foco - Editado por Caio Pimenta","description":"Em mais um passo decisivo para o desenvolvimento infraestrutural e sustent\u00e1vel do munic\u00edpio, a C\u00e2mara de Vereadores de Alagoinhas sediou, nesta quinta-feira (16), a audi\u00eancia p\u00fablica de apresenta\u00e7\u00e3o do Plano Municipal de Mobilidade Urbana (Plamob). O encontro marcou uma etapa fundamental na constru\u00e7\u00e3o do instrumento t\u00e9cnico que passar\u00e1 a orientar e nortear todas as pol\u00edticas","inLanguage":"pt-BR","isPartOf":{"@id":"https:\/\/newsinfoco.com.br\/inicio\/#website"},"breadcrumb":{"@id":"https:\/\/newsinfoco.com.br\/inicio\/alagoinhas-realiza-audiencia-publica-para-apresentacao-do-plano-municipal-de-mobilidade-urbana\/#breadcrumblist"},"author":{"@id":"https:\/\/newsinfoco.com.br\/inicio\/author\/administrador\/#author"},"creator":{"@id":"https:\/\/newsinfoco.com.br\/inicio\/author\/administrador\/#author"},"image":{"@type":"ImageObject","url":"https:\/\/newsinfoco.com.br\/inicio\/wp-content\/uploads\/2026\/07\/592d305c-7e34-4414-989f-6d7194ecd8f2-1.jpg","@id":"https:\/\/newsinfoco.com.br\/inicio\/alagoinhas-realiza-audiencia-publica-para-apresentacao-do-plano-municipal-de-mobilidade-urbana\/#mainImage","width":1280,"height":960},"primaryImageOfPage":{"@id":"https:\/\/newsinfoco.com.br\/inicio\/alagoinhas-realiza-audiencia-publica-para-apresentacao-do-plano-municipal-de-mobilidade-urbana\/#mainImage"},"datePublished":"2026-07-19T22:23:08-03:00","dateModified":"2026-07-19T22:23:08-03:00"},{"@type":"WebSite","@id":"https:\/\/newsinfoco.com.br\/inicio\/#website","url":"https:\/\/newsinfoco.com.br\/inicio\/","name":"News In Foco - Editado por Caio Pimenta","description":"O principal site de noticias de Alagoinhas e regi\u00e3o","inLanguage":"pt-BR","publisher":{"@id":"https:\/\/newsinfoco.com.br\/inicio\/#organization"}}]},"og:locale":"pt_BR","og:site_name":"News In Foco - Editado por Caio Pimenta - O principal site de noticias de Alagoinhas e regi\u00e3o","og:type":"article","og:title":"Alagoinhas realiza audi\u00eancia p\u00fablica para apresenta\u00e7\u00e3o do Plano Municipal de Mobilidade Urbana - News In Foco - Editado por Caio Pimenta","og:description":"Em mais um passo decisivo para o desenvolvimento infraestrutural e sustent\u00e1vel do munic\u00edpio, a C\u00e2mara de Vereadores de Alagoinhas sediou, nesta quinta-feira (16), a audi\u00eancia p\u00fablica de apresenta\u00e7\u00e3o do Plano Municipal de Mobilidade Urbana (Plamob). O encontro marcou uma etapa fundamental na constru\u00e7\u00e3o do instrumento t\u00e9cnico que passar\u00e1 a orientar e nortear todas as pol\u00edticas","og:url":"https:\/\/newsinfoco.com.br\/inicio\/alagoinhas-realiza-audiencia-publica-para-apresentacao-do-plano-municipal-de-mobilidade-urbana\/","article:published_time":"2026-07-20T01:23:08+00:00","article:modified_time":"2026-07-20T01:23:08+00:00","twitter:card":"summary_large_image","twitter:title":"Alagoinhas realiza audi\u00eancia p\u00fablica para apresenta\u00e7\u00e3o do Plano Municipal de Mobilidade Urbana - News In Foco - Editado por Caio Pimenta","twitter:description":"Em mais um passo decisivo para o desenvolvimento infraestrutural e sustent\u00e1vel do munic\u00edpio, a C\u00e2mara de Vereadores de Alagoinhas sediou, nesta quinta-feira (16), a audi\u00eancia p\u00fablica de apresenta\u00e7\u00e3o do Plano Municipal de Mobilidade Urbana (Plamob). O encontro marcou uma etapa fundamental na constru\u00e7\u00e3o do instrumento t\u00e9cnico que passar\u00e1 a orientar e nortear todas as pol\u00edticas"},"aioseo_meta_data":{"post_id":"51432","title":null,"description":null,"keywords":null,"keyphrases":{"focus":{"keyphrase":"","score":0,"analysis":{"keyphraseInTitle":{"score":0,"maxScore":9,"error":1}}},"additional":[]},"primary_term":null,"canonical_url":null,"og_title":null,"og_description":null,"og_object_type":"default","og_image_type":"default","og_image_url":null,"og_image_width":null,"og_image_height":null,"og_image_custom_url":null,"og_image_custom_fields":null,"og_video":"","og_custom_url":null,"og_article_section":null,"og_article_tags":null,"twitter_use_og":false,"twitter_card":"default","twitter_image_type":"default","twitter_image_url":null,"twitter_image_custom_url":null,"twitter_image_custom_fields":null,"twitter_title":null,"twitter_description":null,"schema":{"blockGraphs":[],"customGraphs":[],"default":{"data":{"Article":[],"Course":[],"Dataset":[],"FAQPage":[],"Movie":[],"Person":[],"Product":[],"ProductReview":[],"Car":[],"Recipe":[],"Service":[],"SoftwareApplication":[],"WebPage":[]},"graphName":"BlogPosting","isEnabled":true},"graphs":[]},"schema_type":"default","schema_type_options":null,"pillar_content":false,"robots_default":true,"robots_noindex":false,"robots_noarchive":false,"robots_nosnippet":false,"robots_nofollow":false,"robots_noimageindex":false,"robots_noodp":false,"robots_notranslate":false,"robots_max_snippet":"-1","robots_max_videopreview":"-1","robots_max_imagepreview":"large","priority":null,"frequency":"default","local_seo":null,"breadcrumb_settings":null,"limit_modified_date":false,"ai":{"faqs":[],"keyPoints":[],"titles":[],"descriptions":[],"socialPosts":{"email":[],"linkedin":[],"twitter":[],"facebook":[],"instagram":[]}},"created":"2026-07-20 01:23:09","updated":"2026-07-20 01:33:45","seo_analyzer_scan_date":null},"aioseo_breadcrumb":"<div class=\"aioseo-breadcrumbs\"><span class=\"aioseo-breadcrumb\">\n\t\t\t<a href=\"https:\/\/newsinfoco.com.br\/inicio\" title=\"In\u00edcio\">In\u00edcio<\/a>\n\t\t<\/span><span class=\"aioseo-breadcrumb-separator\">&raquo;<\/span><span class=\"aioseo-breadcrumb\">\n\t\t\t<a href=\"https:\/\/newsinfoco.com.br\/inicio\/category\/destaque\/\" title=\"Destaque\">Destaque<\/a>\n\t\t<\/span><span class=\"aioseo-breadcrumb-separator\">&raquo;<\/span><span class=\"aioseo-breadcrumb\">\n\t\t\tAlagoinhas realiza audi\u00eancia p\u00fablica para apresenta\u00e7\u00e3o do Plano Municipal de Mobilidade Urbana\n\t\t<\/span><\/div>","aioseo_breadcrumb_json":[{"label":"In\u00edcio","link":"https:\/\/newsinfoco.com.br\/inicio"},{"label":"Destaque","link":"https:\/\/newsinfoco.com.br\/inicio\/category\/destaque\/"},{"label":"Alagoinhas realiza audi\u00eancia p\u00fablica para apresenta\u00e7\u00e3o do Plano Municipal de Mobilidade Urbana","link":"https:\/\/newsinfoco.com.br\/inicio\/alagoinhas-realiza-audiencia-publica-para-apresentacao-do-plano-municipal-de-mobilidade-urbana\/"}],"_links":{"self":[{"href":"https:\/\/newsinfoco.com.br\/inicio\/wp-json\/wp\/v2\/posts\/51432","targetHints":{"allow":["GET"]}}],"collection":[{"href":"https:\/\/newsinfoco.com.br\/inicio\/wp-json\/wp\/v2\/posts"}],"about":[{"href":"https:\/\/newsinfoco.com.br\/inicio\/wp-json\/wp\/v2\/types\/post"}],"author":[{"embeddable":true,"href":"https:\/\/newsinfoco.com.br\/inicio\/wp-json\/wp\/v2\/users\/1"}],"replies":[{"embeddable":true,"href":"https:\/\/newsinfoco.com.br\/inicio\/wp-json\/wp\/v2\/comments?post=51432"}],"version-history":[{"count":1,"href":"https:\/\/newsinfoco.com.br\/inicio\/wp-json\/wp\/v2\/posts\/51432\/revisions"}],"predecessor-version":[{"id":51435,"href":"https:\/\/newsinfoco.com.br\/inicio\/wp-json\/wp\/v2\/posts\/51432\/revisions\/51435"}],"wp:featuredmedia":[{"embeddable":true,"href":"https:\/\/newsinfoco.com.br\/inicio\/wp-json\/wp\/v2\/media\/51434"}],"wp:attachment":[{"href":"https:\/\/newsinfoco.com.br\/inicio\/wp-json\/wp\/v2\/media?parent=51432"}],"wp:term":[{"taxonomy":"category","embeddable":true,"href":"https:\/\/newsinfoco.com.br\/inicio\/wp-json\/wp\/v2\/categories?post=51432"},{"taxonomy":"post_tag","embeddable":true,"href":"https:\/\/newsinfoco.com.br\/inicio\/wp-json\/wp\/v2\/tags?post=51432"}],"curies":[{"name":"wp","href":"https:\/\/api.w.org\/{rel}","templated":true}]}}