{"id":51436,"date":"2026-07-19T22:24:41","date_gmt":"2026-07-20T01:24:41","guid":{"rendered":"https:\/\/newsinfoco.com.br\/inicio\/?p=51436"},"modified":"2026-07-19T22:24:41","modified_gmt":"2026-07-20T01:24:41","slug":"alagoinhas-vence-premio-fiocruz-e-sus-com-projeto-de-atencao-psicossocial-a-homens-autores-de-violencia","status":"publish","type":"post","link":"https:\/\/newsinfoco.com.br\/inicio\/alagoinhas-vence-premio-fiocruz-e-sus-com-projeto-de-atencao-psicossocial-a-homens-autores-de-violencia\/","title":{"rendered":"Alagoinhas vence Pr\u00eamio Fiocruz \u00e9 SUS com projeto de aten\u00e7\u00e3o psicossocial a homens autores de viol\u00eancia"},"content":{"rendered":"<p>O projeto de aten\u00e7\u00e3o psicossocial a homens autores de viol\u00eancias no Sistema \u00danico de Sa\u00fade desenvolvido pela Prefeitura de Alagoinhas est\u00e1 entre os vencedores do Pr\u00eamio Fiocruz \u00e9 SUS. A solenidade de entrega dos trof\u00e9us aconteceu nessa quarta-feira, 15, em Porto Alegre-RS, durante o 39\u00ba Congresso do Conselho Nacional de Secretarias Municipais de Sa\u00fade (Conasems). Promovida pela Plataforma IdeiaSUS Fiocruz, a premia\u00e7\u00e3o reconhece os melhores projetos por regi\u00e3o. Ao todo, 12 foram contemplados em todo o pa\u00eds, divididos em tr\u00eas categorias. A iniciativa de Alagoinhas foi considerada a melhor do nordeste na categoria direito universal \u00e0 sa\u00fade, equidade e democracia.<\/p>\n<p>Promovido pela Secretaria Municipal de Sa\u00fade (Sesau), em parceria com a 2\u00aa Vara Criminal e de Viol\u00eancia Dom\u00e9stica, o projeto est\u00e1 articulado \u00e0s medidas protetivas de urg\u00eancia previstas pela Lei Maria da Penha. No \u00e2mbito da rede p\u00fablica, Alagoinhas estruturou um acolhimento especializado para homens que cometem viol\u00eancia, com uma abordagem inovadora que foge do modelo punitivo e aposta na escuta qualificada, responsabiliza\u00e7\u00e3o e transforma\u00e7\u00e3o do comportamento. Em um ano, 145 homens encaminhados pela Justi\u00e7a foram atendidos, dos quais, cinco voltaram a apresentar epis\u00f3dios de viol\u00eancia \u2013 uma taxa de reincid\u00eancia de 3,44%.<\/p>\n<p>\u201cO programa atua na interface entre a sa\u00fade mental e a preven\u00e7\u00e3o da viol\u00eancia, oferecendo suporte psicossocial dentro do SUS a um p\u00fablico historicamente ausente dos servi\u00e7os de aten\u00e7\u00e3o prim\u00e1ria\u201d, explica o psic\u00f3logo Itamar Carneiro, coordenador do projeto.<\/p>\n<p>Ao enfrentar as causas estruturais da viol\u00eancia e criar um canal de cuidado com homens em situa\u00e7\u00e3o de conflito, Alagoinhas construiu uma experi\u00eancia que dialoga diretamente com a equidade e a universalidade do acesso \u00e0 sa\u00fade \u2014 valores centrais da categoria que premiou o projeto. \u201cA nossa proposta rompe com o sil\u00eancio que cerca o tema e amplia as possibilidades de cuidado no territ\u00f3rio, integrando sa\u00fade p\u00fablica e pol\u00edtica de enfrentamento \u00e0 viol\u00eancia\u201d, enfatiza o secret\u00e1rio municipal de Sa\u00fade, Luciano S\u00e9rgio.<\/p>\n<p>Para o prefeito Gustavo Carmo, o reconhecimento nacional atesta o compromisso da administra\u00e7\u00e3o com a sa\u00fade integral de cada cidad\u00e3o de Alagoinhas. \u201cEsta \u00e9 uma conquista coletiva, que envolve a gest\u00e3o p\u00fablica, os profissionais de sa\u00fade e a nossa comunidade. O pr\u00eamio da Fiocruz nos incentiva a continuar fazendo a diferen\u00e7a e implementando melhores pr\u00e1ticas. Queremos fazer de Alagoinhas uma refer\u00eancia em inova\u00e7\u00e3o e cuidado com a sa\u00fade da popula\u00e7\u00e3o, e que nossas iniciativas sirvam de inspira\u00e7\u00e3o para outros munic\u00edpios brasileiros\u201d.<\/p>\n<p>Al\u00e9m do trof\u00e9u e do certificado, o projeto de Alagoinhas passa a integrar a Curadoria em Sa\u00fade da Plataforma IdeiaSUS, que acompanhar\u00e1 a experi\u00eancia e a incluir\u00e1 em uma publica\u00e7\u00e3o dedicada \u00e0s iniciativas premiadas \u2014 garantindo que a pr\u00e1tica bem-sucedida do munic\u00edpio baiano possa ser replicada como refer\u00eancia por outras cidades do pa\u00eds.<\/p>\n<p><a class=\"group1 cboxElement\" href=\"https:\/\/www.alagoinhas.ba.gov.br\/wp-content\/uploads\/2026\/07\/WhatsApp-Image-2026-07-17-at-12.00.06.jpeg\"><img loading=\"lazy\" decoding=\"async\" class=\"aligncenter size-full wp-image-91455\" src=\"https:\/\/www.alagoinhas.ba.gov.br\/wp-content\/uploads\/2026\/07\/WhatsApp-Image-2026-07-17-at-12.00.06.jpeg\" sizes=\"auto, (max-width: 1600px) 100vw, 1600px\" srcset=\"https:\/\/www.alagoinhas.ba.gov.br\/wp-content\/uploads\/2026\/07\/WhatsApp-Image-2026-07-17-at-12.00.06.jpeg 1600w, https:\/\/www.alagoinhas.ba.gov.br\/wp-content\/uploads\/2026\/07\/WhatsApp-Image-2026-07-17-at-12.00.06-300x200.jpeg 300w, https:\/\/www.alagoinhas.ba.gov.br\/wp-content\/uploads\/2026\/07\/WhatsApp-Image-2026-07-17-at-12.00.06-768x511.jpeg 768w, https:\/\/www.alagoinhas.ba.gov.br\/wp-content\/uploads\/2026\/07\/WhatsApp-Image-2026-07-17-at-12.00.06-1024x681.jpeg 1024w, https:\/\/www.alagoinhas.ba.gov.br\/wp-content\/uploads\/2026\/07\/WhatsApp-Image-2026-07-17-at-12.00.06-24x16.jpeg 24w\" alt=\"\" width=\"1600\" height=\"1064\" \/><\/a><\/p>\n<h5>Itamar Carneiro<\/h5>\n<p><a class=\"group1 cboxElement\" href=\"https:\/\/www.alagoinhas.ba.gov.br\/wp-content\/uploads\/2026\/07\/WhatsApp-Image-2026-07-17-at-12.00.06-1.jpeg\"><img loading=\"lazy\" decoding=\"async\" class=\"aligncenter size-full wp-image-91454\" src=\"https:\/\/www.alagoinhas.ba.gov.br\/wp-content\/uploads\/2026\/07\/WhatsApp-Image-2026-07-17-at-12.00.06-1.jpeg\" sizes=\"auto, (max-width: 900px) 100vw, 900px\" srcset=\"https:\/\/www.alagoinhas.ba.gov.br\/wp-content\/uploads\/2026\/07\/WhatsApp-Image-2026-07-17-at-12.00.06-1.jpeg 900w, https:\/\/www.alagoinhas.ba.gov.br\/wp-content\/uploads\/2026\/07\/WhatsApp-Image-2026-07-17-at-12.00.06-1-169x300.jpeg 169w, https:\/\/www.alagoinhas.ba.gov.br\/wp-content\/uploads\/2026\/07\/WhatsApp-Image-2026-07-17-at-12.00.06-1-768x1365.jpeg 768w, https:\/\/www.alagoinhas.ba.gov.br\/wp-content\/uploads\/2026\/07\/WhatsApp-Image-2026-07-17-at-12.00.06-1-576x1024.jpeg 576w, https:\/\/www.alagoinhas.ba.gov.br\/wp-content\/uploads\/2026\/07\/WhatsApp-Image-2026-07-17-at-12.00.06-1-14x24.jpeg 14w\" alt=\"\" width=\"900\" height=\"1600\" \/><\/a><\/p>\n<p><a class=\"group1 cboxElement\" href=\"https:\/\/www.alagoinhas.ba.gov.br\/wp-content\/uploads\/2026\/07\/WhatsApp-Image-2026-07-17-at-12.00.06-2.jpeg\"><img loading=\"lazy\" decoding=\"async\" class=\"aligncenter size-full wp-image-91453\" src=\"https:\/\/www.alagoinhas.ba.gov.br\/wp-content\/uploads\/2026\/07\/WhatsApp-Image-2026-07-17-at-12.00.06-2.jpeg\" sizes=\"auto, (max-width: 900px) 100vw, 900px\" srcset=\"https:\/\/www.alagoinhas.ba.gov.br\/wp-content\/uploads\/2026\/07\/WhatsApp-Image-2026-07-17-at-12.00.06-2.jpeg 900w, https:\/\/www.alagoinhas.ba.gov.br\/wp-content\/uploads\/2026\/07\/WhatsApp-Image-2026-07-17-at-12.00.06-2-169x300.jpeg 169w, https:\/\/www.alagoinhas.ba.gov.br\/wp-content\/uploads\/2026\/07\/WhatsApp-Image-2026-07-17-at-12.00.06-2-768x1365.jpeg 768w, https:\/\/www.alagoinhas.ba.gov.br\/wp-content\/uploads\/2026\/07\/WhatsApp-Image-2026-07-17-at-12.00.06-2-576x1024.jpeg 576w, https:\/\/www.alagoinhas.ba.gov.br\/wp-content\/uploads\/2026\/07\/WhatsApp-Image-2026-07-17-at-12.00.06-2-14x24.jpeg 14w\" alt=\"\" width=\"900\" height=\"1600\" \/><\/a><\/p>\n<p><a class=\"group1 cboxElement\" href=\"https:\/\/www.alagoinhas.ba.gov.br\/wp-content\/uploads\/2026\/07\/WhatsApp-Image-2026-07-17-at-12.00.07.jpeg\"><img loading=\"lazy\" decoding=\"async\" class=\"aligncenter size-full wp-image-91452\" src=\"https:\/\/www.alagoinhas.ba.gov.br\/wp-content\/uploads\/2026\/07\/WhatsApp-Image-2026-07-17-at-12.00.07.jpeg\" sizes=\"auto, (max-width: 1600px) 100vw, 1600px\" srcset=\"https:\/\/www.alagoinhas.ba.gov.br\/wp-content\/uploads\/2026\/07\/WhatsApp-Image-2026-07-17-at-12.00.07.jpeg 1600w, https:\/\/www.alagoinhas.ba.gov.br\/wp-content\/uploads\/2026\/07\/WhatsApp-Image-2026-07-17-at-12.00.07-300x200.jpeg 300w, https:\/\/www.alagoinhas.ba.gov.br\/wp-content\/uploads\/2026\/07\/WhatsApp-Image-2026-07-17-at-12.00.07-768x511.jpeg 768w, https:\/\/www.alagoinhas.ba.gov.br\/wp-content\/uploads\/2026\/07\/WhatsApp-Image-2026-07-17-at-12.00.07-1024x681.jpeg 1024w, https:\/\/www.alagoinhas.ba.gov.br\/wp-content\/uploads\/2026\/07\/WhatsApp-Image-2026-07-17-at-12.00.07-24x16.jpeg 24w\" alt=\"\" width=\"1600\" height=\"1064\" \/><\/a><\/p>\n<h6>Fotos: Arquivo Pessoal<\/h6>\n<div class='share-to-whatsapp-wrapper'><div class='share-on-whsp'>Share on: <\/div><a data-text='Alagoinhas vence Pr\u00eamio Fiocruz \u00e9 SUS com projeto de aten\u00e7\u00e3o psicossocial a homens autores de viol\u00eancia' data-link='https:\/\/newsinfoco.com.br\/inicio\/alagoinhas-vence-premio-fiocruz-e-sus-com-projeto-de-atencao-psicossocial-a-homens-autores-de-violencia\/' class='whatsapp-button whatsapp-share'>WhatsApp<\/a><div class='clear '><\/div><\/div>","protected":false},"excerpt":{"rendered":"<p>O projeto de aten\u00e7\u00e3o psicossocial a homens autores de viol\u00eancias no Sistema \u00danico de Sa\u00fade desenvolvido pela Prefeitura de Alagoinhas est\u00e1 entre os vencedores do Pr\u00eamio Fiocruz \u00e9 SUS. A solenidade de entrega dos trof\u00e9us aconteceu nessa quarta-feira, 15, em Porto Alegre-RS, durante o 39\u00ba Congresso do Conselho Nacional de Secretarias Municipais de Sa\u00fade (Conasems). [&hellip;]<\/p>\n","protected":false},"author":1,"featured_media":0,"comment_status":"closed","ping_status":"closed","sticky":false,"template":"","format":"standard","meta":{"om_disable_all_campaigns":false,"rop_custom_images_group":[],"rop_custom_messages_group":[],"rop_publish_now":"initial","rop_publish_now_accounts":[],"rop_publish_now_history":[],"rop_publish_now_status":"pending","_exactmetrics_skip_tracking":false,"footnotes":""},"categories":[38,30,167],"tags":[],"class_list":["post-51436","post","type-post","status-publish","format-standard","hentry","category-alagoinhas-e-regiao","category-destaque","category-exclusivas"],"aioseo_notices":[],"aioseo_head":"\n\t\t<!-- All in One SEO 4.9.10 - aioseo.com -->\n\t<meta name=\"description\" content=\"O projeto de aten\u00e7\u00e3o psicossocial a homens autores de viol\u00eancias no Sistema \u00danico de Sa\u00fade desenvolvido pela Prefeitura de Alagoinhas est\u00e1 entre os vencedores do Pr\u00eamio Fiocruz \u00e9 SUS. A solenidade de entrega dos trof\u00e9us aconteceu nessa quarta-feira, 15, em Porto Alegre-RS, durante o 39\u00ba Congresso do Conselho Nacional de Secretarias Municipais de Sa\u00fade (Conasems).\" \/>\n\t<meta name=\"robots\" content=\"max-image-preview:large\" \/>\n\t<meta name=\"author\" content=\"administrador\"\/>\n\t<link rel=\"canonical\" href=\"https:\/\/newsinfoco.com.br\/inicio\/alagoinhas-vence-premio-fiocruz-e-sus-com-projeto-de-atencao-psicossocial-a-homens-autores-de-violencia\/\" \/>\n\t<meta name=\"generator\" content=\"All in One SEO (AIOSEO) 4.9.10\" \/>\n\t\t<meta property=\"og:locale\" content=\"pt_BR\" \/>\n\t\t<meta property=\"og:site_name\" content=\"News In Foco - Editado por Caio Pimenta - O principal site de noticias de Alagoinhas e regi\u00e3o\" \/>\n\t\t<meta property=\"og:type\" content=\"article\" \/>\n\t\t<meta property=\"og:title\" content=\"Alagoinhas vence Pr\u00eamio Fiocruz \u00e9 SUS com projeto de aten\u00e7\u00e3o psicossocial a homens autores de viol\u00eancia - News In Foco - Editado por Caio Pimenta\" \/>\n\t\t<meta property=\"og:description\" content=\"O projeto de aten\u00e7\u00e3o psicossocial a homens autores de viol\u00eancias no Sistema \u00danico de Sa\u00fade desenvolvido pela Prefeitura de Alagoinhas est\u00e1 entre os vencedores do Pr\u00eamio Fiocruz \u00e9 SUS. A solenidade de entrega dos trof\u00e9us aconteceu nessa quarta-feira, 15, em Porto Alegre-RS, durante o 39\u00ba Congresso do Conselho Nacional de Secretarias Municipais de Sa\u00fade (Conasems).\" \/>\n\t\t<meta property=\"og:url\" content=\"https:\/\/newsinfoco.com.br\/inicio\/alagoinhas-vence-premio-fiocruz-e-sus-com-projeto-de-atencao-psicossocial-a-homens-autores-de-violencia\/\" \/>\n\t\t<meta property=\"article:published_time\" content=\"2026-07-20T01:24:41+00:00\" \/>\n\t\t<meta property=\"article:modified_time\" content=\"2026-07-20T01:24:41+00:00\" \/>\n\t\t<meta name=\"twitter:card\" content=\"summary_large_image\" \/>\n\t\t<meta name=\"twitter:title\" content=\"Alagoinhas vence Pr\u00eamio Fiocruz \u00e9 SUS com projeto de aten\u00e7\u00e3o psicossocial a homens autores de viol\u00eancia - News In Foco - Editado por Caio Pimenta\" \/>\n\t\t<meta name=\"twitter:description\" content=\"O projeto de aten\u00e7\u00e3o psicossocial a homens autores de viol\u00eancias no Sistema \u00danico de Sa\u00fade desenvolvido pela Prefeitura de Alagoinhas est\u00e1 entre os vencedores do Pr\u00eamio Fiocruz \u00e9 SUS. A solenidade de entrega dos trof\u00e9us aconteceu nessa quarta-feira, 15, em Porto Alegre-RS, durante o 39\u00ba Congresso do Conselho Nacional de Secretarias Municipais de Sa\u00fade (Conasems).\" \/>\n\t\t<script type=\"application\/ld+json\" class=\"aioseo-schema\">\n\t\t\t{\"@context\":\"https:\\\/\\\/schema.org\",\"@graph\":[{\"@type\":\"BlogPosting\",\"@id\":\"https:\\\/\\\/newsinfoco.com.br\\\/inicio\\\/alagoinhas-vence-premio-fiocruz-e-sus-com-projeto-de-atencao-psicossocial-a-homens-autores-de-violencia\\\/#blogposting\",\"name\":\"Alagoinhas vence Pr\\u00eamio Fiocruz \\u00e9 SUS com projeto de aten\\u00e7\\u00e3o psicossocial a homens autores de viol\\u00eancia - News In Foco - Editado por Caio Pimenta\",\"headline\":\"Alagoinhas vence Pr\\u00eamio Fiocruz \\u00e9 SUS com projeto de aten\\u00e7\\u00e3o psicossocial a homens autores de viol\\u00eancia\",\"author\":{\"@id\":\"https:\\\/\\\/newsinfoco.com.br\\\/inicio\\\/author\\\/administrador\\\/#author\"},\"publisher\":{\"@id\":\"https:\\\/\\\/newsinfoco.com.br\\\/inicio\\\/#organization\"},\"image\":{\"@type\":\"ImageObject\",\"url\":\"https:\\\/\\\/www.alagoinhas.ba.gov.br\\\/wp-content\\\/uploads\\\/2026\\\/07\\\/WhatsApp-Image-2026-07-17-at-12.00.06.jpeg\",\"@id\":\"https:\\\/\\\/newsinfoco.com.br\\\/inicio\\\/alagoinhas-vence-premio-fiocruz-e-sus-com-projeto-de-atencao-psicossocial-a-homens-autores-de-violencia\\\/#articleImage\"},\"datePublished\":\"2026-07-19T22:24:41-03:00\",\"dateModified\":\"2026-07-19T22:24:41-03:00\",\"inLanguage\":\"pt-BR\",\"mainEntityOfPage\":{\"@id\":\"https:\\\/\\\/newsinfoco.com.br\\\/inicio\\\/alagoinhas-vence-premio-fiocruz-e-sus-com-projeto-de-atencao-psicossocial-a-homens-autores-de-violencia\\\/#webpage\"},\"isPartOf\":{\"@id\":\"https:\\\/\\\/newsinfoco.com.br\\\/inicio\\\/alagoinhas-vence-premio-fiocruz-e-sus-com-projeto-de-atencao-psicossocial-a-homens-autores-de-violencia\\\/#webpage\"},\"articleSection\":\"Alagoinhas e Regi\\u00e3o, Destaque, Manchete\"},{\"@type\":\"BreadcrumbList\",\"@id\":\"https:\\\/\\\/newsinfoco.com.br\\\/inicio\\\/alagoinhas-vence-premio-fiocruz-e-sus-com-projeto-de-atencao-psicossocial-a-homens-autores-de-violencia\\\/#breadcrumblist\",\"itemListElement\":[{\"@type\":\"ListItem\",\"@id\":\"https:\\\/\\\/newsinfoco.com.br\\\/inicio#listItem\",\"position\":1,\"name\":\"In\\u00edcio\",\"item\":\"https:\\\/\\\/newsinfoco.com.br\\\/inicio\",\"nextItem\":{\"@type\":\"ListItem\",\"@id\":\"https:\\\/\\\/newsinfoco.com.br\\\/inicio\\\/category\\\/destaque\\\/#listItem\",\"name\":\"Destaque\"}},{\"@type\":\"ListItem\",\"@id\":\"https:\\\/\\\/newsinfoco.com.br\\\/inicio\\\/category\\\/destaque\\\/#listItem\",\"position\":2,\"name\":\"Destaque\",\"item\":\"https:\\\/\\\/newsinfoco.com.br\\\/inicio\\\/category\\\/destaque\\\/\",\"nextItem\":{\"@type\":\"ListItem\",\"@id\":\"https:\\\/\\\/newsinfoco.com.br\\\/inicio\\\/alagoinhas-vence-premio-fiocruz-e-sus-com-projeto-de-atencao-psicossocial-a-homens-autores-de-violencia\\\/#listItem\",\"name\":\"Alagoinhas vence Pr\\u00eamio Fiocruz \\u00e9 SUS com projeto de aten\\u00e7\\u00e3o psicossocial a homens autores de viol\\u00eancia\"},\"previousItem\":{\"@type\":\"ListItem\",\"@id\":\"https:\\\/\\\/newsinfoco.com.br\\\/inicio#listItem\",\"name\":\"In\\u00edcio\"}},{\"@type\":\"ListItem\",\"@id\":\"https:\\\/\\\/newsinfoco.com.br\\\/inicio\\\/alagoinhas-vence-premio-fiocruz-e-sus-com-projeto-de-atencao-psicossocial-a-homens-autores-de-violencia\\\/#listItem\",\"position\":3,\"name\":\"Alagoinhas vence Pr\\u00eamio Fiocruz \\u00e9 SUS com projeto de aten\\u00e7\\u00e3o psicossocial a homens autores de viol\\u00eancia\",\"previousItem\":{\"@type\":\"ListItem\",\"@id\":\"https:\\\/\\\/newsinfoco.com.br\\\/inicio\\\/category\\\/destaque\\\/#listItem\",\"name\":\"Destaque\"}}]},{\"@type\":\"Organization\",\"@id\":\"https:\\\/\\\/newsinfoco.com.br\\\/inicio\\\/#organization\",\"name\":\"News In Foco - Editado por Caio Pimenta\",\"description\":\"O principal site de noticias de Alagoinhas e regi\\u00e3o\",\"url\":\"https:\\\/\\\/newsinfoco.com.br\\\/inicio\\\/\"},{\"@type\":\"Person\",\"@id\":\"https:\\\/\\\/newsinfoco.com.br\\\/inicio\\\/author\\\/administrador\\\/#author\",\"url\":\"https:\\\/\\\/newsinfoco.com.br\\\/inicio\\\/author\\\/administrador\\\/\",\"name\":\"administrador\",\"image\":{\"@type\":\"ImageObject\",\"@id\":\"https:\\\/\\\/newsinfoco.com.br\\\/inicio\\\/alagoinhas-vence-premio-fiocruz-e-sus-com-projeto-de-atencao-psicossocial-a-homens-autores-de-violencia\\\/#authorImage\",\"url\":\"https:\\\/\\\/secure.gravatar.com\\\/avatar\\\/c17a617433de8c1dc9584bb79aab7563b46f5bb7e1728c9b17d9cc3ce6a08e49?s=96&d=mm&r=g\",\"width\":96,\"height\":96,\"caption\":\"administrador\"}},{\"@type\":\"WebPage\",\"@id\":\"https:\\\/\\\/newsinfoco.com.br\\\/inicio\\\/alagoinhas-vence-premio-fiocruz-e-sus-com-projeto-de-atencao-psicossocial-a-homens-autores-de-violencia\\\/#webpage\",\"url\":\"https:\\\/\\\/newsinfoco.com.br\\\/inicio\\\/alagoinhas-vence-premio-fiocruz-e-sus-com-projeto-de-atencao-psicossocial-a-homens-autores-de-violencia\\\/\",\"name\":\"Alagoinhas vence Pr\\u00eamio Fiocruz \\u00e9 SUS com projeto de aten\\u00e7\\u00e3o psicossocial a homens autores de viol\\u00eancia - News In Foco - Editado por Caio Pimenta\",\"description\":\"O projeto de aten\\u00e7\\u00e3o psicossocial a homens autores de viol\\u00eancias no Sistema \\u00danico de Sa\\u00fade desenvolvido pela Prefeitura de Alagoinhas est\\u00e1 entre os vencedores do Pr\\u00eamio Fiocruz \\u00e9 SUS. A solenidade de entrega dos trof\\u00e9us aconteceu nessa quarta-feira, 15, em Porto Alegre-RS, durante o 39\\u00ba Congresso do Conselho Nacional de Secretarias Municipais de Sa\\u00fade (Conasems).\",\"inLanguage\":\"pt-BR\",\"isPartOf\":{\"@id\":\"https:\\\/\\\/newsinfoco.com.br\\\/inicio\\\/#website\"},\"breadcrumb\":{\"@id\":\"https:\\\/\\\/newsinfoco.com.br\\\/inicio\\\/alagoinhas-vence-premio-fiocruz-e-sus-com-projeto-de-atencao-psicossocial-a-homens-autores-de-violencia\\\/#breadcrumblist\"},\"author\":{\"@id\":\"https:\\\/\\\/newsinfoco.com.br\\\/inicio\\\/author\\\/administrador\\\/#author\"},\"creator\":{\"@id\":\"https:\\\/\\\/newsinfoco.com.br\\\/inicio\\\/author\\\/administrador\\\/#author\"},\"datePublished\":\"2026-07-19T22:24:41-03:00\",\"dateModified\":\"2026-07-19T22:24:41-03:00\"},{\"@type\":\"WebSite\",\"@id\":\"https:\\\/\\\/newsinfoco.com.br\\\/inicio\\\/#website\",\"url\":\"https:\\\/\\\/newsinfoco.com.br\\\/inicio\\\/\",\"name\":\"News In Foco - Editado por Caio Pimenta\",\"description\":\"O principal site de noticias de Alagoinhas e regi\\u00e3o\",\"inLanguage\":\"pt-BR\",\"publisher\":{\"@id\":\"https:\\\/\\\/newsinfoco.com.br\\\/inicio\\\/#organization\"}}]}\n\t\t<\/script>\n\t\t<!-- All in One SEO -->\n\n","aioseo_head_json":{"title":"Alagoinhas vence Pr\u00eamio Fiocruz \u00e9 SUS com projeto de aten\u00e7\u00e3o psicossocial a homens autores de viol\u00eancia - News In Foco - Editado por Caio Pimenta","description":"O projeto de aten\u00e7\u00e3o psicossocial a homens autores de viol\u00eancias no Sistema \u00danico de Sa\u00fade desenvolvido pela Prefeitura de Alagoinhas est\u00e1 entre os vencedores do Pr\u00eamio Fiocruz \u00e9 SUS. A solenidade de entrega dos trof\u00e9us aconteceu nessa quarta-feira, 15, em Porto Alegre-RS, durante o 39\u00ba Congresso do Conselho Nacional de Secretarias Municipais de Sa\u00fade (Conasems).","canonical_url":"https:\/\/newsinfoco.com.br\/inicio\/alagoinhas-vence-premio-fiocruz-e-sus-com-projeto-de-atencao-psicossocial-a-homens-autores-de-violencia\/","robots":"max-image-preview:large","keywords":"","webmasterTools":{"miscellaneous":""},"schema":{"@context":"https:\/\/schema.org","@graph":[{"@type":"BlogPosting","@id":"https:\/\/newsinfoco.com.br\/inicio\/alagoinhas-vence-premio-fiocruz-e-sus-com-projeto-de-atencao-psicossocial-a-homens-autores-de-violencia\/#blogposting","name":"Alagoinhas vence Pr\u00eamio Fiocruz \u00e9 SUS com projeto de aten\u00e7\u00e3o psicossocial a homens autores de viol\u00eancia - News In Foco - Editado por Caio Pimenta","headline":"Alagoinhas vence Pr\u00eamio Fiocruz \u00e9 SUS com projeto de aten\u00e7\u00e3o psicossocial a homens autores de viol\u00eancia","author":{"@id":"https:\/\/newsinfoco.com.br\/inicio\/author\/administrador\/#author"},"publisher":{"@id":"https:\/\/newsinfoco.com.br\/inicio\/#organization"},"image":{"@type":"ImageObject","url":"https:\/\/www.alagoinhas.ba.gov.br\/wp-content\/uploads\/2026\/07\/WhatsApp-Image-2026-07-17-at-12.00.06.jpeg","@id":"https:\/\/newsinfoco.com.br\/inicio\/alagoinhas-vence-premio-fiocruz-e-sus-com-projeto-de-atencao-psicossocial-a-homens-autores-de-violencia\/#articleImage"},"datePublished":"2026-07-19T22:24:41-03:00","dateModified":"2026-07-19T22:24:41-03:00","inLanguage":"pt-BR","mainEntityOfPage":{"@id":"https:\/\/newsinfoco.com.br\/inicio\/alagoinhas-vence-premio-fiocruz-e-sus-com-projeto-de-atencao-psicossocial-a-homens-autores-de-violencia\/#webpage"},"isPartOf":{"@id":"https:\/\/newsinfoco.com.br\/inicio\/alagoinhas-vence-premio-fiocruz-e-sus-com-projeto-de-atencao-psicossocial-a-homens-autores-de-violencia\/#webpage"},"articleSection":"Alagoinhas e Regi\u00e3o, Destaque, Manchete"},{"@type":"BreadcrumbList","@id":"https:\/\/newsinfoco.com.br\/inicio\/alagoinhas-vence-premio-fiocruz-e-sus-com-projeto-de-atencao-psicossocial-a-homens-autores-de-violencia\/#breadcrumblist","itemListElement":[{"@type":"ListItem","@id":"https:\/\/newsinfoco.com.br\/inicio#listItem","position":1,"name":"In\u00edcio","item":"https:\/\/newsinfoco.com.br\/inicio","nextItem":{"@type":"ListItem","@id":"https:\/\/newsinfoco.com.br\/inicio\/category\/destaque\/#listItem","name":"Destaque"}},{"@type":"ListItem","@id":"https:\/\/newsinfoco.com.br\/inicio\/category\/destaque\/#listItem","position":2,"name":"Destaque","item":"https:\/\/newsinfoco.com.br\/inicio\/category\/destaque\/","nextItem":{"@type":"ListItem","@id":"https:\/\/newsinfoco.com.br\/inicio\/alagoinhas-vence-premio-fiocruz-e-sus-com-projeto-de-atencao-psicossocial-a-homens-autores-de-violencia\/#listItem","name":"Alagoinhas vence Pr\u00eamio Fiocruz \u00e9 SUS com projeto de aten\u00e7\u00e3o psicossocial a homens autores de viol\u00eancia"},"previousItem":{"@type":"ListItem","@id":"https:\/\/newsinfoco.com.br\/inicio#listItem","name":"In\u00edcio"}},{"@type":"ListItem","@id":"https:\/\/newsinfoco.com.br\/inicio\/alagoinhas-vence-premio-fiocruz-e-sus-com-projeto-de-atencao-psicossocial-a-homens-autores-de-violencia\/#listItem","position":3,"name":"Alagoinhas vence Pr\u00eamio Fiocruz \u00e9 SUS com projeto de aten\u00e7\u00e3o psicossocial a homens autores de viol\u00eancia","previousItem":{"@type":"ListItem","@id":"https:\/\/newsinfoco.com.br\/inicio\/category\/destaque\/#listItem","name":"Destaque"}}]},{"@type":"Organization","@id":"https:\/\/newsinfoco.com.br\/inicio\/#organization","name":"News In Foco - Editado por Caio Pimenta","description":"O principal site de noticias de Alagoinhas e regi\u00e3o","url":"https:\/\/newsinfoco.com.br\/inicio\/"},{"@type":"Person","@id":"https:\/\/newsinfoco.com.br\/inicio\/author\/administrador\/#author","url":"https:\/\/newsinfoco.com.br\/inicio\/author\/administrador\/","name":"administrador","image":{"@type":"ImageObject","@id":"https:\/\/newsinfoco.com.br\/inicio\/alagoinhas-vence-premio-fiocruz-e-sus-com-projeto-de-atencao-psicossocial-a-homens-autores-de-violencia\/#authorImage","url":"https:\/\/secure.gravatar.com\/avatar\/c17a617433de8c1dc9584bb79aab7563b46f5bb7e1728c9b17d9cc3ce6a08e49?s=96&d=mm&r=g","width":96,"height":96,"caption":"administrador"}},{"@type":"WebPage","@id":"https:\/\/newsinfoco.com.br\/inicio\/alagoinhas-vence-premio-fiocruz-e-sus-com-projeto-de-atencao-psicossocial-a-homens-autores-de-violencia\/#webpage","url":"https:\/\/newsinfoco.com.br\/inicio\/alagoinhas-vence-premio-fiocruz-e-sus-com-projeto-de-atencao-psicossocial-a-homens-autores-de-violencia\/","name":"Alagoinhas vence Pr\u00eamio Fiocruz \u00e9 SUS com projeto de aten\u00e7\u00e3o psicossocial a homens autores de viol\u00eancia - News In Foco - Editado por Caio Pimenta","description":"O projeto de aten\u00e7\u00e3o psicossocial a homens autores de viol\u00eancias no Sistema \u00danico de Sa\u00fade desenvolvido pela Prefeitura de Alagoinhas est\u00e1 entre os vencedores do Pr\u00eamio Fiocruz \u00e9 SUS. A solenidade de entrega dos trof\u00e9us aconteceu nessa quarta-feira, 15, em Porto Alegre-RS, durante o 39\u00ba Congresso do Conselho Nacional de Secretarias Municipais de Sa\u00fade (Conasems).","inLanguage":"pt-BR","isPartOf":{"@id":"https:\/\/newsinfoco.com.br\/inicio\/#website"},"breadcrumb":{"@id":"https:\/\/newsinfoco.com.br\/inicio\/alagoinhas-vence-premio-fiocruz-e-sus-com-projeto-de-atencao-psicossocial-a-homens-autores-de-violencia\/#breadcrumblist"},"author":{"@id":"https:\/\/newsinfoco.com.br\/inicio\/author\/administrador\/#author"},"creator":{"@id":"https:\/\/newsinfoco.com.br\/inicio\/author\/administrador\/#author"},"datePublished":"2026-07-19T22:24:41-03:00","dateModified":"2026-07-19T22:24:41-03:00"},{"@type":"WebSite","@id":"https:\/\/newsinfoco.com.br\/inicio\/#website","url":"https:\/\/newsinfoco.com.br\/inicio\/","name":"News In Foco - Editado por Caio Pimenta","description":"O principal site de noticias de Alagoinhas e regi\u00e3o","inLanguage":"pt-BR","publisher":{"@id":"https:\/\/newsinfoco.com.br\/inicio\/#organization"}}]},"og:locale":"pt_BR","og:site_name":"News In Foco - Editado por Caio Pimenta - O principal site de noticias de Alagoinhas e regi\u00e3o","og:type":"article","og:title":"Alagoinhas vence Pr\u00eamio Fiocruz \u00e9 SUS com projeto de aten\u00e7\u00e3o psicossocial a homens autores de viol\u00eancia - News In Foco - Editado por Caio Pimenta","og:description":"O projeto de aten\u00e7\u00e3o psicossocial a homens autores de viol\u00eancias no Sistema \u00danico de Sa\u00fade desenvolvido pela Prefeitura de Alagoinhas est\u00e1 entre os vencedores do Pr\u00eamio Fiocruz \u00e9 SUS. A solenidade de entrega dos trof\u00e9us aconteceu nessa quarta-feira, 15, em Porto Alegre-RS, durante o 39\u00ba Congresso do Conselho Nacional de Secretarias Municipais de Sa\u00fade (Conasems).","og:url":"https:\/\/newsinfoco.com.br\/inicio\/alagoinhas-vence-premio-fiocruz-e-sus-com-projeto-de-atencao-psicossocial-a-homens-autores-de-violencia\/","article:published_time":"2026-07-20T01:24:41+00:00","article:modified_time":"2026-07-20T01:24:41+00:00","twitter:card":"summary_large_image","twitter:title":"Alagoinhas vence Pr\u00eamio Fiocruz \u00e9 SUS com projeto de aten\u00e7\u00e3o psicossocial a homens autores de viol\u00eancia - News In Foco - Editado por Caio Pimenta","twitter:description":"O projeto de aten\u00e7\u00e3o psicossocial a homens autores de viol\u00eancias no Sistema \u00danico de Sa\u00fade desenvolvido pela Prefeitura de Alagoinhas est\u00e1 entre os vencedores do Pr\u00eamio Fiocruz \u00e9 SUS. A solenidade de entrega dos trof\u00e9us aconteceu nessa quarta-feira, 15, em Porto Alegre-RS, durante o 39\u00ba Congresso do Conselho Nacional de Secretarias Municipais de Sa\u00fade (Conasems)."},"aioseo_meta_data":{"post_id":"51436","title":null,"description":null,"keywords":null,"keyphrases":{"focus":{"keyphrase":"","score":0,"analysis":{"keyphraseInTitle":{"score":0,"maxScore":9,"error":1}}},"additional":[]},"primary_term":null,"canonical_url":null,"og_title":null,"og_description":null,"og_object_type":"default","og_image_type":"default","og_image_url":null,"og_image_width":null,"og_image_height":null,"og_image_custom_url":null,"og_image_custom_fields":null,"og_video":"","og_custom_url":null,"og_article_section":null,"og_article_tags":null,"twitter_use_og":false,"twitter_card":"default","twitter_image_type":"default","twitter_image_url":null,"twitter_image_custom_url":null,"twitter_image_custom_fields":null,"twitter_title":null,"twitter_description":null,"schema":{"blockGraphs":[],"customGraphs":[],"default":{"data":{"Article":[],"Course":[],"Dataset":[],"FAQPage":[],"Movie":[],"Person":[],"Product":[],"ProductReview":[],"Car":[],"Recipe":[],"Service":[],"SoftwareApplication":[],"WebPage":[]},"graphName":"BlogPosting","isEnabled":true},"graphs":[]},"schema_type":"default","schema_type_options":null,"pillar_content":false,"robots_default":true,"robots_noindex":false,"robots_noarchive":false,"robots_nosnippet":false,"robots_nofollow":false,"robots_noimageindex":false,"robots_noodp":false,"robots_notranslate":false,"robots_max_snippet":"-1","robots_max_videopreview":"-1","robots_max_imagepreview":"large","priority":null,"frequency":"default","local_seo":null,"breadcrumb_settings":null,"limit_modified_date":false,"ai":{"faqs":[],"keyPoints":[],"titles":[],"descriptions":[],"socialPosts":{"email":[],"linkedin":[],"twitter":[],"facebook":[],"instagram":[]}},"created":"2026-07-20 01:24:41","updated":"2026-07-20 01:33:45","seo_analyzer_scan_date":null},"aioseo_breadcrumb":"<div class=\"aioseo-breadcrumbs\"><span class=\"aioseo-breadcrumb\">\n\t\t\t<a href=\"https:\/\/newsinfoco.com.br\/inicio\" title=\"In\u00edcio\">In\u00edcio<\/a>\n\t\t<\/span><span class=\"aioseo-breadcrumb-separator\">&raquo;<\/span><span class=\"aioseo-breadcrumb\">\n\t\t\t<a href=\"https:\/\/newsinfoco.com.br\/inicio\/category\/destaque\/\" title=\"Destaque\">Destaque<\/a>\n\t\t<\/span><span class=\"aioseo-breadcrumb-separator\">&raquo;<\/span><span class=\"aioseo-breadcrumb\">\n\t\t\tAlagoinhas vence Pr\u00eamio Fiocruz \u00e9 SUS com projeto de aten\u00e7\u00e3o psicossocial a homens autores de viol\u00eancia\n\t\t<\/span><\/div>","aioseo_breadcrumb_json":[{"label":"In\u00edcio","link":"https:\/\/newsinfoco.com.br\/inicio"},{"label":"Destaque","link":"https:\/\/newsinfoco.com.br\/inicio\/category\/destaque\/"},{"label":"Alagoinhas vence Pr\u00eamio Fiocruz \u00e9 SUS com projeto de aten\u00e7\u00e3o psicossocial a homens autores de viol\u00eancia","link":"https:\/\/newsinfoco.com.br\/inicio\/alagoinhas-vence-premio-fiocruz-e-sus-com-projeto-de-atencao-psicossocial-a-homens-autores-de-violencia\/"}],"_links":{"self":[{"href":"https:\/\/newsinfoco.com.br\/inicio\/wp-json\/wp\/v2\/posts\/51436","targetHints":{"allow":["GET"]}}],"collection":[{"href":"https:\/\/newsinfoco.com.br\/inicio\/wp-json\/wp\/v2\/posts"}],"about":[{"href":"https:\/\/newsinfoco.com.br\/inicio\/wp-json\/wp\/v2\/types\/post"}],"author":[{"embeddable":true,"href":"https:\/\/newsinfoco.com.br\/inicio\/wp-json\/wp\/v2\/users\/1"}],"replies":[{"embeddable":true,"href":"https:\/\/newsinfoco.com.br\/inicio\/wp-json\/wp\/v2\/comments?post=51436"}],"version-history":[{"count":1,"href":"https:\/\/newsinfoco.com.br\/inicio\/wp-json\/wp\/v2\/posts\/51436\/revisions"}],"predecessor-version":[{"id":51437,"href":"https:\/\/newsinfoco.com.br\/inicio\/wp-json\/wp\/v2\/posts\/51436\/revisions\/51437"}],"wp:attachment":[{"href":"https:\/\/newsinfoco.com.br\/inicio\/wp-json\/wp\/v2\/media?parent=51436"}],"wp:term":[{"taxonomy":"category","embeddable":true,"href":"https:\/\/newsinfoco.com.br\/inicio\/wp-json\/wp\/v2\/categories?post=51436"},{"taxonomy":"post_tag","embeddable":true,"href":"https:\/\/newsinfoco.com.br\/inicio\/wp-json\/wp\/v2\/tags?post=51436"}],"curies":[{"name":"wp","href":"https:\/\/api.w.org\/{rel}","templated":true}]}}