{"id":51441,"date":"2026-07-20T19:44:50","date_gmt":"2026-07-20T22:44:50","guid":{"rendered":"https:\/\/newsinfoco.com.br\/inicio\/?p=51441"},"modified":"2026-07-20T19:44:50","modified_gmt":"2026-07-20T22:44:50","slug":"a-nomeacao-de-antonio-barreto-e-o-dilema-da-gestao-gustavo-carmo-em-alagoinhas-por-caio-pimenta","status":"publish","type":"post","link":"https:\/\/newsinfoco.com.br\/inicio\/a-nomeacao-de-antonio-barreto-e-o-dilema-da-gestao-gustavo-carmo-em-alagoinhas-por-caio-pimenta\/","title":{"rendered":"A nomea\u00e7\u00e3o de Ant\u00f4nio Barreto e o dilema da Gest\u00e3o Gustavo Carmo em Alagoinhas &#8211; Por Caio Pimenta"},"content":{"rendered":"<p data-path-to-node=\"6\">Amigo leitor, a pol\u00edtica de Alagoinhas vive dias de intensa movimenta\u00e7\u00e3o e burburinho com a recente nomea\u00e7\u00e3o do advogado Ant\u00f4nio Barreto para o cargo de assessor do prefeito Gustavo Carmo. O movimento, que pegou muitos de surpresa e dominou as conversas da cidade, levanta uma s\u00e9rie de questionamentos sobre os rumos da administra\u00e7\u00e3o municipal e a real disposi\u00e7\u00e3o do Poder Executivo em promover mudan\u00e7as concretas.<\/p>\n<p data-path-to-node=\"7\">Para analisar o quadro de forma s\u00f3bria e sem paix\u00f5es partid\u00e1rias, \u00e9 preciso destrinchar o cen\u00e1rio em tr\u00eas eixos centrais: a substitui\u00e7\u00e3o funcional, as diferen\u00e7as hist\u00f3ricas de contexto e a encruzilhada pol\u00edtica que se projeta para o novo assessor e para o pr\u00f3prio prefeito.<\/p>\n<p data-path-to-node=\"10\">O primeiro aspecto que salta aos olhos \u00e9 a substitui\u00e7\u00e3o dentro do rol de assessoramento do prefeito. Ant\u00f4nio Barreto assume a vaga anteriormente ocupada por M\u00e1rcio da Cavada.<\/p>\n<p data-path-to-node=\"10\">Inclusive \u00e9 preciso aqui levar ao total descr\u00e9dito a desculpa esfarrapada trazida por M\u00e1rcio da Cavada de que a sua sa\u00edda teria ocorrido por &#8220;cobran\u00e7a de melhorias para cidade&#8221;. A narrativa n\u00e3o se sustenta diante dos fatos e do bom senso. Se a gest\u00e3o buscasse afastar vozes cr\u00edticas, jamais colocaria em seu lugar um perfil historicamente marcado pela cobran\u00e7a p\u00fablica e veemente por reformas, como a de Antonio Barreto.<\/p>\n<p data-path-to-node=\"10\">A exonera\u00e7\u00e3o de M\u00e1rcio da Cavada desenha-se como um ato motivado por clara insufici\u00eancia t\u00e9cnica e laboral do agora ex-assessor e sua exonera\u00e7\u00e3o representa um al\u00edvio para o er\u00e1rio e para o contribuinte alagoinhense. A troca, portanto, \u00e9 um ganho indiscut\u00edvel em termos de capacidade t\u00e9cnica. Sai uma figura inoperante e entra um advogado estabelecido, experiente e capacitado. E vou al\u00e9m, num recado direto ao prefeito Gustavo Carmo: A exonera\u00e7\u00e3o pontual de M\u00e1rcio da Cavsda deve ser apenas o primeiro passo. Cabe \u00e0 gest\u00e3o identificar e exonerar os demais &#8220;M\u00e1rcios da Cavada&#8221; que ainda povoam a m\u00e1quina p\u00fablica, recebendo recursos sem entregar os resultados que a popula\u00e7\u00e3o exige.<\/p>\n<p data-path-to-node=\"10\">O segundo ponto que quero destacar \u00e9 com rela\u00e7\u00e3o as compara\u00e7\u00f5es que surgiram entre a nomea\u00e7\u00e3o de Antonio Barreto na atual gest\u00e3o com a nomea\u00e7\u00e3o de Jusc\u00e9lio Carmo na ent\u00e3o gest\u00e3o de Paulo Cezar. Tal analogia \u00e9 extremamente equivocada. tanto do ponto de vista pol\u00edtico, quanto estrutural<\/p>\n<p data-path-to-node=\"10\">A primeira grande diferen\u00e7a \u00e9 que Jusc\u00e9lio Carmo naquela oportunidade ingressou respaldado por um grupo pol\u00edtico, liderado na \u00e9poca por Chico Reis, e com autonomia total para gerenciar o munic\u00edpio, expurgar irregularidades e determinar ordens \u00e1s demais secretarias, enquanto Paulo Cezar se dedicava exclusivamente a fazer pol\u00edtica. Al\u00e9m disso, contava com uma equipe t\u00e9cnica auxiliar de peso. J\u00e1 o advogado Ant\u00f4nio Barreto chega sem estrutura partid\u00e1ria. Barreto \u00e9 filiado ainda ao PDT, que integra a oposi\u00e7\u00e3o \u00e0 gest\u00e3o municipal e internamente tem uma posi\u00e7\u00e3o extremamente cr\u00edtica a forma como a fam\u00edlia Menezes conduz a sigla. Ele entra portanto no governo como um quadro independente.<\/p>\n<p data-path-to-node=\"10\">Outro ponto que exp\u00f5e a diferen\u00e7a entre os dois casos \u00e9 com rela\u00e7\u00e3o a natureza do cargo. O cargo de assessor (CC1B) que ser\u00e1 ocupado por Antonio Barreto possui n\u00edvel hier\u00e1rquico inferior ao assumido por Jusc\u00e9lio. Trata-se, no caso de Antonio Barreto, de uma fun\u00e7\u00e3o de assessoramento institucional, de colocar pautas e diagn\u00f3sticos sobre a mesa do prefeito. Barreto n\u00e3o entra com a &#8220;caneta na m\u00e3o&#8221; para decidir ou gerenciar pastas diretamente, como aconteceu com Jusc\u00e9lio Carmo.<\/p>\n<p data-path-to-node=\"10\">Fica assim claro portanto a diferen\u00e7a entre ambos. partimos ent\u00e3o para outra quest\u00e3o. Diria eu at\u00e9, a grande quest\u00e3o que paira sobre a cidade: <i data-path-to-node=\"19\" data-index-in-node=\"99\">a nomea\u00e7\u00e3o representa um gesto real de abertura do prefeito para dinamizar a gest\u00e3o ou trata-se de uma estrat\u00e9gia para silenciar um cr\u00edtico frequente?<\/i><\/p>\n<p data-path-to-node=\"10\">A tese de que Ant\u00f4nio Barreto teria aceito o cargo por motiva\u00e7\u00e3o financeira ou por busca de poder \u00e9 fr\u00e1gil. Trata-se de um profissional consolidado, com estabilidade financeira e cujo subs\u00eddio do cargo p\u00fablico \u00e9 inferior ao que pode auferir na iniciativa privada. O movimento s\u00f3 faz sentido sob a premissa de que lhe foram dadas garantias de escuta e disposi\u00e7\u00e3o para corre\u00e7\u00f5es de rumo.<\/p>\n<p data-path-to-node=\"21\">Por outro lado, a responsabilidade que passa a recair sobre Barreto \u00e9 enorme. O novo assessor traz consigo o peso de todas as den\u00fancias e cobran\u00e7as p\u00fablicas que j\u00e1 formulou \u2014 desde contratos emergenciais, transporte irregular e o funcionamento do abatedouro de Dui do Frango na Central de Abastecimento, at\u00e9 a gest\u00e3o da sa\u00fade municipal. Diante disso, se houver avan\u00e7os, cidade e gest\u00e3o ganham e Antonio Barreto consolida sua coer\u00eancia. Por\u00e9m, se nada mudar, Barreto corre o risco de sair desmoralizado, sob o estigma de ter aderido \u00e0s falhas que antes combatia.<\/p>\n<p data-path-to-node=\"21\">Para concluir este artigo, \u00e9 preciso reconhecer que o gesto do prefeito Gustavo Carmo ao trazer Ant\u00f4nio Barreto para o seu ecossistema traz um sinal positivo: <b data-path-to-node=\"25\" data-index-in-node=\"107\">o reconhecimento impl\u00edcito de que as coisas n\u00e3o v\u00e3o bem e de que a gest\u00e3o precisa mudar.<\/b> Admitir a necessidade de corre\u00e7\u00f5es \u00e9 sempre o primeiro passo para o aperfei\u00e7oamento da administra\u00e7\u00e3o p\u00fablica.<\/p>\n<p data-path-to-node=\"21\">Peca o governo, contudo, pela falta de transpar\u00eancia imediata. Faltou uma coletiva de imprensa ou uma pron\u00fancia oficial para esclarecer \u00e0 popula\u00e7\u00e3o \u2014 e \u00e0 pr\u00f3pria base governista \u2014 qual ser\u00e1 o papel exato do novo assessor e como essa uni\u00e3o se traduzir\u00e1 em metas administrativas. A falta de uma satisfa\u00e7\u00e3o gerou um desgaste inicial desnecess\u00e1rio \u00e0 nova nomea\u00e7\u00e3o, que j\u00e1 entra com um imenso peso nas costas e grande desconfian\u00e7a de parcela consider\u00e1vel da popula\u00e7\u00e3o.<\/p>\n<p data-path-to-node=\"27\">Outra coisa amigo leitor, \u00e9 preciso tamb\u00e9m entender que n\u00e3o existem salvadores da p\u00e1tria na pol\u00edtica, mas sim rela\u00e7\u00f5es de for\u00e7a e vontade de gest\u00e3o. De modo que n\u00e3o vai ser a simples presen\u00e7a de Antonio Barreto que ser\u00e1 suficiente para resolver todos os problemas do governo. Resta saber se o prefeito ter\u00e1 a humildade de ouvir as orienta\u00e7\u00f5es t\u00e9cnicas de seu novo assessor, se novos refor\u00e7os chegar\u00e3o \u00e0 gest\u00e3o e se Ant\u00f4nio Barreto ter\u00e1 o espa\u00e7o necess\u00e1rio para honrar o discurso que o trouxe at\u00e9 aqui.<\/p>\n<p data-path-to-node=\"27\">A cidade de Alagoinhas assiste atenta e aguarda pelos resultados.<\/p>\n<p><strong>Escrito por Caio Pimenta, advogado, \u00e2ncora do programa Primeira M\u00e3o, da radio Ouro Negro 100,5 FM. Ele tamb\u00e9m escreve sua coluna no site News Infoco, do qual \u00e9 editor- chefe e dirige a radio web 2 de julho.<\/strong><\/p>\n<p data-path-to-node=\"10\">\n<blockquote data-path-to-node=\"12\">\n<p data-path-to-node=\"12,0\">\n<\/blockquote>\n<h2 data-path-to-node=\"9\"><\/h2>\n<div class='share-to-whatsapp-wrapper'><div class='share-on-whsp'>Share on: <\/div><a data-text='A nomea\u00e7\u00e3o de Ant\u00f4nio Barreto e o dilema da Gest\u00e3o Gustavo Carmo em Alagoinhas - Por Caio Pimenta' data-link='https:\/\/newsinfoco.com.br\/inicio\/a-nomeacao-de-antonio-barreto-e-o-dilema-da-gestao-gustavo-carmo-em-alagoinhas-por-caio-pimenta\/' class='whatsapp-button whatsapp-share'>WhatsApp<\/a><div class='clear '><\/div><\/div>","protected":false},"excerpt":{"rendered":"<p>Amigo leitor, a pol\u00edtica de Alagoinhas vive dias de intensa movimenta\u00e7\u00e3o e burburinho com a recente nomea\u00e7\u00e3o do advogado Ant\u00f4nio Barreto para o cargo de assessor do prefeito Gustavo Carmo. O movimento, que pegou muitos de surpresa e dominou as conversas da cidade, levanta uma s\u00e9rie de questionamentos sobre os rumos da administra\u00e7\u00e3o municipal e [&hellip;]<\/p>\n","protected":false},"author":1,"featured_media":17244,"comment_status":"closed","ping_status":"closed","sticky":false,"template":"","format":"standard","meta":{"om_disable_all_campaigns":false,"rop_custom_images_group":[],"rop_custom_messages_group":[],"rop_publish_now":"initial","rop_publish_now_accounts":[],"rop_publish_now_history":[],"rop_publish_now_status":"pending","_exactmetrics_skip_tracking":false,"footnotes":""},"categories":[26],"tags":[],"class_list":["post-51441","post","type-post","status-publish","format-standard","has-post-thumbnail","hentry","category-caio-pimenta"],"aioseo_notices":[],"aioseo_head":"\n\t\t<!-- All in One SEO 4.9.10 - aioseo.com -->\n\t<meta name=\"description\" content=\"Amigo leitor, a pol\u00edtica de Alagoinhas vive dias de intensa movimenta\u00e7\u00e3o e burburinho com a recente nomea\u00e7\u00e3o do advogado Ant\u00f4nio Barreto para o cargo de assessor do prefeito Gustavo Carmo. O movimento, que pegou muitos de surpresa e dominou as conversas da cidade, levanta uma s\u00e9rie de questionamentos sobre os rumos da administra\u00e7\u00e3o municipal e\" \/>\n\t<meta name=\"robots\" content=\"max-image-preview:large\" \/>\n\t<meta name=\"author\" content=\"administrador\"\/>\n\t<link rel=\"canonical\" href=\"https:\/\/newsinfoco.com.br\/inicio\/a-nomeacao-de-antonio-barreto-e-o-dilema-da-gestao-gustavo-carmo-em-alagoinhas-por-caio-pimenta\/\" \/>\n\t<meta name=\"generator\" content=\"All in One SEO (AIOSEO) 4.9.10\" \/>\n\t\t<meta property=\"og:locale\" content=\"pt_BR\" \/>\n\t\t<meta property=\"og:site_name\" content=\"News In Foco - Editado por Caio Pimenta - O principal site de noticias de Alagoinhas e regi\u00e3o\" \/>\n\t\t<meta property=\"og:type\" content=\"article\" \/>\n\t\t<meta property=\"og:title\" content=\"A nomea\u00e7\u00e3o de Ant\u00f4nio Barreto e o dilema da Gest\u00e3o Gustavo Carmo em Alagoinhas \u2013 Por Caio Pimenta - News In Foco - Editado por Caio Pimenta\" \/>\n\t\t<meta property=\"og:description\" content=\"Amigo leitor, a pol\u00edtica de Alagoinhas vive dias de intensa movimenta\u00e7\u00e3o e burburinho com a recente nomea\u00e7\u00e3o do advogado Ant\u00f4nio Barreto para o cargo de assessor do prefeito Gustavo Carmo. O movimento, que pegou muitos de surpresa e dominou as conversas da cidade, levanta uma s\u00e9rie de questionamentos sobre os rumos da administra\u00e7\u00e3o municipal e\" \/>\n\t\t<meta property=\"og:url\" content=\"https:\/\/newsinfoco.com.br\/inicio\/a-nomeacao-de-antonio-barreto-e-o-dilema-da-gestao-gustavo-carmo-em-alagoinhas-por-caio-pimenta\/\" \/>\n\t\t<meta property=\"article:published_time\" content=\"2026-07-20T22:44:50+00:00\" \/>\n\t\t<meta property=\"article:modified_time\" content=\"2026-07-20T22:44:50+00:00\" \/>\n\t\t<meta name=\"twitter:card\" content=\"summary_large_image\" \/>\n\t\t<meta name=\"twitter:title\" content=\"A nomea\u00e7\u00e3o de Ant\u00f4nio Barreto e o dilema da Gest\u00e3o Gustavo Carmo em Alagoinhas \u2013 Por Caio Pimenta - News In Foco - Editado por Caio Pimenta\" \/>\n\t\t<meta name=\"twitter:description\" content=\"Amigo leitor, a pol\u00edtica de Alagoinhas vive dias de intensa movimenta\u00e7\u00e3o e burburinho com a recente nomea\u00e7\u00e3o do advogado Ant\u00f4nio Barreto para o cargo de assessor do prefeito Gustavo Carmo. O movimento, que pegou muitos de surpresa e dominou as conversas da cidade, levanta uma s\u00e9rie de questionamentos sobre os rumos da administra\u00e7\u00e3o municipal e\" \/>\n\t\t<script type=\"application\/ld+json\" class=\"aioseo-schema\">\n\t\t\t{\"@context\":\"https:\\\/\\\/schema.org\",\"@graph\":[{\"@type\":\"BlogPosting\",\"@id\":\"https:\\\/\\\/newsinfoco.com.br\\\/inicio\\\/a-nomeacao-de-antonio-barreto-e-o-dilema-da-gestao-gustavo-carmo-em-alagoinhas-por-caio-pimenta\\\/#blogposting\",\"name\":\"A nomea\\u00e7\\u00e3o de Ant\\u00f4nio Barreto e o dilema da Gest\\u00e3o Gustavo Carmo em Alagoinhas \\u2013 Por Caio Pimenta - News In Foco - Editado por Caio Pimenta\",\"headline\":\"A nomea\\u00e7\\u00e3o de Ant\\u00f4nio Barreto e o dilema da Gest\\u00e3o Gustavo Carmo em Alagoinhas &#8211; Por Caio Pimenta\",\"author\":{\"@id\":\"https:\\\/\\\/newsinfoco.com.br\\\/inicio\\\/author\\\/administrador\\\/#author\"},\"publisher\":{\"@id\":\"https:\\\/\\\/newsinfoco.com.br\\\/inicio\\\/#organization\"},\"image\":{\"@type\":\"ImageObject\",\"url\":\"https:\\\/\\\/newsinfoco.com.br\\\/inicio\\\/wp-content\\\/uploads\\\/2019\\\/09\\\/IMG-20190918-WA0009.jpg\",\"width\":1280,\"height\":720,\"caption\":\"Antonio Barreto\"},\"datePublished\":\"2026-07-20T19:44:50-03:00\",\"dateModified\":\"2026-07-20T19:44:50-03:00\",\"inLanguage\":\"pt-BR\",\"mainEntityOfPage\":{\"@id\":\"https:\\\/\\\/newsinfoco.com.br\\\/inicio\\\/a-nomeacao-de-antonio-barreto-e-o-dilema-da-gestao-gustavo-carmo-em-alagoinhas-por-caio-pimenta\\\/#webpage\"},\"isPartOf\":{\"@id\":\"https:\\\/\\\/newsinfoco.com.br\\\/inicio\\\/a-nomeacao-de-antonio-barreto-e-o-dilema-da-gestao-gustavo-carmo-em-alagoinhas-por-caio-pimenta\\\/#webpage\"},\"articleSection\":\"Caio Pimenta\"},{\"@type\":\"BreadcrumbList\",\"@id\":\"https:\\\/\\\/newsinfoco.com.br\\\/inicio\\\/a-nomeacao-de-antonio-barreto-e-o-dilema-da-gestao-gustavo-carmo-em-alagoinhas-por-caio-pimenta\\\/#breadcrumblist\",\"itemListElement\":[{\"@type\":\"ListItem\",\"@id\":\"https:\\\/\\\/newsinfoco.com.br\\\/inicio#listItem\",\"position\":1,\"name\":\"In\\u00edcio\",\"item\":\"https:\\\/\\\/newsinfoco.com.br\\\/inicio\",\"nextItem\":{\"@type\":\"ListItem\",\"@id\":\"https:\\\/\\\/newsinfoco.com.br\\\/inicio\\\/category\\\/caio-pimenta\\\/#listItem\",\"name\":\"Caio Pimenta\"}},{\"@type\":\"ListItem\",\"@id\":\"https:\\\/\\\/newsinfoco.com.br\\\/inicio\\\/category\\\/caio-pimenta\\\/#listItem\",\"position\":2,\"name\":\"Caio Pimenta\",\"item\":\"https:\\\/\\\/newsinfoco.com.br\\\/inicio\\\/category\\\/caio-pimenta\\\/\",\"nextItem\":{\"@type\":\"ListItem\",\"@id\":\"https:\\\/\\\/newsinfoco.com.br\\\/inicio\\\/a-nomeacao-de-antonio-barreto-e-o-dilema-da-gestao-gustavo-carmo-em-alagoinhas-por-caio-pimenta\\\/#listItem\",\"name\":\"A nomea\\u00e7\\u00e3o de Ant\\u00f4nio Barreto e o dilema da Gest\\u00e3o Gustavo Carmo em Alagoinhas &#8211; Por Caio Pimenta\"},\"previousItem\":{\"@type\":\"ListItem\",\"@id\":\"https:\\\/\\\/newsinfoco.com.br\\\/inicio#listItem\",\"name\":\"In\\u00edcio\"}},{\"@type\":\"ListItem\",\"@id\":\"https:\\\/\\\/newsinfoco.com.br\\\/inicio\\\/a-nomeacao-de-antonio-barreto-e-o-dilema-da-gestao-gustavo-carmo-em-alagoinhas-por-caio-pimenta\\\/#listItem\",\"position\":3,\"name\":\"A nomea\\u00e7\\u00e3o de Ant\\u00f4nio Barreto e o dilema da Gest\\u00e3o Gustavo Carmo em Alagoinhas &#8211; Por Caio Pimenta\",\"previousItem\":{\"@type\":\"ListItem\",\"@id\":\"https:\\\/\\\/newsinfoco.com.br\\\/inicio\\\/category\\\/caio-pimenta\\\/#listItem\",\"name\":\"Caio Pimenta\"}}]},{\"@type\":\"Organization\",\"@id\":\"https:\\\/\\\/newsinfoco.com.br\\\/inicio\\\/#organization\",\"name\":\"News In Foco - Editado por Caio Pimenta\",\"description\":\"O principal site de noticias de Alagoinhas e regi\\u00e3o\",\"url\":\"https:\\\/\\\/newsinfoco.com.br\\\/inicio\\\/\"},{\"@type\":\"Person\",\"@id\":\"https:\\\/\\\/newsinfoco.com.br\\\/inicio\\\/author\\\/administrador\\\/#author\",\"url\":\"https:\\\/\\\/newsinfoco.com.br\\\/inicio\\\/author\\\/administrador\\\/\",\"name\":\"administrador\",\"image\":{\"@type\":\"ImageObject\",\"@id\":\"https:\\\/\\\/newsinfoco.com.br\\\/inicio\\\/a-nomeacao-de-antonio-barreto-e-o-dilema-da-gestao-gustavo-carmo-em-alagoinhas-por-caio-pimenta\\\/#authorImage\",\"url\":\"https:\\\/\\\/secure.gravatar.com\\\/avatar\\\/c17a617433de8c1dc9584bb79aab7563b46f5bb7e1728c9b17d9cc3ce6a08e49?s=96&d=mm&r=g\",\"width\":96,\"height\":96,\"caption\":\"administrador\"}},{\"@type\":\"WebPage\",\"@id\":\"https:\\\/\\\/newsinfoco.com.br\\\/inicio\\\/a-nomeacao-de-antonio-barreto-e-o-dilema-da-gestao-gustavo-carmo-em-alagoinhas-por-caio-pimenta\\\/#webpage\",\"url\":\"https:\\\/\\\/newsinfoco.com.br\\\/inicio\\\/a-nomeacao-de-antonio-barreto-e-o-dilema-da-gestao-gustavo-carmo-em-alagoinhas-por-caio-pimenta\\\/\",\"name\":\"A nomea\\u00e7\\u00e3o de Ant\\u00f4nio Barreto e o dilema da Gest\\u00e3o Gustavo Carmo em Alagoinhas \\u2013 Por Caio Pimenta - News In Foco - Editado por Caio Pimenta\",\"description\":\"Amigo leitor, a pol\\u00edtica de Alagoinhas vive dias de intensa movimenta\\u00e7\\u00e3o e burburinho com a recente nomea\\u00e7\\u00e3o do advogado Ant\\u00f4nio Barreto para o cargo de assessor do prefeito Gustavo Carmo. O movimento, que pegou muitos de surpresa e dominou as conversas da cidade, levanta uma s\\u00e9rie de questionamentos sobre os rumos da administra\\u00e7\\u00e3o municipal e\",\"inLanguage\":\"pt-BR\",\"isPartOf\":{\"@id\":\"https:\\\/\\\/newsinfoco.com.br\\\/inicio\\\/#website\"},\"breadcrumb\":{\"@id\":\"https:\\\/\\\/newsinfoco.com.br\\\/inicio\\\/a-nomeacao-de-antonio-barreto-e-o-dilema-da-gestao-gustavo-carmo-em-alagoinhas-por-caio-pimenta\\\/#breadcrumblist\"},\"author\":{\"@id\":\"https:\\\/\\\/newsinfoco.com.br\\\/inicio\\\/author\\\/administrador\\\/#author\"},\"creator\":{\"@id\":\"https:\\\/\\\/newsinfoco.com.br\\\/inicio\\\/author\\\/administrador\\\/#author\"},\"image\":{\"@type\":\"ImageObject\",\"url\":\"https:\\\/\\\/newsinfoco.com.br\\\/inicio\\\/wp-content\\\/uploads\\\/2019\\\/09\\\/IMG-20190918-WA0009.jpg\",\"@id\":\"https:\\\/\\\/newsinfoco.com.br\\\/inicio\\\/a-nomeacao-de-antonio-barreto-e-o-dilema-da-gestao-gustavo-carmo-em-alagoinhas-por-caio-pimenta\\\/#mainImage\",\"width\":1280,\"height\":720,\"caption\":\"Antonio Barreto\"},\"primaryImageOfPage\":{\"@id\":\"https:\\\/\\\/newsinfoco.com.br\\\/inicio\\\/a-nomeacao-de-antonio-barreto-e-o-dilema-da-gestao-gustavo-carmo-em-alagoinhas-por-caio-pimenta\\\/#mainImage\"},\"datePublished\":\"2026-07-20T19:44:50-03:00\",\"dateModified\":\"2026-07-20T19:44:50-03:00\"},{\"@type\":\"WebSite\",\"@id\":\"https:\\\/\\\/newsinfoco.com.br\\\/inicio\\\/#website\",\"url\":\"https:\\\/\\\/newsinfoco.com.br\\\/inicio\\\/\",\"name\":\"News In Foco - Editado por Caio Pimenta\",\"description\":\"O principal site de noticias de Alagoinhas e regi\\u00e3o\",\"inLanguage\":\"pt-BR\",\"publisher\":{\"@id\":\"https:\\\/\\\/newsinfoco.com.br\\\/inicio\\\/#organization\"}}]}\n\t\t<\/script>\n\t\t<!-- All in One SEO -->\n\n","aioseo_head_json":{"title":"A nomea\u00e7\u00e3o de Ant\u00f4nio Barreto e o dilema da Gest\u00e3o Gustavo Carmo em Alagoinhas \u2013 Por Caio Pimenta - News In Foco - Editado por Caio Pimenta","description":"Amigo leitor, a pol\u00edtica de Alagoinhas vive dias de intensa movimenta\u00e7\u00e3o e burburinho com a recente nomea\u00e7\u00e3o do advogado Ant\u00f4nio Barreto para o cargo de assessor do prefeito Gustavo Carmo. O movimento, que pegou muitos de surpresa e dominou as conversas da cidade, levanta uma s\u00e9rie de questionamentos sobre os rumos da administra\u00e7\u00e3o municipal e","canonical_url":"https:\/\/newsinfoco.com.br\/inicio\/a-nomeacao-de-antonio-barreto-e-o-dilema-da-gestao-gustavo-carmo-em-alagoinhas-por-caio-pimenta\/","robots":"max-image-preview:large","keywords":"","webmasterTools":{"miscellaneous":""},"schema":{"@context":"https:\/\/schema.org","@graph":[{"@type":"BlogPosting","@id":"https:\/\/newsinfoco.com.br\/inicio\/a-nomeacao-de-antonio-barreto-e-o-dilema-da-gestao-gustavo-carmo-em-alagoinhas-por-caio-pimenta\/#blogposting","name":"A nomea\u00e7\u00e3o de Ant\u00f4nio Barreto e o dilema da Gest\u00e3o Gustavo Carmo em Alagoinhas \u2013 Por Caio Pimenta - News In Foco - Editado por Caio Pimenta","headline":"A nomea\u00e7\u00e3o de Ant\u00f4nio Barreto e o dilema da Gest\u00e3o Gustavo Carmo em Alagoinhas &#8211; Por Caio Pimenta","author":{"@id":"https:\/\/newsinfoco.com.br\/inicio\/author\/administrador\/#author"},"publisher":{"@id":"https:\/\/newsinfoco.com.br\/inicio\/#organization"},"image":{"@type":"ImageObject","url":"https:\/\/newsinfoco.com.br\/inicio\/wp-content\/uploads\/2019\/09\/IMG-20190918-WA0009.jpg","width":1280,"height":720,"caption":"Antonio Barreto"},"datePublished":"2026-07-20T19:44:50-03:00","dateModified":"2026-07-20T19:44:50-03:00","inLanguage":"pt-BR","mainEntityOfPage":{"@id":"https:\/\/newsinfoco.com.br\/inicio\/a-nomeacao-de-antonio-barreto-e-o-dilema-da-gestao-gustavo-carmo-em-alagoinhas-por-caio-pimenta\/#webpage"},"isPartOf":{"@id":"https:\/\/newsinfoco.com.br\/inicio\/a-nomeacao-de-antonio-barreto-e-o-dilema-da-gestao-gustavo-carmo-em-alagoinhas-por-caio-pimenta\/#webpage"},"articleSection":"Caio Pimenta"},{"@type":"BreadcrumbList","@id":"https:\/\/newsinfoco.com.br\/inicio\/a-nomeacao-de-antonio-barreto-e-o-dilema-da-gestao-gustavo-carmo-em-alagoinhas-por-caio-pimenta\/#breadcrumblist","itemListElement":[{"@type":"ListItem","@id":"https:\/\/newsinfoco.com.br\/inicio#listItem","position":1,"name":"In\u00edcio","item":"https:\/\/newsinfoco.com.br\/inicio","nextItem":{"@type":"ListItem","@id":"https:\/\/newsinfoco.com.br\/inicio\/category\/caio-pimenta\/#listItem","name":"Caio Pimenta"}},{"@type":"ListItem","@id":"https:\/\/newsinfoco.com.br\/inicio\/category\/caio-pimenta\/#listItem","position":2,"name":"Caio Pimenta","item":"https:\/\/newsinfoco.com.br\/inicio\/category\/caio-pimenta\/","nextItem":{"@type":"ListItem","@id":"https:\/\/newsinfoco.com.br\/inicio\/a-nomeacao-de-antonio-barreto-e-o-dilema-da-gestao-gustavo-carmo-em-alagoinhas-por-caio-pimenta\/#listItem","name":"A nomea\u00e7\u00e3o de Ant\u00f4nio Barreto e o dilema da Gest\u00e3o Gustavo Carmo em Alagoinhas &#8211; Por Caio Pimenta"},"previousItem":{"@type":"ListItem","@id":"https:\/\/newsinfoco.com.br\/inicio#listItem","name":"In\u00edcio"}},{"@type":"ListItem","@id":"https:\/\/newsinfoco.com.br\/inicio\/a-nomeacao-de-antonio-barreto-e-o-dilema-da-gestao-gustavo-carmo-em-alagoinhas-por-caio-pimenta\/#listItem","position":3,"name":"A nomea\u00e7\u00e3o de Ant\u00f4nio Barreto e o dilema da Gest\u00e3o Gustavo Carmo em Alagoinhas &#8211; Por Caio Pimenta","previousItem":{"@type":"ListItem","@id":"https:\/\/newsinfoco.com.br\/inicio\/category\/caio-pimenta\/#listItem","name":"Caio Pimenta"}}]},{"@type":"Organization","@id":"https:\/\/newsinfoco.com.br\/inicio\/#organization","name":"News In Foco - Editado por Caio Pimenta","description":"O principal site de noticias de Alagoinhas e regi\u00e3o","url":"https:\/\/newsinfoco.com.br\/inicio\/"},{"@type":"Person","@id":"https:\/\/newsinfoco.com.br\/inicio\/author\/administrador\/#author","url":"https:\/\/newsinfoco.com.br\/inicio\/author\/administrador\/","name":"administrador","image":{"@type":"ImageObject","@id":"https:\/\/newsinfoco.com.br\/inicio\/a-nomeacao-de-antonio-barreto-e-o-dilema-da-gestao-gustavo-carmo-em-alagoinhas-por-caio-pimenta\/#authorImage","url":"https:\/\/secure.gravatar.com\/avatar\/c17a617433de8c1dc9584bb79aab7563b46f5bb7e1728c9b17d9cc3ce6a08e49?s=96&d=mm&r=g","width":96,"height":96,"caption":"administrador"}},{"@type":"WebPage","@id":"https:\/\/newsinfoco.com.br\/inicio\/a-nomeacao-de-antonio-barreto-e-o-dilema-da-gestao-gustavo-carmo-em-alagoinhas-por-caio-pimenta\/#webpage","url":"https:\/\/newsinfoco.com.br\/inicio\/a-nomeacao-de-antonio-barreto-e-o-dilema-da-gestao-gustavo-carmo-em-alagoinhas-por-caio-pimenta\/","name":"A nomea\u00e7\u00e3o de Ant\u00f4nio Barreto e o dilema da Gest\u00e3o Gustavo Carmo em Alagoinhas \u2013 Por Caio Pimenta - News In Foco - Editado por Caio Pimenta","description":"Amigo leitor, a pol\u00edtica de Alagoinhas vive dias de intensa movimenta\u00e7\u00e3o e burburinho com a recente nomea\u00e7\u00e3o do advogado Ant\u00f4nio Barreto para o cargo de assessor do prefeito Gustavo Carmo. O movimento, que pegou muitos de surpresa e dominou as conversas da cidade, levanta uma s\u00e9rie de questionamentos sobre os rumos da administra\u00e7\u00e3o municipal e","inLanguage":"pt-BR","isPartOf":{"@id":"https:\/\/newsinfoco.com.br\/inicio\/#website"},"breadcrumb":{"@id":"https:\/\/newsinfoco.com.br\/inicio\/a-nomeacao-de-antonio-barreto-e-o-dilema-da-gestao-gustavo-carmo-em-alagoinhas-por-caio-pimenta\/#breadcrumblist"},"author":{"@id":"https:\/\/newsinfoco.com.br\/inicio\/author\/administrador\/#author"},"creator":{"@id":"https:\/\/newsinfoco.com.br\/inicio\/author\/administrador\/#author"},"image":{"@type":"ImageObject","url":"https:\/\/newsinfoco.com.br\/inicio\/wp-content\/uploads\/2019\/09\/IMG-20190918-WA0009.jpg","@id":"https:\/\/newsinfoco.com.br\/inicio\/a-nomeacao-de-antonio-barreto-e-o-dilema-da-gestao-gustavo-carmo-em-alagoinhas-por-caio-pimenta\/#mainImage","width":1280,"height":720,"caption":"Antonio Barreto"},"primaryImageOfPage":{"@id":"https:\/\/newsinfoco.com.br\/inicio\/a-nomeacao-de-antonio-barreto-e-o-dilema-da-gestao-gustavo-carmo-em-alagoinhas-por-caio-pimenta\/#mainImage"},"datePublished":"2026-07-20T19:44:50-03:00","dateModified":"2026-07-20T19:44:50-03:00"},{"@type":"WebSite","@id":"https:\/\/newsinfoco.com.br\/inicio\/#website","url":"https:\/\/newsinfoco.com.br\/inicio\/","name":"News In Foco - Editado por Caio Pimenta","description":"O principal site de noticias de Alagoinhas e regi\u00e3o","inLanguage":"pt-BR","publisher":{"@id":"https:\/\/newsinfoco.com.br\/inicio\/#organization"}}]},"og:locale":"pt_BR","og:site_name":"News In Foco - Editado por Caio Pimenta - O principal site de noticias de Alagoinhas e regi\u00e3o","og:type":"article","og:title":"A nomea\u00e7\u00e3o de Ant\u00f4nio Barreto e o dilema da Gest\u00e3o Gustavo Carmo em Alagoinhas \u2013 Por Caio Pimenta - News In Foco - Editado por Caio Pimenta","og:description":"Amigo leitor, a pol\u00edtica de Alagoinhas vive dias de intensa movimenta\u00e7\u00e3o e burburinho com a recente nomea\u00e7\u00e3o do advogado Ant\u00f4nio Barreto para o cargo de assessor do prefeito Gustavo Carmo. O movimento, que pegou muitos de surpresa e dominou as conversas da cidade, levanta uma s\u00e9rie de questionamentos sobre os rumos da administra\u00e7\u00e3o municipal e","og:url":"https:\/\/newsinfoco.com.br\/inicio\/a-nomeacao-de-antonio-barreto-e-o-dilema-da-gestao-gustavo-carmo-em-alagoinhas-por-caio-pimenta\/","article:published_time":"2026-07-20T22:44:50+00:00","article:modified_time":"2026-07-20T22:44:50+00:00","twitter:card":"summary_large_image","twitter:title":"A nomea\u00e7\u00e3o de Ant\u00f4nio Barreto e o dilema da Gest\u00e3o Gustavo Carmo em Alagoinhas \u2013 Por Caio Pimenta - News In Foco - Editado por Caio Pimenta","twitter:description":"Amigo leitor, a pol\u00edtica de Alagoinhas vive dias de intensa movimenta\u00e7\u00e3o e burburinho com a recente nomea\u00e7\u00e3o do advogado Ant\u00f4nio Barreto para o cargo de assessor do prefeito Gustavo Carmo. O movimento, que pegou muitos de surpresa e dominou as conversas da cidade, levanta uma s\u00e9rie de questionamentos sobre os rumos da administra\u00e7\u00e3o municipal e"},"aioseo_meta_data":{"post_id":"51441","title":null,"description":null,"keywords":null,"keyphrases":{"focus":{"keyphrase":"","score":0,"analysis":{"keyphraseInTitle":{"score":0,"maxScore":9,"error":1}}},"additional":[]},"primary_term":null,"canonical_url":null,"og_title":null,"og_description":null,"og_object_type":"default","og_image_type":"default","og_image_url":null,"og_image_width":null,"og_image_height":null,"og_image_custom_url":null,"og_image_custom_fields":null,"og_video":"","og_custom_url":null,"og_article_section":null,"og_article_tags":null,"twitter_use_og":false,"twitter_card":"default","twitter_image_type":"default","twitter_image_url":null,"twitter_image_custom_url":null,"twitter_image_custom_fields":null,"twitter_title":null,"twitter_description":null,"schema":{"blockGraphs":[],"customGraphs":[],"default":{"data":{"Article":[],"Course":[],"Dataset":[],"FAQPage":[],"Movie":[],"Person":[],"Product":[],"ProductReview":[],"Car":[],"Recipe":[],"Service":[],"SoftwareApplication":[],"WebPage":[]},"graphName":"BlogPosting","isEnabled":true},"graphs":[]},"schema_type":"default","schema_type_options":null,"pillar_content":false,"robots_default":true,"robots_noindex":false,"robots_noarchive":false,"robots_nosnippet":false,"robots_nofollow":false,"robots_noimageindex":false,"robots_noodp":false,"robots_notranslate":false,"robots_max_snippet":"-1","robots_max_videopreview":"-1","robots_max_imagepreview":"large","priority":null,"frequency":"default","local_seo":null,"breadcrumb_settings":null,"limit_modified_date":false,"ai":{"faqs":[],"keyPoints":[],"titles":[],"descriptions":[],"socialPosts":{"email":[],"linkedin":[],"twitter":[],"facebook":[],"instagram":[]}},"created":"2026-07-20 22:44:50","updated":"2026-07-20 22:51:41","seo_analyzer_scan_date":null},"aioseo_breadcrumb":"<div class=\"aioseo-breadcrumbs\"><span class=\"aioseo-breadcrumb\">\n\t\t\t<a href=\"https:\/\/newsinfoco.com.br\/inicio\" title=\"In\u00edcio\">In\u00edcio<\/a>\n\t\t<\/span><span class=\"aioseo-breadcrumb-separator\">&raquo;<\/span><span class=\"aioseo-breadcrumb\">\n\t\t\t<a href=\"https:\/\/newsinfoco.com.br\/inicio\/category\/caio-pimenta\/\" title=\"Caio Pimenta\">Caio Pimenta<\/a>\n\t\t<\/span><span class=\"aioseo-breadcrumb-separator\">&raquo;<\/span><span class=\"aioseo-breadcrumb\">\n\t\t\tA nomea\u00e7\u00e3o de Ant\u00f4nio Barreto e o dilema da Gest\u00e3o Gustavo Carmo em Alagoinhas \u2013 Por Caio Pimenta\n\t\t<\/span><\/div>","aioseo_breadcrumb_json":[{"label":"In\u00edcio","link":"https:\/\/newsinfoco.com.br\/inicio"},{"label":"Caio Pimenta","link":"https:\/\/newsinfoco.com.br\/inicio\/category\/caio-pimenta\/"},{"label":"A nomea\u00e7\u00e3o de Ant\u00f4nio Barreto e o dilema da Gest\u00e3o Gustavo Carmo em Alagoinhas &#8211; Por Caio Pimenta","link":"https:\/\/newsinfoco.com.br\/inicio\/a-nomeacao-de-antonio-barreto-e-o-dilema-da-gestao-gustavo-carmo-em-alagoinhas-por-caio-pimenta\/"}],"_links":{"self":[{"href":"https:\/\/newsinfoco.com.br\/inicio\/wp-json\/wp\/v2\/posts\/51441","targetHints":{"allow":["GET"]}}],"collection":[{"href":"https:\/\/newsinfoco.com.br\/inicio\/wp-json\/wp\/v2\/posts"}],"about":[{"href":"https:\/\/newsinfoco.com.br\/inicio\/wp-json\/wp\/v2\/types\/post"}],"author":[{"embeddable":true,"href":"https:\/\/newsinfoco.com.br\/inicio\/wp-json\/wp\/v2\/users\/1"}],"replies":[{"embeddable":true,"href":"https:\/\/newsinfoco.com.br\/inicio\/wp-json\/wp\/v2\/comments?post=51441"}],"version-history":[{"count":1,"href":"https:\/\/newsinfoco.com.br\/inicio\/wp-json\/wp\/v2\/posts\/51441\/revisions"}],"predecessor-version":[{"id":51442,"href":"https:\/\/newsinfoco.com.br\/inicio\/wp-json\/wp\/v2\/posts\/51441\/revisions\/51442"}],"wp:featuredmedia":[{"embeddable":true,"href":"https:\/\/newsinfoco.com.br\/inicio\/wp-json\/wp\/v2\/media\/17244"}],"wp:attachment":[{"href":"https:\/\/newsinfoco.com.br\/inicio\/wp-json\/wp\/v2\/media?parent=51441"}],"wp:term":[{"taxonomy":"category","embeddable":true,"href":"https:\/\/newsinfoco.com.br\/inicio\/wp-json\/wp\/v2\/categories?post=51441"},{"taxonomy":"post_tag","embeddable":true,"href":"https:\/\/newsinfoco.com.br\/inicio\/wp-json\/wp\/v2\/tags?post=51441"}],"curies":[{"name":"wp","href":"https:\/\/api.w.org\/{rel}","templated":true}]}}