{"id":51447,"date":"2026-07-21T20:09:33","date_gmt":"2026-07-21T23:09:33","guid":{"rendered":"https:\/\/newsinfoco.com.br\/inicio\/?p=51447"},"modified":"2026-07-21T20:09:33","modified_gmt":"2026-07-21T23:09:33","slug":"juscelio-carmo-descarta-ir-para-o-governo-gustavo-carmo-e-preve-vida-curta-para-antonio-barreto-na-gestao","status":"publish","type":"post","link":"https:\/\/newsinfoco.com.br\/inicio\/juscelio-carmo-descarta-ir-para-o-governo-gustavo-carmo-e-preve-vida-curta-para-antonio-barreto-na-gestao\/","title":{"rendered":"Jusc\u00e9lio Carmo descarta ir para o governo Gustavo Carmo e prev\u00ea vida curta para Ant\u00f4nio Barreto na gest\u00e3o"},"content":{"rendered":"<p>Em entrevista concedida na manh\u00e3 desta ter\u00e7a-feira(21) ao programa Primeira M\u00e3o, da r\u00e1dio Ouro Negro FM, o empres\u00e1rio e radialista Jusc\u00e9lio Carmo fez duras cr\u00edticas \u00e0 atual gest\u00e3o do prefeito Gustavo Carmo. Ele descartou categoricamente qualquer possibilidade de assumir um cargo na administra\u00e7\u00e3o municipal e colocou em d\u00favida a viabilidade do advogado Ant\u00f4nio Barreto no quadro de auxiliares do governo. A manifesta\u00e7\u00e3o de Jusc\u00e9lio ocorreu para responder a questionamentos da popula\u00e7\u00e3o e de ouvintes do programa sobre a participa\u00e7\u00e3o dele numa poss\u00edvel reformula\u00e7\u00e3o na equipe municipal.<\/p>\n<p data-path-to-node=\"6\">Segundo Jusc\u00e9lio Carmo, a ida de Ant\u00f4nio Barreto para a prefeitura causou surpresa entre aliados e apoiadores, principalmente em raz\u00e3o do hist\u00f3rico recente de posturas cr\u00edticas assumido pelo advogado frente a diversos setores da gest\u00e3o.<\/p>\n<p data-path-to-node=\"8\">Entre as fragilidades apontadas para a perman\u00eancia de Barreto, Jusc\u00e9lio, que j\u00e1 chefiou a pasta de governo no primeiro mandato do ex-prefeito Paulo Cezar, ressaltou a falta de autonomia e de retaguarda hier\u00e1rquica na estrutura administrativa atual, o que limitaria a capacidade do novo integrante de promover corre\u00e7\u00f5es ou fiscalizar secretarias. Foram citados por Jusc\u00e9lio durante a entrevista temas sens\u00edveis denunciados anteriormente pelo advogado, como quest\u00f5es ligadas ao transporte coletivo, concess\u00f5es na Central de Abastecimento e contrata\u00e7\u00f5es na \u00e1rea da sa\u00fade.<\/p>\n<p data-path-to-node=\"8\">Ao ser questionado pelo apresentador Caio Pimenta sobre a possibilidade de compor uma equipe t\u00e9cnica ao lado do ex-secret\u00e1rio de Fazenda Renato Almeida, que segundo Jusc\u00e9lio tamb\u00e9m teria sido sondado pela gest\u00e3o, ele foi enf\u00e1tico ao fechar as portas para uma eventual nomea\u00e7\u00e3o.<\/p>\n<p data-path-to-node=\"8\">&#8220;Esque\u00e7am a ida de Jusc\u00e9lio Carmo para a prefeitura. N\u00e3o fui convidado, n\u00e3o vou ser convidado e n\u00e3o tenho disposi\u00e7\u00e3o. Tenho quase 75 anos e a minha presen\u00e7a n\u00e3o agrada \u00e0 forma como o prefeito governa.&#8221;, afirmou.<\/p>\n<p data-path-to-node=\"8\">Jusc\u00e9lio ainda aproveitou para fazer uma\u00a0compara\u00e7\u00e3o entre a atual conjuntura e sua entrada na gest\u00e3o do ex-prefeito Paulo C\u00e9sar. Na ocasi\u00e3o, segundo ele, havia o reconhecimento p\u00fablico das dificuldades do governo e a concess\u00e3o de autonomia plena para reestruturar a m\u00e1quina p\u00fablica \u2014 cen\u00e1rio que considera oposto ao modelo vigente.<\/p>\n<p data-path-to-node=\"13\">Ele tamb\u00e9m confirmou que esteve reunido recentemente com Renato Almeida discutindo o cen\u00e1rio pol\u00edtico local e revelou que o ex-secret\u00e1rio de Fazenda tamb\u00e9m avalia como improv\u00e1vel uma participa\u00e7\u00e3o no governo municipal, devido a compromissos pessoais e ressalvas quanto \u00e0 condu\u00e7\u00e3o administrativa do munic\u00edpio.<\/p>\n<p data-path-to-node=\"14\">Ao encerrar suas declara\u00e7\u00f5es, Jusc\u00e9lio Carmo ressaltou que a administra\u00e7\u00e3o municipal sofre com erros estruturais originados desde a aprova\u00e7\u00e3o da reforma administrativa e pontuou que apenas mudan\u00e7as profundas e autonomia real para pessoas como Ant\u00f4nio Barreto seriam capazes de alterar o rumo da gest\u00e3o em Alagoinhas.<\/p>\n<p data-path-to-node=\"14\">\n<p data-path-to-node=\"14\">Por Caio Pimenta para o site News Infoco<\/p>\n<p data-path-to-node=\"14\">\n<p data-path-to-node=\"14\">\n<p data-path-to-node=\"14\">\n<p data-path-to-node=\"14\">\n<p>&nbsp;<\/p>\n<div class='share-to-whatsapp-wrapper'><div class='share-on-whsp'>Share on: <\/div><a data-text='Jusc\u00e9lio Carmo descarta ir para o governo Gustavo Carmo e prev\u00ea vida curta para Ant\u00f4nio Barreto na gest\u00e3o' data-link='https:\/\/newsinfoco.com.br\/inicio\/juscelio-carmo-descarta-ir-para-o-governo-gustavo-carmo-e-preve-vida-curta-para-antonio-barreto-na-gestao\/' class='whatsapp-button whatsapp-share'>WhatsApp<\/a><div class='clear '><\/div><\/div>","protected":false},"excerpt":{"rendered":"<p>Em entrevista concedida na manh\u00e3 desta ter\u00e7a-feira(21) ao programa Primeira M\u00e3o, da r\u00e1dio Ouro Negro FM, o empres\u00e1rio e radialista Jusc\u00e9lio Carmo fez duras cr\u00edticas \u00e0 atual gest\u00e3o do prefeito Gustavo Carmo. Ele descartou categoricamente qualquer possibilidade de assumir um cargo na administra\u00e7\u00e3o municipal e colocou em d\u00favida a viabilidade do advogado Ant\u00f4nio Barreto no [&hellip;]<\/p>\n","protected":false},"author":1,"featured_media":51449,"comment_status":"closed","ping_status":"closed","sticky":false,"template":"","format":"standard","meta":{"om_disable_all_campaigns":false,"rop_custom_images_group":[],"rop_custom_messages_group":[],"rop_publish_now":"initial","rop_publish_now_accounts":[],"rop_publish_now_history":[],"rop_publish_now_status":"pending","_exactmetrics_skip_tracking":false,"footnotes":""},"categories":[38,30,167],"tags":[],"class_list":["post-51447","post","type-post","status-publish","format-standard","has-post-thumbnail","hentry","category-alagoinhas-e-regiao","category-destaque","category-exclusivas"],"aioseo_notices":[],"aioseo_head":"\n\t\t<!-- All in One SEO 4.9.10 - aioseo.com -->\n\t<meta name=\"description\" content=\"Em entrevista concedida na manh\u00e3 desta ter\u00e7a-feira(21) ao programa Primeira M\u00e3o, da r\u00e1dio Ouro Negro FM, o empres\u00e1rio e radialista Jusc\u00e9lio Carmo fez duras cr\u00edticas \u00e0 atual gest\u00e3o do prefeito Gustavo Carmo. Ele descartou categoricamente qualquer possibilidade de assumir um cargo na administra\u00e7\u00e3o municipal e colocou em d\u00favida a viabilidade do advogado Ant\u00f4nio Barreto no\" \/>\n\t<meta name=\"robots\" content=\"max-image-preview:large\" \/>\n\t<meta name=\"author\" content=\"administrador\"\/>\n\t<link rel=\"canonical\" href=\"https:\/\/newsinfoco.com.br\/inicio\/juscelio-carmo-descarta-ir-para-o-governo-gustavo-carmo-e-preve-vida-curta-para-antonio-barreto-na-gestao\/\" \/>\n\t<meta name=\"generator\" content=\"All in One SEO (AIOSEO) 4.9.10\" \/>\n\t\t<meta property=\"og:locale\" content=\"pt_BR\" \/>\n\t\t<meta property=\"og:site_name\" content=\"News In Foco - Editado por Caio Pimenta - O principal site de noticias de Alagoinhas e regi\u00e3o\" \/>\n\t\t<meta property=\"og:type\" content=\"article\" \/>\n\t\t<meta property=\"og:title\" content=\"Jusc\u00e9lio Carmo descarta ir para o governo Gustavo Carmo e prev\u00ea vida curta para Ant\u00f4nio Barreto na gest\u00e3o - News In Foco - Editado por Caio Pimenta\" \/>\n\t\t<meta property=\"og:description\" content=\"Em entrevista concedida na manh\u00e3 desta ter\u00e7a-feira(21) ao programa Primeira M\u00e3o, da r\u00e1dio Ouro Negro FM, o empres\u00e1rio e radialista Jusc\u00e9lio Carmo fez duras cr\u00edticas \u00e0 atual gest\u00e3o do prefeito Gustavo Carmo. Ele descartou categoricamente qualquer possibilidade de assumir um cargo na administra\u00e7\u00e3o municipal e colocou em d\u00favida a viabilidade do advogado Ant\u00f4nio Barreto no\" \/>\n\t\t<meta property=\"og:url\" content=\"https:\/\/newsinfoco.com.br\/inicio\/juscelio-carmo-descarta-ir-para-o-governo-gustavo-carmo-e-preve-vida-curta-para-antonio-barreto-na-gestao\/\" \/>\n\t\t<meta property=\"article:published_time\" content=\"2026-07-21T23:09:33+00:00\" \/>\n\t\t<meta property=\"article:modified_time\" content=\"2026-07-21T23:09:33+00:00\" \/>\n\t\t<meta name=\"twitter:card\" content=\"summary_large_image\" \/>\n\t\t<meta name=\"twitter:title\" content=\"Jusc\u00e9lio Carmo descarta ir para o governo Gustavo Carmo e prev\u00ea vida curta para Ant\u00f4nio Barreto na gest\u00e3o - News In Foco - Editado por Caio Pimenta\" \/>\n\t\t<meta name=\"twitter:description\" content=\"Em entrevista concedida na manh\u00e3 desta ter\u00e7a-feira(21) ao programa Primeira M\u00e3o, da r\u00e1dio Ouro Negro FM, o empres\u00e1rio e radialista Jusc\u00e9lio Carmo fez duras cr\u00edticas \u00e0 atual gest\u00e3o do prefeito Gustavo Carmo. Ele descartou categoricamente qualquer possibilidade de assumir um cargo na administra\u00e7\u00e3o municipal e colocou em d\u00favida a viabilidade do advogado Ant\u00f4nio Barreto no\" \/>\n\t\t<script type=\"application\/ld+json\" class=\"aioseo-schema\">\n\t\t\t{\"@context\":\"https:\\\/\\\/schema.org\",\"@graph\":[{\"@type\":\"BlogPosting\",\"@id\":\"https:\\\/\\\/newsinfoco.com.br\\\/inicio\\\/juscelio-carmo-descarta-ir-para-o-governo-gustavo-carmo-e-preve-vida-curta-para-antonio-barreto-na-gestao\\\/#blogposting\",\"name\":\"Jusc\\u00e9lio Carmo descarta ir para o governo Gustavo Carmo e prev\\u00ea vida curta para Ant\\u00f4nio Barreto na gest\\u00e3o - News In Foco - Editado por Caio Pimenta\",\"headline\":\"Jusc\\u00e9lio Carmo descarta ir para o governo Gustavo Carmo e prev\\u00ea vida curta para Ant\\u00f4nio Barreto na gest\\u00e3o\",\"author\":{\"@id\":\"https:\\\/\\\/newsinfoco.com.br\\\/inicio\\\/author\\\/administrador\\\/#author\"},\"publisher\":{\"@id\":\"https:\\\/\\\/newsinfoco.com.br\\\/inicio\\\/#organization\"},\"image\":{\"@type\":\"ImageObject\",\"url\":\"https:\\\/\\\/newsinfoco.com.br\\\/inicio\\\/wp-content\\\/uploads\\\/2026\\\/07\\\/IMG-20260721-WA0230.jpg\",\"width\":800,\"height\":600},\"datePublished\":\"2026-07-21T20:09:33-03:00\",\"dateModified\":\"2026-07-21T20:09:33-03:00\",\"inLanguage\":\"pt-BR\",\"mainEntityOfPage\":{\"@id\":\"https:\\\/\\\/newsinfoco.com.br\\\/inicio\\\/juscelio-carmo-descarta-ir-para-o-governo-gustavo-carmo-e-preve-vida-curta-para-antonio-barreto-na-gestao\\\/#webpage\"},\"isPartOf\":{\"@id\":\"https:\\\/\\\/newsinfoco.com.br\\\/inicio\\\/juscelio-carmo-descarta-ir-para-o-governo-gustavo-carmo-e-preve-vida-curta-para-antonio-barreto-na-gestao\\\/#webpage\"},\"articleSection\":\"Alagoinhas e Regi\\u00e3o, Destaque, Manchete\"},{\"@type\":\"BreadcrumbList\",\"@id\":\"https:\\\/\\\/newsinfoco.com.br\\\/inicio\\\/juscelio-carmo-descarta-ir-para-o-governo-gustavo-carmo-e-preve-vida-curta-para-antonio-barreto-na-gestao\\\/#breadcrumblist\",\"itemListElement\":[{\"@type\":\"ListItem\",\"@id\":\"https:\\\/\\\/newsinfoco.com.br\\\/inicio#listItem\",\"position\":1,\"name\":\"In\\u00edcio\",\"item\":\"https:\\\/\\\/newsinfoco.com.br\\\/inicio\",\"nextItem\":{\"@type\":\"ListItem\",\"@id\":\"https:\\\/\\\/newsinfoco.com.br\\\/inicio\\\/category\\\/destaque\\\/#listItem\",\"name\":\"Destaque\"}},{\"@type\":\"ListItem\",\"@id\":\"https:\\\/\\\/newsinfoco.com.br\\\/inicio\\\/category\\\/destaque\\\/#listItem\",\"position\":2,\"name\":\"Destaque\",\"item\":\"https:\\\/\\\/newsinfoco.com.br\\\/inicio\\\/category\\\/destaque\\\/\",\"nextItem\":{\"@type\":\"ListItem\",\"@id\":\"https:\\\/\\\/newsinfoco.com.br\\\/inicio\\\/juscelio-carmo-descarta-ir-para-o-governo-gustavo-carmo-e-preve-vida-curta-para-antonio-barreto-na-gestao\\\/#listItem\",\"name\":\"Jusc\\u00e9lio Carmo descarta ir para o governo Gustavo Carmo e prev\\u00ea vida curta para Ant\\u00f4nio Barreto na gest\\u00e3o\"},\"previousItem\":{\"@type\":\"ListItem\",\"@id\":\"https:\\\/\\\/newsinfoco.com.br\\\/inicio#listItem\",\"name\":\"In\\u00edcio\"}},{\"@type\":\"ListItem\",\"@id\":\"https:\\\/\\\/newsinfoco.com.br\\\/inicio\\\/juscelio-carmo-descarta-ir-para-o-governo-gustavo-carmo-e-preve-vida-curta-para-antonio-barreto-na-gestao\\\/#listItem\",\"position\":3,\"name\":\"Jusc\\u00e9lio Carmo descarta ir para o governo Gustavo Carmo e prev\\u00ea vida curta para Ant\\u00f4nio Barreto na gest\\u00e3o\",\"previousItem\":{\"@type\":\"ListItem\",\"@id\":\"https:\\\/\\\/newsinfoco.com.br\\\/inicio\\\/category\\\/destaque\\\/#listItem\",\"name\":\"Destaque\"}}]},{\"@type\":\"Organization\",\"@id\":\"https:\\\/\\\/newsinfoco.com.br\\\/inicio\\\/#organization\",\"name\":\"News In Foco - Editado por Caio Pimenta\",\"description\":\"O principal site de noticias de Alagoinhas e regi\\u00e3o\",\"url\":\"https:\\\/\\\/newsinfoco.com.br\\\/inicio\\\/\"},{\"@type\":\"Person\",\"@id\":\"https:\\\/\\\/newsinfoco.com.br\\\/inicio\\\/author\\\/administrador\\\/#author\",\"url\":\"https:\\\/\\\/newsinfoco.com.br\\\/inicio\\\/author\\\/administrador\\\/\",\"name\":\"administrador\",\"image\":{\"@type\":\"ImageObject\",\"@id\":\"https:\\\/\\\/newsinfoco.com.br\\\/inicio\\\/juscelio-carmo-descarta-ir-para-o-governo-gustavo-carmo-e-preve-vida-curta-para-antonio-barreto-na-gestao\\\/#authorImage\",\"url\":\"https:\\\/\\\/secure.gravatar.com\\\/avatar\\\/c17a617433de8c1dc9584bb79aab7563b46f5bb7e1728c9b17d9cc3ce6a08e49?s=96&d=mm&r=g\",\"width\":96,\"height\":96,\"caption\":\"administrador\"}},{\"@type\":\"WebPage\",\"@id\":\"https:\\\/\\\/newsinfoco.com.br\\\/inicio\\\/juscelio-carmo-descarta-ir-para-o-governo-gustavo-carmo-e-preve-vida-curta-para-antonio-barreto-na-gestao\\\/#webpage\",\"url\":\"https:\\\/\\\/newsinfoco.com.br\\\/inicio\\\/juscelio-carmo-descarta-ir-para-o-governo-gustavo-carmo-e-preve-vida-curta-para-antonio-barreto-na-gestao\\\/\",\"name\":\"Jusc\\u00e9lio Carmo descarta ir para o governo Gustavo Carmo e prev\\u00ea vida curta para Ant\\u00f4nio Barreto na gest\\u00e3o - News In Foco - Editado por Caio Pimenta\",\"description\":\"Em entrevista concedida na manh\\u00e3 desta ter\\u00e7a-feira(21) ao programa Primeira M\\u00e3o, da r\\u00e1dio Ouro Negro FM, o empres\\u00e1rio e radialista Jusc\\u00e9lio Carmo fez duras cr\\u00edticas \\u00e0 atual gest\\u00e3o do prefeito Gustavo Carmo. Ele descartou categoricamente qualquer possibilidade de assumir um cargo na administra\\u00e7\\u00e3o municipal e colocou em d\\u00favida a viabilidade do advogado Ant\\u00f4nio Barreto no\",\"inLanguage\":\"pt-BR\",\"isPartOf\":{\"@id\":\"https:\\\/\\\/newsinfoco.com.br\\\/inicio\\\/#website\"},\"breadcrumb\":{\"@id\":\"https:\\\/\\\/newsinfoco.com.br\\\/inicio\\\/juscelio-carmo-descarta-ir-para-o-governo-gustavo-carmo-e-preve-vida-curta-para-antonio-barreto-na-gestao\\\/#breadcrumblist\"},\"author\":{\"@id\":\"https:\\\/\\\/newsinfoco.com.br\\\/inicio\\\/author\\\/administrador\\\/#author\"},\"creator\":{\"@id\":\"https:\\\/\\\/newsinfoco.com.br\\\/inicio\\\/author\\\/administrador\\\/#author\"},\"image\":{\"@type\":\"ImageObject\",\"url\":\"https:\\\/\\\/newsinfoco.com.br\\\/inicio\\\/wp-content\\\/uploads\\\/2026\\\/07\\\/IMG-20260721-WA0230.jpg\",\"@id\":\"https:\\\/\\\/newsinfoco.com.br\\\/inicio\\\/juscelio-carmo-descarta-ir-para-o-governo-gustavo-carmo-e-preve-vida-curta-para-antonio-barreto-na-gestao\\\/#mainImage\",\"width\":800,\"height\":600},\"primaryImageOfPage\":{\"@id\":\"https:\\\/\\\/newsinfoco.com.br\\\/inicio\\\/juscelio-carmo-descarta-ir-para-o-governo-gustavo-carmo-e-preve-vida-curta-para-antonio-barreto-na-gestao\\\/#mainImage\"},\"datePublished\":\"2026-07-21T20:09:33-03:00\",\"dateModified\":\"2026-07-21T20:09:33-03:00\"},{\"@type\":\"WebSite\",\"@id\":\"https:\\\/\\\/newsinfoco.com.br\\\/inicio\\\/#website\",\"url\":\"https:\\\/\\\/newsinfoco.com.br\\\/inicio\\\/\",\"name\":\"News In Foco - Editado por Caio Pimenta\",\"description\":\"O principal site de noticias de Alagoinhas e regi\\u00e3o\",\"inLanguage\":\"pt-BR\",\"publisher\":{\"@id\":\"https:\\\/\\\/newsinfoco.com.br\\\/inicio\\\/#organization\"}}]}\n\t\t<\/script>\n\t\t<!-- All in One SEO -->\n\n","aioseo_head_json":{"title":"Jusc\u00e9lio Carmo descarta ir para o governo Gustavo Carmo e prev\u00ea vida curta para Ant\u00f4nio Barreto na gest\u00e3o - News In Foco - Editado por Caio Pimenta","description":"Em entrevista concedida na manh\u00e3 desta ter\u00e7a-feira(21) ao programa Primeira M\u00e3o, da r\u00e1dio Ouro Negro FM, o empres\u00e1rio e radialista Jusc\u00e9lio Carmo fez duras cr\u00edticas \u00e0 atual gest\u00e3o do prefeito Gustavo Carmo. Ele descartou categoricamente qualquer possibilidade de assumir um cargo na administra\u00e7\u00e3o municipal e colocou em d\u00favida a viabilidade do advogado Ant\u00f4nio Barreto no","canonical_url":"https:\/\/newsinfoco.com.br\/inicio\/juscelio-carmo-descarta-ir-para-o-governo-gustavo-carmo-e-preve-vida-curta-para-antonio-barreto-na-gestao\/","robots":"max-image-preview:large","keywords":"","webmasterTools":{"miscellaneous":""},"schema":{"@context":"https:\/\/schema.org","@graph":[{"@type":"BlogPosting","@id":"https:\/\/newsinfoco.com.br\/inicio\/juscelio-carmo-descarta-ir-para-o-governo-gustavo-carmo-e-preve-vida-curta-para-antonio-barreto-na-gestao\/#blogposting","name":"Jusc\u00e9lio Carmo descarta ir para o governo Gustavo Carmo e prev\u00ea vida curta para Ant\u00f4nio Barreto na gest\u00e3o - News In Foco - Editado por Caio Pimenta","headline":"Jusc\u00e9lio Carmo descarta ir para o governo Gustavo Carmo e prev\u00ea vida curta para Ant\u00f4nio Barreto na gest\u00e3o","author":{"@id":"https:\/\/newsinfoco.com.br\/inicio\/author\/administrador\/#author"},"publisher":{"@id":"https:\/\/newsinfoco.com.br\/inicio\/#organization"},"image":{"@type":"ImageObject","url":"https:\/\/newsinfoco.com.br\/inicio\/wp-content\/uploads\/2026\/07\/IMG-20260721-WA0230.jpg","width":800,"height":600},"datePublished":"2026-07-21T20:09:33-03:00","dateModified":"2026-07-21T20:09:33-03:00","inLanguage":"pt-BR","mainEntityOfPage":{"@id":"https:\/\/newsinfoco.com.br\/inicio\/juscelio-carmo-descarta-ir-para-o-governo-gustavo-carmo-e-preve-vida-curta-para-antonio-barreto-na-gestao\/#webpage"},"isPartOf":{"@id":"https:\/\/newsinfoco.com.br\/inicio\/juscelio-carmo-descarta-ir-para-o-governo-gustavo-carmo-e-preve-vida-curta-para-antonio-barreto-na-gestao\/#webpage"},"articleSection":"Alagoinhas e Regi\u00e3o, Destaque, Manchete"},{"@type":"BreadcrumbList","@id":"https:\/\/newsinfoco.com.br\/inicio\/juscelio-carmo-descarta-ir-para-o-governo-gustavo-carmo-e-preve-vida-curta-para-antonio-barreto-na-gestao\/#breadcrumblist","itemListElement":[{"@type":"ListItem","@id":"https:\/\/newsinfoco.com.br\/inicio#listItem","position":1,"name":"In\u00edcio","item":"https:\/\/newsinfoco.com.br\/inicio","nextItem":{"@type":"ListItem","@id":"https:\/\/newsinfoco.com.br\/inicio\/category\/destaque\/#listItem","name":"Destaque"}},{"@type":"ListItem","@id":"https:\/\/newsinfoco.com.br\/inicio\/category\/destaque\/#listItem","position":2,"name":"Destaque","item":"https:\/\/newsinfoco.com.br\/inicio\/category\/destaque\/","nextItem":{"@type":"ListItem","@id":"https:\/\/newsinfoco.com.br\/inicio\/juscelio-carmo-descarta-ir-para-o-governo-gustavo-carmo-e-preve-vida-curta-para-antonio-barreto-na-gestao\/#listItem","name":"Jusc\u00e9lio Carmo descarta ir para o governo Gustavo Carmo e prev\u00ea vida curta para Ant\u00f4nio Barreto na gest\u00e3o"},"previousItem":{"@type":"ListItem","@id":"https:\/\/newsinfoco.com.br\/inicio#listItem","name":"In\u00edcio"}},{"@type":"ListItem","@id":"https:\/\/newsinfoco.com.br\/inicio\/juscelio-carmo-descarta-ir-para-o-governo-gustavo-carmo-e-preve-vida-curta-para-antonio-barreto-na-gestao\/#listItem","position":3,"name":"Jusc\u00e9lio Carmo descarta ir para o governo Gustavo Carmo e prev\u00ea vida curta para Ant\u00f4nio Barreto na gest\u00e3o","previousItem":{"@type":"ListItem","@id":"https:\/\/newsinfoco.com.br\/inicio\/category\/destaque\/#listItem","name":"Destaque"}}]},{"@type":"Organization","@id":"https:\/\/newsinfoco.com.br\/inicio\/#organization","name":"News In Foco - Editado por Caio Pimenta","description":"O principal site de noticias de Alagoinhas e regi\u00e3o","url":"https:\/\/newsinfoco.com.br\/inicio\/"},{"@type":"Person","@id":"https:\/\/newsinfoco.com.br\/inicio\/author\/administrador\/#author","url":"https:\/\/newsinfoco.com.br\/inicio\/author\/administrador\/","name":"administrador","image":{"@type":"ImageObject","@id":"https:\/\/newsinfoco.com.br\/inicio\/juscelio-carmo-descarta-ir-para-o-governo-gustavo-carmo-e-preve-vida-curta-para-antonio-barreto-na-gestao\/#authorImage","url":"https:\/\/secure.gravatar.com\/avatar\/c17a617433de8c1dc9584bb79aab7563b46f5bb7e1728c9b17d9cc3ce6a08e49?s=96&d=mm&r=g","width":96,"height":96,"caption":"administrador"}},{"@type":"WebPage","@id":"https:\/\/newsinfoco.com.br\/inicio\/juscelio-carmo-descarta-ir-para-o-governo-gustavo-carmo-e-preve-vida-curta-para-antonio-barreto-na-gestao\/#webpage","url":"https:\/\/newsinfoco.com.br\/inicio\/juscelio-carmo-descarta-ir-para-o-governo-gustavo-carmo-e-preve-vida-curta-para-antonio-barreto-na-gestao\/","name":"Jusc\u00e9lio Carmo descarta ir para o governo Gustavo Carmo e prev\u00ea vida curta para Ant\u00f4nio Barreto na gest\u00e3o - News In Foco - Editado por Caio Pimenta","description":"Em entrevista concedida na manh\u00e3 desta ter\u00e7a-feira(21) ao programa Primeira M\u00e3o, da r\u00e1dio Ouro Negro FM, o empres\u00e1rio e radialista Jusc\u00e9lio Carmo fez duras cr\u00edticas \u00e0 atual gest\u00e3o do prefeito Gustavo Carmo. Ele descartou categoricamente qualquer possibilidade de assumir um cargo na administra\u00e7\u00e3o municipal e colocou em d\u00favida a viabilidade do advogado Ant\u00f4nio Barreto no","inLanguage":"pt-BR","isPartOf":{"@id":"https:\/\/newsinfoco.com.br\/inicio\/#website"},"breadcrumb":{"@id":"https:\/\/newsinfoco.com.br\/inicio\/juscelio-carmo-descarta-ir-para-o-governo-gustavo-carmo-e-preve-vida-curta-para-antonio-barreto-na-gestao\/#breadcrumblist"},"author":{"@id":"https:\/\/newsinfoco.com.br\/inicio\/author\/administrador\/#author"},"creator":{"@id":"https:\/\/newsinfoco.com.br\/inicio\/author\/administrador\/#author"},"image":{"@type":"ImageObject","url":"https:\/\/newsinfoco.com.br\/inicio\/wp-content\/uploads\/2026\/07\/IMG-20260721-WA0230.jpg","@id":"https:\/\/newsinfoco.com.br\/inicio\/juscelio-carmo-descarta-ir-para-o-governo-gustavo-carmo-e-preve-vida-curta-para-antonio-barreto-na-gestao\/#mainImage","width":800,"height":600},"primaryImageOfPage":{"@id":"https:\/\/newsinfoco.com.br\/inicio\/juscelio-carmo-descarta-ir-para-o-governo-gustavo-carmo-e-preve-vida-curta-para-antonio-barreto-na-gestao\/#mainImage"},"datePublished":"2026-07-21T20:09:33-03:00","dateModified":"2026-07-21T20:09:33-03:00"},{"@type":"WebSite","@id":"https:\/\/newsinfoco.com.br\/inicio\/#website","url":"https:\/\/newsinfoco.com.br\/inicio\/","name":"News In Foco - Editado por Caio Pimenta","description":"O principal site de noticias de Alagoinhas e regi\u00e3o","inLanguage":"pt-BR","publisher":{"@id":"https:\/\/newsinfoco.com.br\/inicio\/#organization"}}]},"og:locale":"pt_BR","og:site_name":"News In Foco - Editado por Caio Pimenta - O principal site de noticias de Alagoinhas e regi\u00e3o","og:type":"article","og:title":"Jusc\u00e9lio Carmo descarta ir para o governo Gustavo Carmo e prev\u00ea vida curta para Ant\u00f4nio Barreto na gest\u00e3o - News In Foco - Editado por Caio Pimenta","og:description":"Em entrevista concedida na manh\u00e3 desta ter\u00e7a-feira(21) ao programa Primeira M\u00e3o, da r\u00e1dio Ouro Negro FM, o empres\u00e1rio e radialista Jusc\u00e9lio Carmo fez duras cr\u00edticas \u00e0 atual gest\u00e3o do prefeito Gustavo Carmo. Ele descartou categoricamente qualquer possibilidade de assumir um cargo na administra\u00e7\u00e3o municipal e colocou em d\u00favida a viabilidade do advogado Ant\u00f4nio Barreto no","og:url":"https:\/\/newsinfoco.com.br\/inicio\/juscelio-carmo-descarta-ir-para-o-governo-gustavo-carmo-e-preve-vida-curta-para-antonio-barreto-na-gestao\/","article:published_time":"2026-07-21T23:09:33+00:00","article:modified_time":"2026-07-21T23:09:33+00:00","twitter:card":"summary_large_image","twitter:title":"Jusc\u00e9lio Carmo descarta ir para o governo Gustavo Carmo e prev\u00ea vida curta para Ant\u00f4nio Barreto na gest\u00e3o - News In Foco - Editado por Caio Pimenta","twitter:description":"Em entrevista concedida na manh\u00e3 desta ter\u00e7a-feira(21) ao programa Primeira M\u00e3o, da r\u00e1dio Ouro Negro FM, o empres\u00e1rio e radialista Jusc\u00e9lio Carmo fez duras cr\u00edticas \u00e0 atual gest\u00e3o do prefeito Gustavo Carmo. Ele descartou categoricamente qualquer possibilidade de assumir um cargo na administra\u00e7\u00e3o municipal e colocou em d\u00favida a viabilidade do advogado Ant\u00f4nio Barreto no"},"aioseo_meta_data":{"post_id":"51447","title":null,"description":null,"keywords":null,"keyphrases":{"focus":{"keyphrase":"","score":0,"analysis":{"keyphraseInTitle":{"score":0,"maxScore":9,"error":1}}},"additional":[]},"primary_term":null,"canonical_url":null,"og_title":null,"og_description":null,"og_object_type":"default","og_image_type":"default","og_image_url":null,"og_image_width":null,"og_image_height":null,"og_image_custom_url":null,"og_image_custom_fields":null,"og_video":"","og_custom_url":null,"og_article_section":null,"og_article_tags":null,"twitter_use_og":false,"twitter_card":"default","twitter_image_type":"default","twitter_image_url":null,"twitter_image_custom_url":null,"twitter_image_custom_fields":null,"twitter_title":null,"twitter_description":null,"schema":{"blockGraphs":[],"customGraphs":[],"default":{"data":{"Article":[],"Course":[],"Dataset":[],"FAQPage":[],"Movie":[],"Person":[],"Product":[],"ProductReview":[],"Car":[],"Recipe":[],"Service":[],"SoftwareApplication":[],"WebPage":[]},"graphName":"BlogPosting","isEnabled":true},"graphs":[]},"schema_type":"default","schema_type_options":null,"pillar_content":false,"robots_default":true,"robots_noindex":false,"robots_noarchive":false,"robots_nosnippet":false,"robots_nofollow":false,"robots_noimageindex":false,"robots_noodp":false,"robots_notranslate":false,"robots_max_snippet":"-1","robots_max_videopreview":"-1","robots_max_imagepreview":"large","priority":null,"frequency":"default","local_seo":null,"breadcrumb_settings":null,"limit_modified_date":false,"ai":{"faqs":[],"keyPoints":[],"titles":[],"descriptions":[],"socialPosts":{"email":[],"linkedin":[],"twitter":[],"facebook":[],"instagram":[]}},"created":"2026-07-21 23:09:33","updated":"2026-07-21 23:11:26","seo_analyzer_scan_date":null},"aioseo_breadcrumb":"<div class=\"aioseo-breadcrumbs\"><span class=\"aioseo-breadcrumb\">\n\t\t\t<a href=\"https:\/\/newsinfoco.com.br\/inicio\" title=\"In\u00edcio\">In\u00edcio<\/a>\n\t\t<\/span><span class=\"aioseo-breadcrumb-separator\">&raquo;<\/span><span class=\"aioseo-breadcrumb\">\n\t\t\t<a href=\"https:\/\/newsinfoco.com.br\/inicio\/category\/destaque\/\" title=\"Destaque\">Destaque<\/a>\n\t\t<\/span><span class=\"aioseo-breadcrumb-separator\">&raquo;<\/span><span class=\"aioseo-breadcrumb\">\n\t\t\tJusc\u00e9lio Carmo descarta ir para o governo Gustavo Carmo e prev\u00ea vida curta para Ant\u00f4nio Barreto na gest\u00e3o\n\t\t<\/span><\/div>","aioseo_breadcrumb_json":[{"label":"In\u00edcio","link":"https:\/\/newsinfoco.com.br\/inicio"},{"label":"Destaque","link":"https:\/\/newsinfoco.com.br\/inicio\/category\/destaque\/"},{"label":"Jusc\u00e9lio Carmo descarta ir para o governo Gustavo Carmo e prev\u00ea vida curta para Ant\u00f4nio Barreto na gest\u00e3o","link":"https:\/\/newsinfoco.com.br\/inicio\/juscelio-carmo-descarta-ir-para-o-governo-gustavo-carmo-e-preve-vida-curta-para-antonio-barreto-na-gestao\/"}],"_links":{"self":[{"href":"https:\/\/newsinfoco.com.br\/inicio\/wp-json\/wp\/v2\/posts\/51447","targetHints":{"allow":["GET"]}}],"collection":[{"href":"https:\/\/newsinfoco.com.br\/inicio\/wp-json\/wp\/v2\/posts"}],"about":[{"href":"https:\/\/newsinfoco.com.br\/inicio\/wp-json\/wp\/v2\/types\/post"}],"author":[{"embeddable":true,"href":"https:\/\/newsinfoco.com.br\/inicio\/wp-json\/wp\/v2\/users\/1"}],"replies":[{"embeddable":true,"href":"https:\/\/newsinfoco.com.br\/inicio\/wp-json\/wp\/v2\/comments?post=51447"}],"version-history":[{"count":1,"href":"https:\/\/newsinfoco.com.br\/inicio\/wp-json\/wp\/v2\/posts\/51447\/revisions"}],"predecessor-version":[{"id":51450,"href":"https:\/\/newsinfoco.com.br\/inicio\/wp-json\/wp\/v2\/posts\/51447\/revisions\/51450"}],"wp:featuredmedia":[{"embeddable":true,"href":"https:\/\/newsinfoco.com.br\/inicio\/wp-json\/wp\/v2\/media\/51449"}],"wp:attachment":[{"href":"https:\/\/newsinfoco.com.br\/inicio\/wp-json\/wp\/v2\/media?parent=51447"}],"wp:term":[{"taxonomy":"category","embeddable":true,"href":"https:\/\/newsinfoco.com.br\/inicio\/wp-json\/wp\/v2\/categories?post=51447"},{"taxonomy":"post_tag","embeddable":true,"href":"https:\/\/newsinfoco.com.br\/inicio\/wp-json\/wp\/v2\/tags?post=51447"}],"curies":[{"name":"wp","href":"https:\/\/api.w.org\/{rel}","templated":true}]}}