{"id":51452,"date":"2026-07-22T12:43:53","date_gmt":"2026-07-22T15:43:53","guid":{"rendered":"https:\/\/newsinfoco.com.br\/inicio\/?p=51452"},"modified":"2026-07-22T13:21:52","modified_gmt":"2026-07-22T16:21:52","slug":"crise-no-transporte-coletivo-rodoviarios-aprovam-indicativo-de-greve-e-atp-cita-falta-de-repasses-da-prefeitura-de-alagoinhas","status":"publish","type":"post","link":"https:\/\/newsinfoco.com.br\/inicio\/crise-no-transporte-coletivo-rodoviarios-aprovam-indicativo-de-greve-e-atp-cita-falta-de-repasses-da-prefeitura-de-alagoinhas\/","title":{"rendered":"Crise no Transporte Coletivo: Rodovi\u00e1rios aprovam indicativo de greve e ATP cita falta de repasses da prefeitura de Alagoinhas"},"content":{"rendered":"<p data-path-to-node=\"3\">Os trabalhadores do transporte p\u00fablico de Alagoinhas aprovaram um indicativo de greve ap\u00f3s uma paralisa\u00e7\u00e3o surpresa realizada durante uma assembleia por volta do meio-dia de ontem (21). A mobiliza\u00e7\u00e3o, convocada pelo Sindicato dos Rodovi\u00e1rios de Alagoinhas (Sindimetro), paralisou a circula\u00e7\u00e3o dos \u00f4nibus e pegou a popula\u00e7\u00e3o de surpresa. O motivo principal alegado pela categoria \u00e9 o atraso no pagamento do adiantamento salarial (a &#8220;quinzena&#8221;), que deveria ter sido efetuado at\u00e9 o dia 20 de julho. A informa\u00e7\u00e3o foi dada pelo radialista Caio Pimenta na manh\u00e3 de hoje(22) durante o programa Primeira M\u00e3o, apresentado por ele na r\u00e1dio Ouro Negro FM e na internet pelas redes sociais da r\u00e1dio web 2 de julho.<\/p>\n<p data-path-to-node=\"4\">O presidente do sindicato, Gil Alagoinhas, j\u00e1 havia manifestado anteriormente em falas p\u00fablicas que a categoria n\u00e3o aceitaria a indefini\u00e7\u00e3o na data dos pagamentos. Embora os tr\u00e2mites legais para a deflagra\u00e7\u00e3o da greve j\u00e1 estejam em curso, a data exata para o in\u00edcio da paralisa\u00e7\u00e3o geral ainda n\u00e3o foi confirmada.<\/p>\n<p data-path-to-node=\"4\">Em resposta \u00e0 paralisa\u00e7\u00e3o, a concession\u00e1ria ATP Transportes emitiu uma nota oficial de esclarecimento detalhando os fatores financeiros que levaram ao atraso no pagamento dos funcion\u00e1rios.<\/p>\n<p data-path-to-node=\"4\">A ATP afirma que, desde janeiro deste ano, a Prefeitura vem descumprindo o cronograma financeiro estabelecido e realizando repasses de forma irregular tanto em valores quanto em datas. Ela aponta ainda que os impactos inflacion\u00e1rios, agravados pela alta do diesel e pelo encarecimento de insumos como pneus, pe\u00e7as e graxa, reduziram a arrecada\u00e7\u00e3o da empresa a apenas 47,8% do total de suas despesas operacionais, se tornado indispens\u00e1vel para o pagamento de funcion\u00e1rios e fornecedores de forma regular os valores referente ao subsidio.<\/p>\n<p data-path-to-node=\"4\">Estima-se que o custo real do transporte (tarifa t\u00e9cnica) ultrapassa R$ 10,00 em Alagoinhas por passageiro, enquanto a tarifa p\u00fablica paga pelo usu\u00e1rio \u00e9 de R$ 4,60. \u00c9 justamente o subsidio municipal que repara parte da defasagem pelo custo real do servi\u00e7o<\/p>\n<p data-path-to-node=\"4\">Segundo a ATP Transportes, para este ano de 2026, a Prefeitura Municipal de Alagoinhas se comprometeu a subsidiar R$ 5,02 por passageiro transportado para cobrir a diferen\u00e7a, o que n\u00e3o vem sendo cumprido com regularidade.<\/p>\n<div class=\"container\">\n<div id=\"model-response-message-contentr_ab2d8db6977fb377\" class=\"markdown markdown-main-panel enable-luminous-fast-follows enable-updated-hr-color\" dir=\"ltr\" aria-busy=\"false\" aria-live=\"polite\">\n<p data-path-to-node=\"17\">At\u00e9 o momento, a ATP Transportes declarou que continua buscando di\u00e1logo com o Poder P\u00fablico municipal e com a Secretaria de Mobilidade Urbana para a regulariza\u00e7\u00e3o dos repasses e o restabelecimento do pagamento dos rodovi\u00e1rios. A Prefeitura de Alagoinhas e a SEMORP ainda n\u00e3o se pronunciaram publicamente sobre os atrasos informados pela concession\u00e1ria.<\/p>\n<\/div>\n<\/div>\n<p data-path-to-node=\"4\"><strong>Disputa Judicial de R$ 32 Milh\u00f5es e Transporte Clandestino<\/strong><\/p>\n<p data-path-to-node=\"4\">A crise no sistema de transporte p\u00fablico de Alagoinhas vai al\u00e9m dos repasses mensais. O munic\u00edpio enfrenta um passivo acumulado decorrente do desequil\u00edbrio econ\u00f4mico-financeiro do contrato de concess\u00e3o.<\/p>\n<p data-path-to-node=\"4\">De acordo com informa\u00e7\u00f5es divulgadas pelo advogado Antonio Barreto, recentemente nomeado assessor do prefeito e cr\u00edtico hist\u00f3rico do atual modelo do sistema de transporte p\u00fablico municipal, a\u00a0Prefeitura responde a um processo ajuizado pela ATP no valor de R$ 32 milh\u00f5es, referente a frustra\u00e7\u00f5es de arrecada\u00e7\u00e3o e descumprimento de termos contratuais previstos na licita\u00e7\u00e3o. O d\u00e9bito amea\u00e7a se transformar em precat\u00f3rio para os cofres p\u00fablicos.<\/p>\n<p data-path-to-node=\"4\">Ao comentar sobre a situa\u00e7\u00e3o do transporte p\u00fablico municipal em Alagoinhas, Caio Pimenta teceu tamb\u00e9m fortes cr\u00edticas \u00e0 falta de fiscaliza\u00e7\u00e3o por parte da Secretaria Municipal de Mobilidade e Ordem P\u00fablica (SEMORP) e da Agerba em rela\u00e7\u00e3o ao transporte clandestino e ao uso indevido do terminal de coletivos por vans intermunicipais. De acordo com Pimenta, evas\u00e3o de passageiros pagantes para o transporte n\u00e3o regulamentado retira receita direta do sistema licitado, aumentando o d\u00e9ficit cobrado do er\u00e1rio p\u00fablico.<\/p>\n<p data-path-to-node=\"4\">Enquanto a prefeitura acumula d\u00edvidas e atrasos nos repasses, a popula\u00e7\u00e3o sofre com a queda na qualidade da frota e do servi\u00e7o prestado, resultando em descumprimento do contrato por ambas as partes.<\/p>\n<p data-path-to-node=\"4\">\n<div class='share-to-whatsapp-wrapper'><div class='share-on-whsp'>Share on: <\/div><a data-text='Crise no Transporte Coletivo: Rodovi\u00e1rios aprovam indicativo de greve e ATP cita falta de repasses da prefeitura de Alagoinhas' data-link='https:\/\/newsinfoco.com.br\/inicio\/crise-no-transporte-coletivo-rodoviarios-aprovam-indicativo-de-greve-e-atp-cita-falta-de-repasses-da-prefeitura-de-alagoinhas\/' class='whatsapp-button whatsapp-share'>WhatsApp<\/a><div class='clear '><\/div><\/div>","protected":false},"excerpt":{"rendered":"<p>Os trabalhadores do transporte p\u00fablico de Alagoinhas aprovaram um indicativo de greve ap\u00f3s uma paralisa\u00e7\u00e3o surpresa realizada durante uma assembleia por volta do meio-dia de ontem (21). A mobiliza\u00e7\u00e3o, convocada pelo Sindicato dos Rodovi\u00e1rios de Alagoinhas (Sindimetro), paralisou a circula\u00e7\u00e3o dos \u00f4nibus e pegou a popula\u00e7\u00e3o de surpresa. O motivo principal alegado pela categoria \u00e9 [&hellip;]<\/p>\n","protected":false},"author":1,"featured_media":51453,"comment_status":"closed","ping_status":"closed","sticky":false,"template":"","format":"standard","meta":{"om_disable_all_campaigns":false,"rop_custom_images_group":[],"rop_custom_messages_group":[],"rop_publish_now":"initial","rop_publish_now_accounts":[],"rop_publish_now_history":[],"rop_publish_now_status":"pending","_exactmetrics_skip_tracking":false,"footnotes":""},"categories":[38,30,167],"tags":[],"class_list":["post-51452","post","type-post","status-publish","format-standard","has-post-thumbnail","hentry","category-alagoinhas-e-regiao","category-destaque","category-exclusivas"],"aioseo_notices":[],"aioseo_head":"\n\t\t<!-- All in One SEO 4.9.10 - aioseo.com -->\n\t<meta name=\"description\" content=\"Os trabalhadores do transporte p\u00fablico de Alagoinhas aprovaram um indicativo de greve ap\u00f3s uma paralisa\u00e7\u00e3o surpresa realizada durante uma assembleia por volta do meio-dia de ontem (21). A mobiliza\u00e7\u00e3o, convocada pelo Sindicato dos Rodovi\u00e1rios de Alagoinhas (Sindimetro), paralisou a circula\u00e7\u00e3o dos \u00f4nibus e pegou a popula\u00e7\u00e3o de surpresa. O motivo principal alegado pela categoria \u00e9\" \/>\n\t<meta name=\"robots\" content=\"max-image-preview:large\" \/>\n\t<meta name=\"author\" content=\"administrador\"\/>\n\t<link rel=\"canonical\" href=\"https:\/\/newsinfoco.com.br\/inicio\/crise-no-transporte-coletivo-rodoviarios-aprovam-indicativo-de-greve-e-atp-cita-falta-de-repasses-da-prefeitura-de-alagoinhas\/\" \/>\n\t<meta name=\"generator\" content=\"All in One SEO (AIOSEO) 4.9.10\" \/>\n\t\t<meta property=\"og:locale\" content=\"pt_BR\" \/>\n\t\t<meta property=\"og:site_name\" content=\"News In Foco - Editado por Caio Pimenta - O principal site de noticias de Alagoinhas e regi\u00e3o\" \/>\n\t\t<meta property=\"og:type\" content=\"article\" \/>\n\t\t<meta property=\"og:title\" content=\"Crise no Transporte Coletivo: Rodovi\u00e1rios aprovam indicativo de greve e ATP cita falta de repasses da prefeitura de Alagoinhas - News In Foco - Editado por Caio Pimenta\" \/>\n\t\t<meta property=\"og:description\" content=\"Os trabalhadores do transporte p\u00fablico de Alagoinhas aprovaram um indicativo de greve ap\u00f3s uma paralisa\u00e7\u00e3o surpresa realizada durante uma assembleia por volta do meio-dia de ontem (21). A mobiliza\u00e7\u00e3o, convocada pelo Sindicato dos Rodovi\u00e1rios de Alagoinhas (Sindimetro), paralisou a circula\u00e7\u00e3o dos \u00f4nibus e pegou a popula\u00e7\u00e3o de surpresa. O motivo principal alegado pela categoria \u00e9\" \/>\n\t\t<meta property=\"og:url\" content=\"https:\/\/newsinfoco.com.br\/inicio\/crise-no-transporte-coletivo-rodoviarios-aprovam-indicativo-de-greve-e-atp-cita-falta-de-repasses-da-prefeitura-de-alagoinhas\/\" \/>\n\t\t<meta property=\"article:published_time\" content=\"2026-07-22T15:43:53+00:00\" \/>\n\t\t<meta property=\"article:modified_time\" content=\"2026-07-22T16:21:52+00:00\" \/>\n\t\t<meta name=\"twitter:card\" content=\"summary_large_image\" \/>\n\t\t<meta name=\"twitter:title\" content=\"Crise no Transporte Coletivo: Rodovi\u00e1rios aprovam indicativo de greve e ATP cita falta de repasses da prefeitura de Alagoinhas - News In Foco - Editado por Caio Pimenta\" \/>\n\t\t<meta name=\"twitter:description\" content=\"Os trabalhadores do transporte p\u00fablico de Alagoinhas aprovaram um indicativo de greve ap\u00f3s uma paralisa\u00e7\u00e3o surpresa realizada durante uma assembleia por volta do meio-dia de ontem (21). A mobiliza\u00e7\u00e3o, convocada pelo Sindicato dos Rodovi\u00e1rios de Alagoinhas (Sindimetro), paralisou a circula\u00e7\u00e3o dos \u00f4nibus e pegou a popula\u00e7\u00e3o de surpresa. O motivo principal alegado pela categoria \u00e9\" \/>\n\t\t<script type=\"application\/ld+json\" class=\"aioseo-schema\">\n\t\t\t{\"@context\":\"https:\\\/\\\/schema.org\",\"@graph\":[{\"@type\":\"BlogPosting\",\"@id\":\"https:\\\/\\\/newsinfoco.com.br\\\/inicio\\\/crise-no-transporte-coletivo-rodoviarios-aprovam-indicativo-de-greve-e-atp-cita-falta-de-repasses-da-prefeitura-de-alagoinhas\\\/#blogposting\",\"name\":\"Crise no Transporte Coletivo: Rodovi\\u00e1rios aprovam indicativo de greve e ATP cita falta de repasses da prefeitura de Alagoinhas - News In Foco - Editado por Caio Pimenta\",\"headline\":\"Crise no Transporte Coletivo: Rodovi\\u00e1rios aprovam indicativo de greve e ATP cita falta de repasses da prefeitura de Alagoinhas\",\"author\":{\"@id\":\"https:\\\/\\\/newsinfoco.com.br\\\/inicio\\\/author\\\/administrador\\\/#author\"},\"publisher\":{\"@id\":\"https:\\\/\\\/newsinfoco.com.br\\\/inicio\\\/#organization\"},\"image\":{\"@type\":\"ImageObject\",\"url\":\"https:\\\/\\\/newsinfoco.com.br\\\/inicio\\\/wp-content\\\/uploads\\\/2026\\\/07\\\/terminal-de-coletivos-scaled.jpg\",\"width\":2560,\"height\":1441},\"datePublished\":\"2026-07-22T12:43:53-03:00\",\"dateModified\":\"2026-07-22T13:21:52-03:00\",\"inLanguage\":\"pt-BR\",\"mainEntityOfPage\":{\"@id\":\"https:\\\/\\\/newsinfoco.com.br\\\/inicio\\\/crise-no-transporte-coletivo-rodoviarios-aprovam-indicativo-de-greve-e-atp-cita-falta-de-repasses-da-prefeitura-de-alagoinhas\\\/#webpage\"},\"isPartOf\":{\"@id\":\"https:\\\/\\\/newsinfoco.com.br\\\/inicio\\\/crise-no-transporte-coletivo-rodoviarios-aprovam-indicativo-de-greve-e-atp-cita-falta-de-repasses-da-prefeitura-de-alagoinhas\\\/#webpage\"},\"articleSection\":\"Alagoinhas e Regi\\u00e3o, Destaque, Manchete\"},{\"@type\":\"BreadcrumbList\",\"@id\":\"https:\\\/\\\/newsinfoco.com.br\\\/inicio\\\/crise-no-transporte-coletivo-rodoviarios-aprovam-indicativo-de-greve-e-atp-cita-falta-de-repasses-da-prefeitura-de-alagoinhas\\\/#breadcrumblist\",\"itemListElement\":[{\"@type\":\"ListItem\",\"@id\":\"https:\\\/\\\/newsinfoco.com.br\\\/inicio#listItem\",\"position\":1,\"name\":\"In\\u00edcio\",\"item\":\"https:\\\/\\\/newsinfoco.com.br\\\/inicio\",\"nextItem\":{\"@type\":\"ListItem\",\"@id\":\"https:\\\/\\\/newsinfoco.com.br\\\/inicio\\\/category\\\/destaque\\\/#listItem\",\"name\":\"Destaque\"}},{\"@type\":\"ListItem\",\"@id\":\"https:\\\/\\\/newsinfoco.com.br\\\/inicio\\\/category\\\/destaque\\\/#listItem\",\"position\":2,\"name\":\"Destaque\",\"item\":\"https:\\\/\\\/newsinfoco.com.br\\\/inicio\\\/category\\\/destaque\\\/\",\"nextItem\":{\"@type\":\"ListItem\",\"@id\":\"https:\\\/\\\/newsinfoco.com.br\\\/inicio\\\/crise-no-transporte-coletivo-rodoviarios-aprovam-indicativo-de-greve-e-atp-cita-falta-de-repasses-da-prefeitura-de-alagoinhas\\\/#listItem\",\"name\":\"Crise no Transporte Coletivo: Rodovi\\u00e1rios aprovam indicativo de greve e ATP cita falta de repasses da prefeitura de Alagoinhas\"},\"previousItem\":{\"@type\":\"ListItem\",\"@id\":\"https:\\\/\\\/newsinfoco.com.br\\\/inicio#listItem\",\"name\":\"In\\u00edcio\"}},{\"@type\":\"ListItem\",\"@id\":\"https:\\\/\\\/newsinfoco.com.br\\\/inicio\\\/crise-no-transporte-coletivo-rodoviarios-aprovam-indicativo-de-greve-e-atp-cita-falta-de-repasses-da-prefeitura-de-alagoinhas\\\/#listItem\",\"position\":3,\"name\":\"Crise no Transporte Coletivo: Rodovi\\u00e1rios aprovam indicativo de greve e ATP cita falta de repasses da prefeitura de Alagoinhas\",\"previousItem\":{\"@type\":\"ListItem\",\"@id\":\"https:\\\/\\\/newsinfoco.com.br\\\/inicio\\\/category\\\/destaque\\\/#listItem\",\"name\":\"Destaque\"}}]},{\"@type\":\"Organization\",\"@id\":\"https:\\\/\\\/newsinfoco.com.br\\\/inicio\\\/#organization\",\"name\":\"News In Foco - Editado por Caio Pimenta\",\"description\":\"O principal site de noticias de Alagoinhas e regi\\u00e3o\",\"url\":\"https:\\\/\\\/newsinfoco.com.br\\\/inicio\\\/\"},{\"@type\":\"Person\",\"@id\":\"https:\\\/\\\/newsinfoco.com.br\\\/inicio\\\/author\\\/administrador\\\/#author\",\"url\":\"https:\\\/\\\/newsinfoco.com.br\\\/inicio\\\/author\\\/administrador\\\/\",\"name\":\"administrador\",\"image\":{\"@type\":\"ImageObject\",\"@id\":\"https:\\\/\\\/newsinfoco.com.br\\\/inicio\\\/crise-no-transporte-coletivo-rodoviarios-aprovam-indicativo-de-greve-e-atp-cita-falta-de-repasses-da-prefeitura-de-alagoinhas\\\/#authorImage\",\"url\":\"https:\\\/\\\/secure.gravatar.com\\\/avatar\\\/c17a617433de8c1dc9584bb79aab7563b46f5bb7e1728c9b17d9cc3ce6a08e49?s=96&d=mm&r=g\",\"width\":96,\"height\":96,\"caption\":\"administrador\"}},{\"@type\":\"WebPage\",\"@id\":\"https:\\\/\\\/newsinfoco.com.br\\\/inicio\\\/crise-no-transporte-coletivo-rodoviarios-aprovam-indicativo-de-greve-e-atp-cita-falta-de-repasses-da-prefeitura-de-alagoinhas\\\/#webpage\",\"url\":\"https:\\\/\\\/newsinfoco.com.br\\\/inicio\\\/crise-no-transporte-coletivo-rodoviarios-aprovam-indicativo-de-greve-e-atp-cita-falta-de-repasses-da-prefeitura-de-alagoinhas\\\/\",\"name\":\"Crise no Transporte Coletivo: Rodovi\\u00e1rios aprovam indicativo de greve e ATP cita falta de repasses da prefeitura de Alagoinhas - News In Foco - Editado por Caio Pimenta\",\"description\":\"Os trabalhadores do transporte p\\u00fablico de Alagoinhas aprovaram um indicativo de greve ap\\u00f3s uma paralisa\\u00e7\\u00e3o surpresa realizada durante uma assembleia por volta do meio-dia de ontem (21). A mobiliza\\u00e7\\u00e3o, convocada pelo Sindicato dos Rodovi\\u00e1rios de Alagoinhas (Sindimetro), paralisou a circula\\u00e7\\u00e3o dos \\u00f4nibus e pegou a popula\\u00e7\\u00e3o de surpresa. O motivo principal alegado pela categoria \\u00e9\",\"inLanguage\":\"pt-BR\",\"isPartOf\":{\"@id\":\"https:\\\/\\\/newsinfoco.com.br\\\/inicio\\\/#website\"},\"breadcrumb\":{\"@id\":\"https:\\\/\\\/newsinfoco.com.br\\\/inicio\\\/crise-no-transporte-coletivo-rodoviarios-aprovam-indicativo-de-greve-e-atp-cita-falta-de-repasses-da-prefeitura-de-alagoinhas\\\/#breadcrumblist\"},\"author\":{\"@id\":\"https:\\\/\\\/newsinfoco.com.br\\\/inicio\\\/author\\\/administrador\\\/#author\"},\"creator\":{\"@id\":\"https:\\\/\\\/newsinfoco.com.br\\\/inicio\\\/author\\\/administrador\\\/#author\"},\"image\":{\"@type\":\"ImageObject\",\"url\":\"https:\\\/\\\/newsinfoco.com.br\\\/inicio\\\/wp-content\\\/uploads\\\/2026\\\/07\\\/terminal-de-coletivos-scaled.jpg\",\"@id\":\"https:\\\/\\\/newsinfoco.com.br\\\/inicio\\\/crise-no-transporte-coletivo-rodoviarios-aprovam-indicativo-de-greve-e-atp-cita-falta-de-repasses-da-prefeitura-de-alagoinhas\\\/#mainImage\",\"width\":2560,\"height\":1441},\"primaryImageOfPage\":{\"@id\":\"https:\\\/\\\/newsinfoco.com.br\\\/inicio\\\/crise-no-transporte-coletivo-rodoviarios-aprovam-indicativo-de-greve-e-atp-cita-falta-de-repasses-da-prefeitura-de-alagoinhas\\\/#mainImage\"},\"datePublished\":\"2026-07-22T12:43:53-03:00\",\"dateModified\":\"2026-07-22T13:21:52-03:00\"},{\"@type\":\"WebSite\",\"@id\":\"https:\\\/\\\/newsinfoco.com.br\\\/inicio\\\/#website\",\"url\":\"https:\\\/\\\/newsinfoco.com.br\\\/inicio\\\/\",\"name\":\"News In Foco - Editado por Caio Pimenta\",\"description\":\"O principal site de noticias de Alagoinhas e regi\\u00e3o\",\"inLanguage\":\"pt-BR\",\"publisher\":{\"@id\":\"https:\\\/\\\/newsinfoco.com.br\\\/inicio\\\/#organization\"}}]}\n\t\t<\/script>\n\t\t<!-- All in One SEO -->\n\n","aioseo_head_json":{"title":"Crise no Transporte Coletivo: Rodovi\u00e1rios aprovam indicativo de greve e ATP cita falta de repasses da prefeitura de Alagoinhas - News In Foco - Editado por Caio Pimenta","description":"Os trabalhadores do transporte p\u00fablico de Alagoinhas aprovaram um indicativo de greve ap\u00f3s uma paralisa\u00e7\u00e3o surpresa realizada durante uma assembleia por volta do meio-dia de ontem (21). A mobiliza\u00e7\u00e3o, convocada pelo Sindicato dos Rodovi\u00e1rios de Alagoinhas (Sindimetro), paralisou a circula\u00e7\u00e3o dos \u00f4nibus e pegou a popula\u00e7\u00e3o de surpresa. O motivo principal alegado pela categoria \u00e9","canonical_url":"https:\/\/newsinfoco.com.br\/inicio\/crise-no-transporte-coletivo-rodoviarios-aprovam-indicativo-de-greve-e-atp-cita-falta-de-repasses-da-prefeitura-de-alagoinhas\/","robots":"max-image-preview:large","keywords":"","webmasterTools":{"miscellaneous":""},"schema":{"@context":"https:\/\/schema.org","@graph":[{"@type":"BlogPosting","@id":"https:\/\/newsinfoco.com.br\/inicio\/crise-no-transporte-coletivo-rodoviarios-aprovam-indicativo-de-greve-e-atp-cita-falta-de-repasses-da-prefeitura-de-alagoinhas\/#blogposting","name":"Crise no Transporte Coletivo: Rodovi\u00e1rios aprovam indicativo de greve e ATP cita falta de repasses da prefeitura de Alagoinhas - News In Foco - Editado por Caio Pimenta","headline":"Crise no Transporte Coletivo: Rodovi\u00e1rios aprovam indicativo de greve e ATP cita falta de repasses da prefeitura de Alagoinhas","author":{"@id":"https:\/\/newsinfoco.com.br\/inicio\/author\/administrador\/#author"},"publisher":{"@id":"https:\/\/newsinfoco.com.br\/inicio\/#organization"},"image":{"@type":"ImageObject","url":"https:\/\/newsinfoco.com.br\/inicio\/wp-content\/uploads\/2026\/07\/terminal-de-coletivos-scaled.jpg","width":2560,"height":1441},"datePublished":"2026-07-22T12:43:53-03:00","dateModified":"2026-07-22T13:21:52-03:00","inLanguage":"pt-BR","mainEntityOfPage":{"@id":"https:\/\/newsinfoco.com.br\/inicio\/crise-no-transporte-coletivo-rodoviarios-aprovam-indicativo-de-greve-e-atp-cita-falta-de-repasses-da-prefeitura-de-alagoinhas\/#webpage"},"isPartOf":{"@id":"https:\/\/newsinfoco.com.br\/inicio\/crise-no-transporte-coletivo-rodoviarios-aprovam-indicativo-de-greve-e-atp-cita-falta-de-repasses-da-prefeitura-de-alagoinhas\/#webpage"},"articleSection":"Alagoinhas e Regi\u00e3o, Destaque, Manchete"},{"@type":"BreadcrumbList","@id":"https:\/\/newsinfoco.com.br\/inicio\/crise-no-transporte-coletivo-rodoviarios-aprovam-indicativo-de-greve-e-atp-cita-falta-de-repasses-da-prefeitura-de-alagoinhas\/#breadcrumblist","itemListElement":[{"@type":"ListItem","@id":"https:\/\/newsinfoco.com.br\/inicio#listItem","position":1,"name":"In\u00edcio","item":"https:\/\/newsinfoco.com.br\/inicio","nextItem":{"@type":"ListItem","@id":"https:\/\/newsinfoco.com.br\/inicio\/category\/destaque\/#listItem","name":"Destaque"}},{"@type":"ListItem","@id":"https:\/\/newsinfoco.com.br\/inicio\/category\/destaque\/#listItem","position":2,"name":"Destaque","item":"https:\/\/newsinfoco.com.br\/inicio\/category\/destaque\/","nextItem":{"@type":"ListItem","@id":"https:\/\/newsinfoco.com.br\/inicio\/crise-no-transporte-coletivo-rodoviarios-aprovam-indicativo-de-greve-e-atp-cita-falta-de-repasses-da-prefeitura-de-alagoinhas\/#listItem","name":"Crise no Transporte Coletivo: Rodovi\u00e1rios aprovam indicativo de greve e ATP cita falta de repasses da prefeitura de Alagoinhas"},"previousItem":{"@type":"ListItem","@id":"https:\/\/newsinfoco.com.br\/inicio#listItem","name":"In\u00edcio"}},{"@type":"ListItem","@id":"https:\/\/newsinfoco.com.br\/inicio\/crise-no-transporte-coletivo-rodoviarios-aprovam-indicativo-de-greve-e-atp-cita-falta-de-repasses-da-prefeitura-de-alagoinhas\/#listItem","position":3,"name":"Crise no Transporte Coletivo: Rodovi\u00e1rios aprovam indicativo de greve e ATP cita falta de repasses da prefeitura de Alagoinhas","previousItem":{"@type":"ListItem","@id":"https:\/\/newsinfoco.com.br\/inicio\/category\/destaque\/#listItem","name":"Destaque"}}]},{"@type":"Organization","@id":"https:\/\/newsinfoco.com.br\/inicio\/#organization","name":"News In Foco - Editado por Caio Pimenta","description":"O principal site de noticias de Alagoinhas e regi\u00e3o","url":"https:\/\/newsinfoco.com.br\/inicio\/"},{"@type":"Person","@id":"https:\/\/newsinfoco.com.br\/inicio\/author\/administrador\/#author","url":"https:\/\/newsinfoco.com.br\/inicio\/author\/administrador\/","name":"administrador","image":{"@type":"ImageObject","@id":"https:\/\/newsinfoco.com.br\/inicio\/crise-no-transporte-coletivo-rodoviarios-aprovam-indicativo-de-greve-e-atp-cita-falta-de-repasses-da-prefeitura-de-alagoinhas\/#authorImage","url":"https:\/\/secure.gravatar.com\/avatar\/c17a617433de8c1dc9584bb79aab7563b46f5bb7e1728c9b17d9cc3ce6a08e49?s=96&d=mm&r=g","width":96,"height":96,"caption":"administrador"}},{"@type":"WebPage","@id":"https:\/\/newsinfoco.com.br\/inicio\/crise-no-transporte-coletivo-rodoviarios-aprovam-indicativo-de-greve-e-atp-cita-falta-de-repasses-da-prefeitura-de-alagoinhas\/#webpage","url":"https:\/\/newsinfoco.com.br\/inicio\/crise-no-transporte-coletivo-rodoviarios-aprovam-indicativo-de-greve-e-atp-cita-falta-de-repasses-da-prefeitura-de-alagoinhas\/","name":"Crise no Transporte Coletivo: Rodovi\u00e1rios aprovam indicativo de greve e ATP cita falta de repasses da prefeitura de Alagoinhas - News In Foco - Editado por Caio Pimenta","description":"Os trabalhadores do transporte p\u00fablico de Alagoinhas aprovaram um indicativo de greve ap\u00f3s uma paralisa\u00e7\u00e3o surpresa realizada durante uma assembleia por volta do meio-dia de ontem (21). A mobiliza\u00e7\u00e3o, convocada pelo Sindicato dos Rodovi\u00e1rios de Alagoinhas (Sindimetro), paralisou a circula\u00e7\u00e3o dos \u00f4nibus e pegou a popula\u00e7\u00e3o de surpresa. O motivo principal alegado pela categoria \u00e9","inLanguage":"pt-BR","isPartOf":{"@id":"https:\/\/newsinfoco.com.br\/inicio\/#website"},"breadcrumb":{"@id":"https:\/\/newsinfoco.com.br\/inicio\/crise-no-transporte-coletivo-rodoviarios-aprovam-indicativo-de-greve-e-atp-cita-falta-de-repasses-da-prefeitura-de-alagoinhas\/#breadcrumblist"},"author":{"@id":"https:\/\/newsinfoco.com.br\/inicio\/author\/administrador\/#author"},"creator":{"@id":"https:\/\/newsinfoco.com.br\/inicio\/author\/administrador\/#author"},"image":{"@type":"ImageObject","url":"https:\/\/newsinfoco.com.br\/inicio\/wp-content\/uploads\/2026\/07\/terminal-de-coletivos-scaled.jpg","@id":"https:\/\/newsinfoco.com.br\/inicio\/crise-no-transporte-coletivo-rodoviarios-aprovam-indicativo-de-greve-e-atp-cita-falta-de-repasses-da-prefeitura-de-alagoinhas\/#mainImage","width":2560,"height":1441},"primaryImageOfPage":{"@id":"https:\/\/newsinfoco.com.br\/inicio\/crise-no-transporte-coletivo-rodoviarios-aprovam-indicativo-de-greve-e-atp-cita-falta-de-repasses-da-prefeitura-de-alagoinhas\/#mainImage"},"datePublished":"2026-07-22T12:43:53-03:00","dateModified":"2026-07-22T13:21:52-03:00"},{"@type":"WebSite","@id":"https:\/\/newsinfoco.com.br\/inicio\/#website","url":"https:\/\/newsinfoco.com.br\/inicio\/","name":"News In Foco - Editado por Caio Pimenta","description":"O principal site de noticias de Alagoinhas e regi\u00e3o","inLanguage":"pt-BR","publisher":{"@id":"https:\/\/newsinfoco.com.br\/inicio\/#organization"}}]},"og:locale":"pt_BR","og:site_name":"News In Foco - Editado por Caio Pimenta - O principal site de noticias de Alagoinhas e regi\u00e3o","og:type":"article","og:title":"Crise no Transporte Coletivo: Rodovi\u00e1rios aprovam indicativo de greve e ATP cita falta de repasses da prefeitura de Alagoinhas - News In Foco - Editado por Caio Pimenta","og:description":"Os trabalhadores do transporte p\u00fablico de Alagoinhas aprovaram um indicativo de greve ap\u00f3s uma paralisa\u00e7\u00e3o surpresa realizada durante uma assembleia por volta do meio-dia de ontem (21). A mobiliza\u00e7\u00e3o, convocada pelo Sindicato dos Rodovi\u00e1rios de Alagoinhas (Sindimetro), paralisou a circula\u00e7\u00e3o dos \u00f4nibus e pegou a popula\u00e7\u00e3o de surpresa. O motivo principal alegado pela categoria \u00e9","og:url":"https:\/\/newsinfoco.com.br\/inicio\/crise-no-transporte-coletivo-rodoviarios-aprovam-indicativo-de-greve-e-atp-cita-falta-de-repasses-da-prefeitura-de-alagoinhas\/","article:published_time":"2026-07-22T15:43:53+00:00","article:modified_time":"2026-07-22T16:21:52+00:00","twitter:card":"summary_large_image","twitter:title":"Crise no Transporte Coletivo: Rodovi\u00e1rios aprovam indicativo de greve e ATP cita falta de repasses da prefeitura de Alagoinhas - News In Foco - Editado por Caio Pimenta","twitter:description":"Os trabalhadores do transporte p\u00fablico de Alagoinhas aprovaram um indicativo de greve ap\u00f3s uma paralisa\u00e7\u00e3o surpresa realizada durante uma assembleia por volta do meio-dia de ontem (21). A mobiliza\u00e7\u00e3o, convocada pelo Sindicato dos Rodovi\u00e1rios de Alagoinhas (Sindimetro), paralisou a circula\u00e7\u00e3o dos \u00f4nibus e pegou a popula\u00e7\u00e3o de surpresa. O motivo principal alegado pela categoria \u00e9"},"aioseo_meta_data":{"post_id":"51452","title":null,"description":null,"keywords":null,"keyphrases":{"focus":{"keyphrase":"","score":0,"analysis":{"keyphraseInTitle":{"score":0,"maxScore":9,"error":1}}},"additional":[]},"primary_term":null,"canonical_url":null,"og_title":null,"og_description":null,"og_object_type":"default","og_image_type":"default","og_image_url":null,"og_image_width":null,"og_image_height":null,"og_image_custom_url":null,"og_image_custom_fields":null,"og_video":"","og_custom_url":null,"og_article_section":null,"og_article_tags":null,"twitter_use_og":false,"twitter_card":"default","twitter_image_type":"default","twitter_image_url":null,"twitter_image_custom_url":null,"twitter_image_custom_fields":null,"twitter_title":null,"twitter_description":null,"schema":{"blockGraphs":[],"customGraphs":[],"default":{"data":{"Article":[],"Course":[],"Dataset":[],"FAQPage":[],"Movie":[],"Person":[],"Product":[],"ProductReview":[],"Car":[],"Recipe":[],"Service":[],"SoftwareApplication":[],"WebPage":[]},"graphName":"BlogPosting","isEnabled":true},"graphs":[]},"schema_type":"default","schema_type_options":null,"pillar_content":false,"robots_default":true,"robots_noindex":false,"robots_noarchive":false,"robots_nosnippet":false,"robots_nofollow":false,"robots_noimageindex":false,"robots_noodp":false,"robots_notranslate":false,"robots_max_snippet":"-1","robots_max_videopreview":"-1","robots_max_imagepreview":"large","priority":null,"frequency":"default","local_seo":null,"breadcrumb_settings":null,"limit_modified_date":false,"ai":{"faqs":[],"keyPoints":[],"titles":[],"descriptions":[],"socialPosts":{"email":[],"linkedin":[],"twitter":[],"facebook":[],"instagram":[]}},"created":"2026-07-22 15:43:53","updated":"2026-07-22 16:25:51","seo_analyzer_scan_date":null},"aioseo_breadcrumb":"<div class=\"aioseo-breadcrumbs\"><span class=\"aioseo-breadcrumb\">\n\t\t\t<a href=\"https:\/\/newsinfoco.com.br\/inicio\" title=\"In\u00edcio\">In\u00edcio<\/a>\n\t\t<\/span><span class=\"aioseo-breadcrumb-separator\">&raquo;<\/span><span class=\"aioseo-breadcrumb\">\n\t\t\t<a href=\"https:\/\/newsinfoco.com.br\/inicio\/category\/destaque\/\" title=\"Destaque\">Destaque<\/a>\n\t\t<\/span><span class=\"aioseo-breadcrumb-separator\">&raquo;<\/span><span class=\"aioseo-breadcrumb\">\n\t\t\tCrise no Transporte Coletivo: Rodovi\u00e1rios aprovam indicativo de greve e ATP cita falta de repasses da prefeitura de Alagoinhas\n\t\t<\/span><\/div>","aioseo_breadcrumb_json":[{"label":"In\u00edcio","link":"https:\/\/newsinfoco.com.br\/inicio"},{"label":"Destaque","link":"https:\/\/newsinfoco.com.br\/inicio\/category\/destaque\/"},{"label":"Crise no Transporte Coletivo: Rodovi\u00e1rios aprovam indicativo de greve e ATP cita falta de repasses da prefeitura de Alagoinhas","link":"https:\/\/newsinfoco.com.br\/inicio\/crise-no-transporte-coletivo-rodoviarios-aprovam-indicativo-de-greve-e-atp-cita-falta-de-repasses-da-prefeitura-de-alagoinhas\/"}],"_links":{"self":[{"href":"https:\/\/newsinfoco.com.br\/inicio\/wp-json\/wp\/v2\/posts\/51452","targetHints":{"allow":["GET"]}}],"collection":[{"href":"https:\/\/newsinfoco.com.br\/inicio\/wp-json\/wp\/v2\/posts"}],"about":[{"href":"https:\/\/newsinfoco.com.br\/inicio\/wp-json\/wp\/v2\/types\/post"}],"author":[{"embeddable":true,"href":"https:\/\/newsinfoco.com.br\/inicio\/wp-json\/wp\/v2\/users\/1"}],"replies":[{"embeddable":true,"href":"https:\/\/newsinfoco.com.br\/inicio\/wp-json\/wp\/v2\/comments?post=51452"}],"version-history":[{"count":3,"href":"https:\/\/newsinfoco.com.br\/inicio\/wp-json\/wp\/v2\/posts\/51452\/revisions"}],"predecessor-version":[{"id":51456,"href":"https:\/\/newsinfoco.com.br\/inicio\/wp-json\/wp\/v2\/posts\/51452\/revisions\/51456"}],"wp:featuredmedia":[{"embeddable":true,"href":"https:\/\/newsinfoco.com.br\/inicio\/wp-json\/wp\/v2\/media\/51453"}],"wp:attachment":[{"href":"https:\/\/newsinfoco.com.br\/inicio\/wp-json\/wp\/v2\/media?parent=51452"}],"wp:term":[{"taxonomy":"category","embeddable":true,"href":"https:\/\/newsinfoco.com.br\/inicio\/wp-json\/wp\/v2\/categories?post=51452"},{"taxonomy":"post_tag","embeddable":true,"href":"https:\/\/newsinfoco.com.br\/inicio\/wp-json\/wp\/v2\/tags?post=51452"}],"curies":[{"name":"wp","href":"https:\/\/api.w.org\/{rel}","templated":true}]}}