{"id":5152,"date":"2018-06-12T11:10:17","date_gmt":"2018-06-12T14:10:17","guid":{"rendered":"http:\/\/newsinfoco.com.br\/?p=5152"},"modified":"2018-06-12T11:10:17","modified_gmt":"2018-06-12T14:10:17","slug":"pf-faz-buscas-em-enderecos-da-deputada-cristiane-brasil","status":"publish","type":"post","link":"https:\/\/newsinfoco.com.br\/inicio\/pf-faz-buscas-em-enderecos-da-deputada-cristiane-brasil\/","title":{"rendered":"PF faz buscas em endere\u00e7os da deputada Cristiane Brasil"},"content":{"rendered":"<p class=\"texto\" style=\"text-align: justify;\"><span style=\"color: #000000;\">A Pol\u00edcia Federal (PF) cumpre mandados de busca e apreens\u00e3o, na manh\u00e3 desta ter\u00e7a-feira, na segunda fase da Opera\u00e7\u00e3o Esp\u00fario. Entre os locais que s\u00e3o alvos,\u00a0segundo apurou o Broadcast, est\u00e3o o gabinete, o apartamento funcional e um endere\u00e7o no Rio de Janeiro da deputada federal Cristiane Brasil (PTB-RJ).<\/span><\/p>\n<p class=\"texto\" style=\"text-align: justify;\"><span style=\"color: #000000;\">Os policiais cumprem tr\u00eas mandados de busca e apreens\u00e3o, expedidos pelo Supremo Tribunal Federal (STF), em Bras\u00edlia e Rio A opera\u00e7\u00e3o mira em suposta organiza\u00e7\u00e3o criminosa que investigada concess\u00e3o fraudulenta de registros sindicais junto ao Minist\u00e9rio do Trabalho.<\/span><\/p><div class=\"newsi-conteudo_19\" id=\"newsi-1727674824\"><a href=\"https:\/\/www.instagram.com\/prefeituraalagoinhas?igsh=YzgzdDJ1bWR3aWI4\" aria-label=\"SAVE_20251006_221555\"><img loading=\"lazy\" decoding=\"async\" src=\"https:\/\/newsinfoco.com.br\/inicio\/wp-content\/uploads\/2025\/10\/SAVE_20251006_221555-rotated.jpg\" alt=\"\"  srcset=\"https:\/\/newsinfoco.com.br\/inicio\/wp-content\/uploads\/2025\/10\/SAVE_20251006_221555-rotated.jpg 1140w, https:\/\/newsinfoco.com.br\/inicio\/wp-content\/uploads\/2025\/10\/SAVE_20251006_221555-300x52.jpg 300w, https:\/\/newsinfoco.com.br\/inicio\/wp-content\/uploads\/2025\/10\/SAVE_20251006_221555-1024x177.jpg 1024w, https:\/\/newsinfoco.com.br\/inicio\/wp-content\/uploads\/2025\/10\/SAVE_20251006_221555-768x133.jpg 768w, https:\/\/newsinfoco.com.br\/inicio\/wp-content\/uploads\/2025\/10\/SAVE_20251006_221555-600x104.jpg 600w, https:\/\/newsinfoco.com.br\/inicio\/wp-content\/uploads\/2025\/10\/SAVE_20251006_221555-696x120.jpg 696w, https:\/\/newsinfoco.com.br\/inicio\/wp-content\/uploads\/2025\/10\/SAVE_20251006_221555-1068x185.jpg 1068w\" sizes=\"(max-width: 1140px) 100vw, 1140px\" width=\"1140\" height=\"197\"   \/><\/a><\/div>\n<p class=\"texto\" style=\"text-align: justify;\"><span style=\"color: #000000;\">Cristiane \u00e9 filha do presidente do PTB Nacional, Roberto Jefferson, que tamb\u00e9m \u00e9 alvo da Registro Esp\u00fario. Piv\u00f4 do esc\u00e2ndalo do Mensal\u00e3o do PT, o ex-deputado pelo Rio de Janeiro tamb\u00e9m teve seus endere\u00e7os vasculhados pela PF na primeira fase da opera\u00e7\u00e3o.<\/span><\/p>\n<p class=\"texto\" style=\"text-align: justify;\"><span style=\"color: #000000;\">A deputada chegou a ser cotada para o cargo de ministra da pasta No entanto, diversas decis\u00f5es da Justi\u00e7a Federal e uma liminar da presidente do Supremo Tribunal Federal, C\u00e1rmen L\u00facia, suspenderam sua posse. O governo acabou desistindo de seu nome para o cargo.<\/span><\/p>\n<p class=\"texto\" style=\"text-align: justify;\"><span style=\"color: #000000;\">Al\u00e9m de Jefferson, foram alvo busca na primeira fase da Registro Esp\u00fario os gabinetes dos deputados Jovair Arantes (PTB), Paulinho da For\u00e7a (Solidariedade) e Wilson Filho (PTB). A sede da For\u00e7a Sindical tamb\u00e9m foi alvo da a\u00e7\u00e3o da PF. Todos s\u00e3o apontados como integrantes do n\u00facleo pol\u00edtico da suposta organiza\u00e7\u00e3o criminosa que atuava na pasta.<\/span><\/p>\n<p>&nbsp;<\/p>\n<h6 style=\"text-align: right;\">Fonte:Ig<\/h6>\n<div class='share-to-whatsapp-wrapper'><div class='share-on-whsp'>Share on: <\/div><a data-text='PF faz buscas em endere\u00e7os da deputada Cristiane Brasil' data-link='https:\/\/newsinfoco.com.br\/inicio\/pf-faz-buscas-em-enderecos-da-deputada-cristiane-brasil\/' class='whatsapp-button whatsapp-share'>WhatsApp<\/a><div class='clear '><\/div><\/div>","protected":false},"excerpt":{"rendered":"<p>A Pol\u00edcia Federal (PF) cumpre mandados de busca e apreens\u00e3o, na manh\u00e3 desta ter\u00e7a-feira, na segunda fase da Opera\u00e7\u00e3o Esp\u00fario. Entre os locais que s\u00e3o alvos,\u00a0segundo apurou o Broadcast, est\u00e3o o gabinete, o apartamento funcional e um endere\u00e7o no Rio de Janeiro da deputada federal Cristiane Brasil (PTB-RJ). Os policiais cumprem tr\u00eas mandados de busca [&hellip;]<\/p>\n","protected":false},"author":1,"featured_media":5153,"comment_status":"open","ping_status":"open","sticky":false,"template":"","format":"standard","meta":{"om_disable_all_campaigns":false,"_exactmetrics_skip_tracking":false,"_exactmetrics_sitenote_active":false,"_exactmetrics_sitenote_note":"","_exactmetrics_sitenote_category":0,"footnotes":""},"categories":[21],"tags":[],"class_list":["post-5152","post","type-post","status-publish","format-standard","has-post-thumbnail","hentry","category-brasil"],"aioseo_notices":[],"_links":{"self":[{"href":"https:\/\/newsinfoco.com.br\/inicio\/wp-json\/wp\/v2\/posts\/5152","targetHints":{"allow":["GET"]}}],"collection":[{"href":"https:\/\/newsinfoco.com.br\/inicio\/wp-json\/wp\/v2\/posts"}],"about":[{"href":"https:\/\/newsinfoco.com.br\/inicio\/wp-json\/wp\/v2\/types\/post"}],"author":[{"embeddable":true,"href":"https:\/\/newsinfoco.com.br\/inicio\/wp-json\/wp\/v2\/users\/1"}],"replies":[{"embeddable":true,"href":"https:\/\/newsinfoco.com.br\/inicio\/wp-json\/wp\/v2\/comments?post=5152"}],"version-history":[{"count":0,"href":"https:\/\/newsinfoco.com.br\/inicio\/wp-json\/wp\/v2\/posts\/5152\/revisions"}],"wp:featuredmedia":[{"embeddable":true,"href":"https:\/\/newsinfoco.com.br\/inicio\/wp-json\/wp\/v2\/media\/5153"}],"wp:attachment":[{"href":"https:\/\/newsinfoco.com.br\/inicio\/wp-json\/wp\/v2\/media?parent=5152"}],"wp:term":[{"taxonomy":"category","embeddable":true,"href":"https:\/\/newsinfoco.com.br\/inicio\/wp-json\/wp\/v2\/categories?post=5152"},{"taxonomy":"post_tag","embeddable":true,"href":"https:\/\/newsinfoco.com.br\/inicio\/wp-json\/wp\/v2\/tags?post=5152"}],"curies":[{"name":"wp","href":"https:\/\/api.w.org\/{rel}","templated":true}]}}