{"id":51772,"date":"2026-08-31T12:51:44","date_gmt":"2026-08-31T15:51:44","guid":{"rendered":"https:\/\/newsinfoco.com.br\/inicio\/?p=51772"},"modified":"2026-08-31T12:51:44","modified_gmt":"2026-08-31T15:51:44","slug":"gustavo-carmo-avanca-com-reforma-administrativa-e-confirma-mudancas-no-primeiro-escalao-apos-as-eleicoes","status":"publish","type":"post","link":"https:\/\/newsinfoco.com.br\/inicio\/gustavo-carmo-avanca-com-reforma-administrativa-e-confirma-mudancas-no-primeiro-escalao-apos-as-eleicoes\/","title":{"rendered":"Gustavo Carmo avan\u00e7a com reforma administrativa e confirma mudan\u00e7as no primeiro escal\u00e3o ap\u00f3s as elei\u00e7\u00f5es"},"content":{"rendered":"<p class=\"PDq2pG_selectionAnchorContainer\" data-start=\"512\" data-end=\"800\">O prefeito de Alagoinhas,<strong>\u00a0<\/strong>Gustavo Carmo (PSD), confirmou que far\u00e1 uma reforma administrativa no governo municipal ap\u00f3s as elei\u00e7\u00f5es de outubro. O an\u00fancio foi feito na manh\u00e3 desta segunda-feira (31), durante participa\u00e7\u00e3o ao vivo no programa\u00a0<em data-start=\"755\" data-end=\"769\">Primeira M\u00e3o<\/em>, da r\u00e1dio Ouro Negro FM 100.5.<\/p>\n<p data-start=\"802\" data-end=\"962\">Sem antecipar quais secretarias ou gestores ser\u00e3o atingidos, Gustavo deixou claro que as mudan\u00e7as alcan\u00e7ar\u00e3o o primeiro escal\u00e3o e dever\u00e3o ocorrer ainda em 2026.<\/p>\n<p data-start=\"966\" data-end=\"1206\">\u201cQualquer pe\u00e7a que precisa ser mudada na administra\u00e7\u00e3o, ela ser\u00e1 mudada. Faremos, sim, reforma administrativa depois das elei\u00e7\u00f5es. A gente vai fazer reforma administrativa, vai ter mudan\u00e7a no primeiro escal\u00e3o, a gente vai mexer na m\u00e1quina.\u201d<\/p>\n<p data-start=\"1208\" data-end=\"1388\">A declara\u00e7\u00e3o abre uma nova etapa dentro do governo municipal justamente em um per\u00edodo no qual algumas \u00e1reas da administra\u00e7\u00e3o enfrentaram problemas, cobran\u00e7as e desgastes pol\u00edticos.<\/p>\n<p data-start=\"1390\" data-end=\"1514\">Gustavo refor\u00e7ou que nenhum integrante da estrutura administrativa deve considerar sua perman\u00eancia no cargo como definitiva.<\/p>\n<p data-start=\"1518\" data-end=\"1626\">\u201cNingu\u00e9m que est\u00e1 na cadeira de secret\u00e1rio ou de secret\u00e1ria, numa diretoria, numa coordenadoria \u00e9 absoluto.\u201d<\/p>\n<p><strong>Mudan\u00e7as ainda em 2026<\/strong><\/p>\n<p data-start=\"1656\" data-end=\"1863\">Apesar de confirmar a reforma, o prefeito n\u00e3o estabeleceu uma data para anunciar a nova composi\u00e7\u00e3o do governo. Segundo ele, as altera\u00e7\u00f5es dever\u00e3o acontecer depois das elei\u00e7\u00f5es e antes do encerramento do ano.<\/p>\n<p data-start=\"1867\" data-end=\"2089\">\u201cA gente vai mexer no primeiro escal\u00e3o logo depois das elei\u00e7\u00f5es. Outubro, novembro, dezembro, n\u00e3o sei, mas ainda esse ano a gente vai dar uma reorganizada do ponto de vista das fileiras dos primeiros quadros do munic\u00edpio.\u201d<\/p>\n<p data-start=\"2091\" data-end=\"2197\">A fala tende a aumentar as expectativas dentro do pr\u00f3prio governo sobre quais \u00e1reas passar\u00e3o por mudan\u00e7as.<\/p>\n<p data-start=\"2199\" data-end=\"2396\">Gustavo, entretanto, n\u00e3o citou nomes, n\u00e3o apontou secretarias espec\u00edficas e tampouco relacionou as futuras substitui\u00e7\u00f5es aos problemas enfrentados pela administra\u00e7\u00e3o ao longo dos \u00faltimos meses.<\/p>\n<p><strong>SAAE e transporte estiveram no centro de desgastes<\/strong><\/p>\n<p data-start=\"2454\" data-end=\"2615\">O an\u00fancio acontece ap\u00f3s um per\u00edodo em que duas \u00e1reas importantes da administra\u00e7\u00e3o municipal estiveram no centro de cobran\u00e7as e epis\u00f3dios de repercuss\u00e3o pol\u00edtica.<\/p>\n<p data-start=\"2617\" data-end=\"2893\">Um dos principais focos foi o Servi\u00e7o Aut\u00f4nomo de \u00c1gua e Esgoto (SAAE). A autarquia municipal passou a ocupar espa\u00e7o recorrente no debate pol\u00edtico da cidade, inclusive na C\u00e2mara de Vereadores, em meio a cr\u00edticas e cobran\u00e7as relacionadas aos servi\u00e7os prestados \u00e0 popula\u00e7\u00e3o.<\/p>\n<p data-start=\"2895\" data-end=\"3134\">Outro setor que enfrentou um momento delicado foi o transporte p\u00fablico. A situa\u00e7\u00e3o ganhou novos contornos nos \u00faltimos dias ap\u00f3s os trabalhadores do sistema anunciarem uma greve que estava prevista para come\u00e7ar nesta segunda-feira (31).<\/p>\n<p data-start=\"3136\" data-end=\"3499\">A paralisa\u00e7\u00e3o foi suspensa ap\u00f3s uma reuni\u00e3o realizada na sexta-feira (28), envolvendo representantes do sindicato dos rodovi\u00e1rios, Prefeitura, vereadores e dire\u00e7\u00e3o da ATP. Entre os entendimentos alcan\u00e7ados est\u00e1 o pagamento do adiantamento salarial, al\u00e9m de benef\u00edcios negociados com os trabalhadores, que dever\u00e3o ser apresentados em uma nova reuni\u00e3o da categoria.<\/p>\n<p data-start=\"3501\" data-end=\"3810\">Apesar do desgaste envolvendo essas duas \u00e1reas, Gustavo n\u00e3o afirmou que o SAAE ou o setor respons\u00e1vel pelo transporte p\u00fablico ser\u00e3o atingidos pela reforma administrativa. At\u00e9 o momento, qualquer associa\u00e7\u00e3o entre esses epis\u00f3dios e futuras mudan\u00e7as no primeiro escal\u00e3o permanece no campo das possibilidades.<\/p>\n<p><strong>Sa\u00fade, educa\u00e7\u00e3o e obras<\/strong><\/p>\n<p data-start=\"4567\" data-end=\"4841\">Durante sua participa\u00e7\u00e3o no programa, o prefeito destacou a amplia\u00e7\u00e3o do Ambulat\u00f3rio de Sa\u00fade Mental, que ganhou cinco novos consult\u00f3rios, e citou outras iniciativas recentes, como o Centro de Refer\u00eancia da Mulher, o programa Sa\u00fade Mais Perto de Voc\u00ea e o Consult\u00f3rio na Rua.<\/p>\n<p data-start=\"4843\" data-end=\"5127\">Gustavo tamb\u00e9m anunciou para esta ter\u00e7a-feira (1\u00ba) o lan\u00e7amento de um programa de atendimento oftalmol\u00f3gico voltado aos estudantes das redes municipal e estadual. De acordo com o prefeito, al\u00e9m dos exames, alunos da rede municipal que necessitarem de corre\u00e7\u00e3o visual receber\u00e3o \u00f3culos.<\/p>\n<p data-start=\"5129\" data-end=\"5258\">O gestor citou ainda obras em andamento nas \u00e1reas de sa\u00fade, educa\u00e7\u00e3o e infraestrutura e a interven\u00e7\u00e3o no Centro de Abastecimento.<\/p>\n<p><strong>Expans\u00e3o industrial entre as prioridades<\/strong><\/p>\n<p data-start=\"5306\" data-end=\"5389\">Outro eixo defendido pelo prefeito foi a expans\u00e3o do polo industrial de Alagoinhas.<\/p>\n<p data-start=\"5391\" data-end=\"5667\">Gustavo mencionou \u00e1reas pr\u00f3ximas \u00e0 BR-101 e articula\u00e7\u00f5es envolvendo fornecimento de g\u00e1s natural e energia, al\u00e9m de tratativas para atra\u00e7\u00e3o de empresas de diferentes segmentos. Segundo ele, a inten\u00e7\u00e3o \u00e9 ampliar a gera\u00e7\u00e3o de emprego e renda e fortalecer a economia do munic\u00edpio.<\/p>\n<p data-start=\"5669\" data-end=\"5798\">Ao final da entrevista, entretanto, foi a mensagem direcionada \u00e0 pr\u00f3pria estrutura administrativa que ganhou maior peso pol\u00edtico.<\/p>\n<p data-start=\"5802\" data-end=\"5874\">\u201cA l\u00f3gica da Prefeitura \u00e9 governar para fazer entrega para a popula\u00e7\u00e3o.\u201d, disse o gestor.<\/p>\n<p data-start=\"5802\" data-end=\"5874\">Fonte: Alagonews<\/p>\n<div class='share-to-whatsapp-wrapper'><div class='share-on-whsp'>Share on: <\/div><a data-text='Gustavo Carmo avan\u00e7a com reforma administrativa e confirma mudan\u00e7as no primeiro escal\u00e3o ap\u00f3s as elei\u00e7\u00f5es' data-link='https:\/\/newsinfoco.com.br\/inicio\/gustavo-carmo-avanca-com-reforma-administrativa-e-confirma-mudancas-no-primeiro-escalao-apos-as-eleicoes\/' class='whatsapp-button whatsapp-share'>WhatsApp<\/a><div class='clear '><\/div><\/div>","protected":false},"excerpt":{"rendered":"<p>O prefeito de Alagoinhas,\u00a0Gustavo Carmo (PSD), confirmou que far\u00e1 uma reforma administrativa no governo municipal ap\u00f3s as elei\u00e7\u00f5es de outubro. O an\u00fancio foi feito na manh\u00e3 desta segunda-feira (31), durante participa\u00e7\u00e3o ao vivo no programa\u00a0Primeira M\u00e3o, da r\u00e1dio Ouro Negro FM 100.5. Sem antecipar quais secretarias ou gestores ser\u00e3o atingidos, Gustavo deixou claro que as [&hellip;]<\/p>\n","protected":false},"author":1,"featured_media":51773,"comment_status":"closed","ping_status":"closed","sticky":false,"template":"","format":"standard","meta":{"om_disable_all_campaigns":false,"rop_custom_images_group":[],"rop_custom_messages_group":[],"rop_publish_now":"initial","rop_publish_now_accounts":[],"rop_publish_now_history":[],"rop_publish_now_status":"pending","_exactmetrics_skip_tracking":false,"footnotes":""},"categories":[38,30,167],"tags":[],"class_list":["post-51772","post","type-post","status-publish","format-standard","has-post-thumbnail","hentry","category-alagoinhas-e-regiao","category-destaque","category-exclusivas"],"aioseo_notices":[],"aioseo_head":"\n\t\t<!-- All in One SEO 4.9.10 - aioseo.com -->\n\t<meta name=\"description\" content=\"O prefeito de Alagoinhas, Gustavo Carmo (PSD), confirmou que far\u00e1 uma reforma administrativa no governo municipal ap\u00f3s as elei\u00e7\u00f5es de outubro. O an\u00fancio foi feito na manh\u00e3 desta segunda-feira (31), durante participa\u00e7\u00e3o ao vivo no programa Primeira M\u00e3o, da r\u00e1dio Ouro Negro FM 100.5. Sem antecipar quais secretarias ou gestores ser\u00e3o atingidos, Gustavo deixou claro que as\" \/>\n\t<meta name=\"robots\" content=\"max-image-preview:large\" \/>\n\t<meta name=\"author\" content=\"administrador\"\/>\n\t<link rel=\"canonical\" href=\"https:\/\/newsinfoco.com.br\/inicio\/gustavo-carmo-avanca-com-reforma-administrativa-e-confirma-mudancas-no-primeiro-escalao-apos-as-eleicoes\/\" \/>\n\t<meta name=\"generator\" content=\"All in One SEO (AIOSEO) 4.9.10\" \/>\n\t\t<meta property=\"og:locale\" content=\"pt_BR\" \/>\n\t\t<meta property=\"og:site_name\" content=\"News In Foco - Editado por Caio Pimenta - O principal site de noticias de Alagoinhas e regi\u00e3o\" \/>\n\t\t<meta property=\"og:type\" content=\"article\" \/>\n\t\t<meta property=\"og:title\" content=\"Gustavo Carmo avan\u00e7a com reforma administrativa e confirma mudan\u00e7as no primeiro escal\u00e3o ap\u00f3s as elei\u00e7\u00f5es - News In Foco - Editado por Caio Pimenta\" \/>\n\t\t<meta property=\"og:description\" content=\"O prefeito de Alagoinhas, Gustavo Carmo (PSD), confirmou que far\u00e1 uma reforma administrativa no governo municipal ap\u00f3s as elei\u00e7\u00f5es de outubro. O an\u00fancio foi feito na manh\u00e3 desta segunda-feira (31), durante participa\u00e7\u00e3o ao vivo no programa Primeira M\u00e3o, da r\u00e1dio Ouro Negro FM 100.5. Sem antecipar quais secretarias ou gestores ser\u00e3o atingidos, Gustavo deixou claro que as\" \/>\n\t\t<meta property=\"og:url\" content=\"https:\/\/newsinfoco.com.br\/inicio\/gustavo-carmo-avanca-com-reforma-administrativa-e-confirma-mudancas-no-primeiro-escalao-apos-as-eleicoes\/\" \/>\n\t\t<meta property=\"article:published_time\" content=\"2026-08-31T15:51:44+00:00\" \/>\n\t\t<meta property=\"article:modified_time\" content=\"2026-08-31T15:51:44+00:00\" \/>\n\t\t<meta name=\"twitter:card\" content=\"summary_large_image\" \/>\n\t\t<meta name=\"twitter:title\" content=\"Gustavo Carmo avan\u00e7a com reforma administrativa e confirma mudan\u00e7as no primeiro escal\u00e3o ap\u00f3s as elei\u00e7\u00f5es - News In Foco - Editado por Caio Pimenta\" \/>\n\t\t<meta name=\"twitter:description\" content=\"O prefeito de Alagoinhas, Gustavo Carmo (PSD), confirmou que far\u00e1 uma reforma administrativa no governo municipal ap\u00f3s as elei\u00e7\u00f5es de outubro. O an\u00fancio foi feito na manh\u00e3 desta segunda-feira (31), durante participa\u00e7\u00e3o ao vivo no programa Primeira M\u00e3o, da r\u00e1dio Ouro Negro FM 100.5. Sem antecipar quais secretarias ou gestores ser\u00e3o atingidos, Gustavo deixou claro que as\" \/>\n\t\t<script type=\"application\/ld+json\" class=\"aioseo-schema\">\n\t\t\t{\"@context\":\"https:\\\/\\\/schema.org\",\"@graph\":[{\"@type\":\"BlogPosting\",\"@id\":\"https:\\\/\\\/newsinfoco.com.br\\\/inicio\\\/gustavo-carmo-avanca-com-reforma-administrativa-e-confirma-mudancas-no-primeiro-escalao-apos-as-eleicoes\\\/#blogposting\",\"name\":\"Gustavo Carmo avan\\u00e7a com reforma administrativa e confirma mudan\\u00e7as no primeiro escal\\u00e3o ap\\u00f3s as elei\\u00e7\\u00f5es - News In Foco - Editado por Caio Pimenta\",\"headline\":\"Gustavo Carmo avan\\u00e7a com reforma administrativa e confirma mudan\\u00e7as no primeiro escal\\u00e3o ap\\u00f3s as elei\\u00e7\\u00f5es\",\"author\":{\"@id\":\"https:\\\/\\\/newsinfoco.com.br\\\/inicio\\\/author\\\/administrador\\\/#author\"},\"publisher\":{\"@id\":\"https:\\\/\\\/newsinfoco.com.br\\\/inicio\\\/#organization\"},\"image\":{\"@type\":\"ImageObject\",\"url\":\"https:\\\/\\\/newsinfoco.com.br\\\/inicio\\\/wp-content\\\/uploads\\\/2026\\\/08\\\/6a721a9e7a3943f4b372551790925808.webp\",\"width\":363,\"height\":503},\"datePublished\":\"2026-08-31T12:51:44-03:00\",\"dateModified\":\"2026-08-31T12:51:44-03:00\",\"inLanguage\":\"pt-BR\",\"mainEntityOfPage\":{\"@id\":\"https:\\\/\\\/newsinfoco.com.br\\\/inicio\\\/gustavo-carmo-avanca-com-reforma-administrativa-e-confirma-mudancas-no-primeiro-escalao-apos-as-eleicoes\\\/#webpage\"},\"isPartOf\":{\"@id\":\"https:\\\/\\\/newsinfoco.com.br\\\/inicio\\\/gustavo-carmo-avanca-com-reforma-administrativa-e-confirma-mudancas-no-primeiro-escalao-apos-as-eleicoes\\\/#webpage\"},\"articleSection\":\"Alagoinhas e Regi\\u00e3o, Destaque, Manchete\"},{\"@type\":\"BreadcrumbList\",\"@id\":\"https:\\\/\\\/newsinfoco.com.br\\\/inicio\\\/gustavo-carmo-avanca-com-reforma-administrativa-e-confirma-mudancas-no-primeiro-escalao-apos-as-eleicoes\\\/#breadcrumblist\",\"itemListElement\":[{\"@type\":\"ListItem\",\"@id\":\"https:\\\/\\\/newsinfoco.com.br\\\/inicio#listItem\",\"position\":1,\"name\":\"In\\u00edcio\",\"item\":\"https:\\\/\\\/newsinfoco.com.br\\\/inicio\",\"nextItem\":{\"@type\":\"ListItem\",\"@id\":\"https:\\\/\\\/newsinfoco.com.br\\\/inicio\\\/category\\\/destaque\\\/#listItem\",\"name\":\"Destaque\"}},{\"@type\":\"ListItem\",\"@id\":\"https:\\\/\\\/newsinfoco.com.br\\\/inicio\\\/category\\\/destaque\\\/#listItem\",\"position\":2,\"name\":\"Destaque\",\"item\":\"https:\\\/\\\/newsinfoco.com.br\\\/inicio\\\/category\\\/destaque\\\/\",\"nextItem\":{\"@type\":\"ListItem\",\"@id\":\"https:\\\/\\\/newsinfoco.com.br\\\/inicio\\\/gustavo-carmo-avanca-com-reforma-administrativa-e-confirma-mudancas-no-primeiro-escalao-apos-as-eleicoes\\\/#listItem\",\"name\":\"Gustavo Carmo avan\\u00e7a com reforma administrativa e confirma mudan\\u00e7as no primeiro escal\\u00e3o ap\\u00f3s as elei\\u00e7\\u00f5es\"},\"previousItem\":{\"@type\":\"ListItem\",\"@id\":\"https:\\\/\\\/newsinfoco.com.br\\\/inicio#listItem\",\"name\":\"In\\u00edcio\"}},{\"@type\":\"ListItem\",\"@id\":\"https:\\\/\\\/newsinfoco.com.br\\\/inicio\\\/gustavo-carmo-avanca-com-reforma-administrativa-e-confirma-mudancas-no-primeiro-escalao-apos-as-eleicoes\\\/#listItem\",\"position\":3,\"name\":\"Gustavo Carmo avan\\u00e7a com reforma administrativa e confirma mudan\\u00e7as no primeiro escal\\u00e3o ap\\u00f3s as elei\\u00e7\\u00f5es\",\"previousItem\":{\"@type\":\"ListItem\",\"@id\":\"https:\\\/\\\/newsinfoco.com.br\\\/inicio\\\/category\\\/destaque\\\/#listItem\",\"name\":\"Destaque\"}}]},{\"@type\":\"Organization\",\"@id\":\"https:\\\/\\\/newsinfoco.com.br\\\/inicio\\\/#organization\",\"name\":\"News In Foco - Editado por Caio Pimenta\",\"description\":\"O principal site de noticias de Alagoinhas e regi\\u00e3o\",\"url\":\"https:\\\/\\\/newsinfoco.com.br\\\/inicio\\\/\"},{\"@type\":\"Person\",\"@id\":\"https:\\\/\\\/newsinfoco.com.br\\\/inicio\\\/author\\\/administrador\\\/#author\",\"url\":\"https:\\\/\\\/newsinfoco.com.br\\\/inicio\\\/author\\\/administrador\\\/\",\"name\":\"administrador\",\"image\":{\"@type\":\"ImageObject\",\"@id\":\"https:\\\/\\\/newsinfoco.com.br\\\/inicio\\\/gustavo-carmo-avanca-com-reforma-administrativa-e-confirma-mudancas-no-primeiro-escalao-apos-as-eleicoes\\\/#authorImage\",\"url\":\"https:\\\/\\\/secure.gravatar.com\\\/avatar\\\/c17a617433de8c1dc9584bb79aab7563b46f5bb7e1728c9b17d9cc3ce6a08e49?s=96&d=mm&r=g\",\"width\":96,\"height\":96,\"caption\":\"administrador\"}},{\"@type\":\"WebPage\",\"@id\":\"https:\\\/\\\/newsinfoco.com.br\\\/inicio\\\/gustavo-carmo-avanca-com-reforma-administrativa-e-confirma-mudancas-no-primeiro-escalao-apos-as-eleicoes\\\/#webpage\",\"url\":\"https:\\\/\\\/newsinfoco.com.br\\\/inicio\\\/gustavo-carmo-avanca-com-reforma-administrativa-e-confirma-mudancas-no-primeiro-escalao-apos-as-eleicoes\\\/\",\"name\":\"Gustavo Carmo avan\\u00e7a com reforma administrativa e confirma mudan\\u00e7as no primeiro escal\\u00e3o ap\\u00f3s as elei\\u00e7\\u00f5es - News In Foco - Editado por Caio Pimenta\",\"description\":\"O prefeito de Alagoinhas, Gustavo Carmo (PSD), confirmou que far\\u00e1 uma reforma administrativa no governo municipal ap\\u00f3s as elei\\u00e7\\u00f5es de outubro. O an\\u00fancio foi feito na manh\\u00e3 desta segunda-feira (31), durante participa\\u00e7\\u00e3o ao vivo no programa Primeira M\\u00e3o, da r\\u00e1dio Ouro Negro FM 100.5. Sem antecipar quais secretarias ou gestores ser\\u00e3o atingidos, Gustavo deixou claro que as\",\"inLanguage\":\"pt-BR\",\"isPartOf\":{\"@id\":\"https:\\\/\\\/newsinfoco.com.br\\\/inicio\\\/#website\"},\"breadcrumb\":{\"@id\":\"https:\\\/\\\/newsinfoco.com.br\\\/inicio\\\/gustavo-carmo-avanca-com-reforma-administrativa-e-confirma-mudancas-no-primeiro-escalao-apos-as-eleicoes\\\/#breadcrumblist\"},\"author\":{\"@id\":\"https:\\\/\\\/newsinfoco.com.br\\\/inicio\\\/author\\\/administrador\\\/#author\"},\"creator\":{\"@id\":\"https:\\\/\\\/newsinfoco.com.br\\\/inicio\\\/author\\\/administrador\\\/#author\"},\"image\":{\"@type\":\"ImageObject\",\"url\":\"https:\\\/\\\/newsinfoco.com.br\\\/inicio\\\/wp-content\\\/uploads\\\/2026\\\/08\\\/6a721a9e7a3943f4b372551790925808.webp\",\"@id\":\"https:\\\/\\\/newsinfoco.com.br\\\/inicio\\\/gustavo-carmo-avanca-com-reforma-administrativa-e-confirma-mudancas-no-primeiro-escalao-apos-as-eleicoes\\\/#mainImage\",\"width\":363,\"height\":503},\"primaryImageOfPage\":{\"@id\":\"https:\\\/\\\/newsinfoco.com.br\\\/inicio\\\/gustavo-carmo-avanca-com-reforma-administrativa-e-confirma-mudancas-no-primeiro-escalao-apos-as-eleicoes\\\/#mainImage\"},\"datePublished\":\"2026-08-31T12:51:44-03:00\",\"dateModified\":\"2026-08-31T12:51:44-03:00\"},{\"@type\":\"WebSite\",\"@id\":\"https:\\\/\\\/newsinfoco.com.br\\\/inicio\\\/#website\",\"url\":\"https:\\\/\\\/newsinfoco.com.br\\\/inicio\\\/\",\"name\":\"News In Foco - Editado por Caio Pimenta\",\"description\":\"O principal site de noticias de Alagoinhas e regi\\u00e3o\",\"inLanguage\":\"pt-BR\",\"publisher\":{\"@id\":\"https:\\\/\\\/newsinfoco.com.br\\\/inicio\\\/#organization\"}}]}\n\t\t<\/script>\n\t\t<!-- All in One SEO -->\n\n","aioseo_head_json":{"title":"Gustavo Carmo avan\u00e7a com reforma administrativa e confirma mudan\u00e7as no primeiro escal\u00e3o ap\u00f3s as elei\u00e7\u00f5es - News In Foco - Editado por Caio Pimenta","description":"O prefeito de Alagoinhas, Gustavo Carmo (PSD), confirmou que far\u00e1 uma reforma administrativa no governo municipal ap\u00f3s as elei\u00e7\u00f5es de outubro. O an\u00fancio foi feito na manh\u00e3 desta segunda-feira (31), durante participa\u00e7\u00e3o ao vivo no programa Primeira M\u00e3o, da r\u00e1dio Ouro Negro FM 100.5. Sem antecipar quais secretarias ou gestores ser\u00e3o atingidos, Gustavo deixou claro que as","canonical_url":"https:\/\/newsinfoco.com.br\/inicio\/gustavo-carmo-avanca-com-reforma-administrativa-e-confirma-mudancas-no-primeiro-escalao-apos-as-eleicoes\/","robots":"max-image-preview:large","keywords":"","webmasterTools":{"miscellaneous":""},"schema":{"@context":"https:\/\/schema.org","@graph":[{"@type":"BlogPosting","@id":"https:\/\/newsinfoco.com.br\/inicio\/gustavo-carmo-avanca-com-reforma-administrativa-e-confirma-mudancas-no-primeiro-escalao-apos-as-eleicoes\/#blogposting","name":"Gustavo Carmo avan\u00e7a com reforma administrativa e confirma mudan\u00e7as no primeiro escal\u00e3o ap\u00f3s as elei\u00e7\u00f5es - News In Foco - Editado por Caio Pimenta","headline":"Gustavo Carmo avan\u00e7a com reforma administrativa e confirma mudan\u00e7as no primeiro escal\u00e3o ap\u00f3s as elei\u00e7\u00f5es","author":{"@id":"https:\/\/newsinfoco.com.br\/inicio\/author\/administrador\/#author"},"publisher":{"@id":"https:\/\/newsinfoco.com.br\/inicio\/#organization"},"image":{"@type":"ImageObject","url":"https:\/\/newsinfoco.com.br\/inicio\/wp-content\/uploads\/2026\/08\/6a721a9e7a3943f4b372551790925808.webp","width":363,"height":503},"datePublished":"2026-08-31T12:51:44-03:00","dateModified":"2026-08-31T12:51:44-03:00","inLanguage":"pt-BR","mainEntityOfPage":{"@id":"https:\/\/newsinfoco.com.br\/inicio\/gustavo-carmo-avanca-com-reforma-administrativa-e-confirma-mudancas-no-primeiro-escalao-apos-as-eleicoes\/#webpage"},"isPartOf":{"@id":"https:\/\/newsinfoco.com.br\/inicio\/gustavo-carmo-avanca-com-reforma-administrativa-e-confirma-mudancas-no-primeiro-escalao-apos-as-eleicoes\/#webpage"},"articleSection":"Alagoinhas e Regi\u00e3o, Destaque, Manchete"},{"@type":"BreadcrumbList","@id":"https:\/\/newsinfoco.com.br\/inicio\/gustavo-carmo-avanca-com-reforma-administrativa-e-confirma-mudancas-no-primeiro-escalao-apos-as-eleicoes\/#breadcrumblist","itemListElement":[{"@type":"ListItem","@id":"https:\/\/newsinfoco.com.br\/inicio#listItem","position":1,"name":"In\u00edcio","item":"https:\/\/newsinfoco.com.br\/inicio","nextItem":{"@type":"ListItem","@id":"https:\/\/newsinfoco.com.br\/inicio\/category\/destaque\/#listItem","name":"Destaque"}},{"@type":"ListItem","@id":"https:\/\/newsinfoco.com.br\/inicio\/category\/destaque\/#listItem","position":2,"name":"Destaque","item":"https:\/\/newsinfoco.com.br\/inicio\/category\/destaque\/","nextItem":{"@type":"ListItem","@id":"https:\/\/newsinfoco.com.br\/inicio\/gustavo-carmo-avanca-com-reforma-administrativa-e-confirma-mudancas-no-primeiro-escalao-apos-as-eleicoes\/#listItem","name":"Gustavo Carmo avan\u00e7a com reforma administrativa e confirma mudan\u00e7as no primeiro escal\u00e3o ap\u00f3s as elei\u00e7\u00f5es"},"previousItem":{"@type":"ListItem","@id":"https:\/\/newsinfoco.com.br\/inicio#listItem","name":"In\u00edcio"}},{"@type":"ListItem","@id":"https:\/\/newsinfoco.com.br\/inicio\/gustavo-carmo-avanca-com-reforma-administrativa-e-confirma-mudancas-no-primeiro-escalao-apos-as-eleicoes\/#listItem","position":3,"name":"Gustavo Carmo avan\u00e7a com reforma administrativa e confirma mudan\u00e7as no primeiro escal\u00e3o ap\u00f3s as elei\u00e7\u00f5es","previousItem":{"@type":"ListItem","@id":"https:\/\/newsinfoco.com.br\/inicio\/category\/destaque\/#listItem","name":"Destaque"}}]},{"@type":"Organization","@id":"https:\/\/newsinfoco.com.br\/inicio\/#organization","name":"News In Foco - Editado por Caio Pimenta","description":"O principal site de noticias de Alagoinhas e regi\u00e3o","url":"https:\/\/newsinfoco.com.br\/inicio\/"},{"@type":"Person","@id":"https:\/\/newsinfoco.com.br\/inicio\/author\/administrador\/#author","url":"https:\/\/newsinfoco.com.br\/inicio\/author\/administrador\/","name":"administrador","image":{"@type":"ImageObject","@id":"https:\/\/newsinfoco.com.br\/inicio\/gustavo-carmo-avanca-com-reforma-administrativa-e-confirma-mudancas-no-primeiro-escalao-apos-as-eleicoes\/#authorImage","url":"https:\/\/secure.gravatar.com\/avatar\/c17a617433de8c1dc9584bb79aab7563b46f5bb7e1728c9b17d9cc3ce6a08e49?s=96&d=mm&r=g","width":96,"height":96,"caption":"administrador"}},{"@type":"WebPage","@id":"https:\/\/newsinfoco.com.br\/inicio\/gustavo-carmo-avanca-com-reforma-administrativa-e-confirma-mudancas-no-primeiro-escalao-apos-as-eleicoes\/#webpage","url":"https:\/\/newsinfoco.com.br\/inicio\/gustavo-carmo-avanca-com-reforma-administrativa-e-confirma-mudancas-no-primeiro-escalao-apos-as-eleicoes\/","name":"Gustavo Carmo avan\u00e7a com reforma administrativa e confirma mudan\u00e7as no primeiro escal\u00e3o ap\u00f3s as elei\u00e7\u00f5es - News In Foco - Editado por Caio Pimenta","description":"O prefeito de Alagoinhas, Gustavo Carmo (PSD), confirmou que far\u00e1 uma reforma administrativa no governo municipal ap\u00f3s as elei\u00e7\u00f5es de outubro. O an\u00fancio foi feito na manh\u00e3 desta segunda-feira (31), durante participa\u00e7\u00e3o ao vivo no programa Primeira M\u00e3o, da r\u00e1dio Ouro Negro FM 100.5. Sem antecipar quais secretarias ou gestores ser\u00e3o atingidos, Gustavo deixou claro que as","inLanguage":"pt-BR","isPartOf":{"@id":"https:\/\/newsinfoco.com.br\/inicio\/#website"},"breadcrumb":{"@id":"https:\/\/newsinfoco.com.br\/inicio\/gustavo-carmo-avanca-com-reforma-administrativa-e-confirma-mudancas-no-primeiro-escalao-apos-as-eleicoes\/#breadcrumblist"},"author":{"@id":"https:\/\/newsinfoco.com.br\/inicio\/author\/administrador\/#author"},"creator":{"@id":"https:\/\/newsinfoco.com.br\/inicio\/author\/administrador\/#author"},"image":{"@type":"ImageObject","url":"https:\/\/newsinfoco.com.br\/inicio\/wp-content\/uploads\/2026\/08\/6a721a9e7a3943f4b372551790925808.webp","@id":"https:\/\/newsinfoco.com.br\/inicio\/gustavo-carmo-avanca-com-reforma-administrativa-e-confirma-mudancas-no-primeiro-escalao-apos-as-eleicoes\/#mainImage","width":363,"height":503},"primaryImageOfPage":{"@id":"https:\/\/newsinfoco.com.br\/inicio\/gustavo-carmo-avanca-com-reforma-administrativa-e-confirma-mudancas-no-primeiro-escalao-apos-as-eleicoes\/#mainImage"},"datePublished":"2026-08-31T12:51:44-03:00","dateModified":"2026-08-31T12:51:44-03:00"},{"@type":"WebSite","@id":"https:\/\/newsinfoco.com.br\/inicio\/#website","url":"https:\/\/newsinfoco.com.br\/inicio\/","name":"News In Foco - Editado por Caio Pimenta","description":"O principal site de noticias de Alagoinhas e regi\u00e3o","inLanguage":"pt-BR","publisher":{"@id":"https:\/\/newsinfoco.com.br\/inicio\/#organization"}}]},"og:locale":"pt_BR","og:site_name":"News In Foco - Editado por Caio Pimenta - O principal site de noticias de Alagoinhas e regi\u00e3o","og:type":"article","og:title":"Gustavo Carmo avan\u00e7a com reforma administrativa e confirma mudan\u00e7as no primeiro escal\u00e3o ap\u00f3s as elei\u00e7\u00f5es - News In Foco - Editado por Caio Pimenta","og:description":"O prefeito de Alagoinhas, Gustavo Carmo (PSD), confirmou que far\u00e1 uma reforma administrativa no governo municipal ap\u00f3s as elei\u00e7\u00f5es de outubro. O an\u00fancio foi feito na manh\u00e3 desta segunda-feira (31), durante participa\u00e7\u00e3o ao vivo no programa Primeira M\u00e3o, da r\u00e1dio Ouro Negro FM 100.5. Sem antecipar quais secretarias ou gestores ser\u00e3o atingidos, Gustavo deixou claro que as","og:url":"https:\/\/newsinfoco.com.br\/inicio\/gustavo-carmo-avanca-com-reforma-administrativa-e-confirma-mudancas-no-primeiro-escalao-apos-as-eleicoes\/","article:published_time":"2026-08-31T15:51:44+00:00","article:modified_time":"2026-08-31T15:51:44+00:00","twitter:card":"summary_large_image","twitter:title":"Gustavo Carmo avan\u00e7a com reforma administrativa e confirma mudan\u00e7as no primeiro escal\u00e3o ap\u00f3s as elei\u00e7\u00f5es - News In Foco - Editado por Caio Pimenta","twitter:description":"O prefeito de Alagoinhas, Gustavo Carmo (PSD), confirmou que far\u00e1 uma reforma administrativa no governo municipal ap\u00f3s as elei\u00e7\u00f5es de outubro. O an\u00fancio foi feito na manh\u00e3 desta segunda-feira (31), durante participa\u00e7\u00e3o ao vivo no programa Primeira M\u00e3o, da r\u00e1dio Ouro Negro FM 100.5. Sem antecipar quais secretarias ou gestores ser\u00e3o atingidos, Gustavo deixou claro que as"},"aioseo_meta_data":{"post_id":"51772","title":null,"description":null,"keywords":null,"keyphrases":{"focus":{"keyphrase":"","score":0,"analysis":{"keyphraseInTitle":{"score":0,"maxScore":9,"error":1}}},"additional":[]},"primary_term":null,"canonical_url":null,"og_title":null,"og_description":null,"og_object_type":"default","og_image_type":"default","og_image_url":null,"og_image_width":null,"og_image_height":null,"og_image_custom_url":null,"og_image_custom_fields":null,"og_video":"","og_custom_url":null,"og_article_section":null,"og_article_tags":null,"twitter_use_og":false,"twitter_card":"default","twitter_image_type":"default","twitter_image_url":null,"twitter_image_custom_url":null,"twitter_image_custom_fields":null,"twitter_title":null,"twitter_description":null,"schema":{"blockGraphs":[],"customGraphs":[],"default":{"data":{"Article":[],"Course":[],"Dataset":[],"FAQPage":[],"Movie":[],"Person":[],"Product":[],"ProductReview":[],"Car":[],"Recipe":[],"Service":[],"SoftwareApplication":[],"WebPage":[]},"graphName":"BlogPosting","isEnabled":true},"graphs":[]},"schema_type":"default","schema_type_options":null,"pillar_content":false,"robots_default":true,"robots_noindex":false,"robots_noarchive":false,"robots_nosnippet":false,"robots_nofollow":false,"robots_noimageindex":false,"robots_noodp":false,"robots_notranslate":false,"robots_max_snippet":"-1","robots_max_videopreview":"-1","robots_max_imagepreview":"large","priority":null,"frequency":"default","local_seo":null,"breadcrumb_settings":null,"limit_modified_date":false,"ai":{"faqs":[],"keyPoints":[],"schemas":[],"titles":[],"descriptions":[],"socialPosts":{"email":{"subject":"","preview":"","content":""},"linkedin":[],"twitter":[],"facebook":[],"instagram":[]}},"created":"2026-08-31 15:51:44","updated":"2026-08-31 16:09:06","seo_analyzer_scan_date":null},"aioseo_breadcrumb":"<div class=\"aioseo-breadcrumbs\"><span class=\"aioseo-breadcrumb\">\n\t\t\t<a href=\"https:\/\/newsinfoco.com.br\/inicio\" title=\"In\u00edcio\">In\u00edcio<\/a>\n\t\t<\/span><span class=\"aioseo-breadcrumb-separator\">&raquo;<\/span><span class=\"aioseo-breadcrumb\">\n\t\t\t<a href=\"https:\/\/newsinfoco.com.br\/inicio\/category\/destaque\/\" title=\"Destaque\">Destaque<\/a>\n\t\t<\/span><span class=\"aioseo-breadcrumb-separator\">&raquo;<\/span><span class=\"aioseo-breadcrumb\">\n\t\t\tGustavo Carmo avan\u00e7a com reforma administrativa e confirma mudan\u00e7as no primeiro escal\u00e3o ap\u00f3s as elei\u00e7\u00f5es\n\t\t<\/span><\/div>","aioseo_breadcrumb_json":[{"label":"In\u00edcio","link":"https:\/\/newsinfoco.com.br\/inicio"},{"label":"Destaque","link":"https:\/\/newsinfoco.com.br\/inicio\/category\/destaque\/"},{"label":"Gustavo Carmo avan\u00e7a com reforma administrativa e confirma mudan\u00e7as no primeiro escal\u00e3o ap\u00f3s as elei\u00e7\u00f5es","link":"https:\/\/newsinfoco.com.br\/inicio\/gustavo-carmo-avanca-com-reforma-administrativa-e-confirma-mudancas-no-primeiro-escalao-apos-as-eleicoes\/"}],"_links":{"self":[{"href":"https:\/\/newsinfoco.com.br\/inicio\/wp-json\/wp\/v2\/posts\/51772","targetHints":{"allow":["GET"]}}],"collection":[{"href":"https:\/\/newsinfoco.com.br\/inicio\/wp-json\/wp\/v2\/posts"}],"about":[{"href":"https:\/\/newsinfoco.com.br\/inicio\/wp-json\/wp\/v2\/types\/post"}],"author":[{"embeddable":true,"href":"https:\/\/newsinfoco.com.br\/inicio\/wp-json\/wp\/v2\/users\/1"}],"replies":[{"embeddable":true,"href":"https:\/\/newsinfoco.com.br\/inicio\/wp-json\/wp\/v2\/comments?post=51772"}],"version-history":[{"count":1,"href":"https:\/\/newsinfoco.com.br\/inicio\/wp-json\/wp\/v2\/posts\/51772\/revisions"}],"predecessor-version":[{"id":51774,"href":"https:\/\/newsinfoco.com.br\/inicio\/wp-json\/wp\/v2\/posts\/51772\/revisions\/51774"}],"wp:featuredmedia":[{"embeddable":true,"href":"https:\/\/newsinfoco.com.br\/inicio\/wp-json\/wp\/v2\/media\/51773"}],"wp:attachment":[{"href":"https:\/\/newsinfoco.com.br\/inicio\/wp-json\/wp\/v2\/media?parent=51772"}],"wp:term":[{"taxonomy":"category","embeddable":true,"href":"https:\/\/newsinfoco.com.br\/inicio\/wp-json\/wp\/v2\/categories?post=51772"},{"taxonomy":"post_tag","embeddable":true,"href":"https:\/\/newsinfoco.com.br\/inicio\/wp-json\/wp\/v2\/tags?post=51772"}],"curies":[{"name":"wp","href":"https:\/\/api.w.org\/{rel}","templated":true}]}}