{"id":51778,"date":"2026-09-04T11:36:36","date_gmt":"2026-09-04T14:36:36","guid":{"rendered":"https:\/\/newsinfoco.com.br\/inicio\/?p=51778"},"modified":"2026-09-04T11:36:36","modified_gmt":"2026-09-04T14:36:36","slug":"ludmilla-fiscina-e-daniel-alencar-reunem-liderancas-em-alagoinhas","status":"publish","type":"post","link":"https:\/\/newsinfoco.com.br\/inicio\/ludmilla-fiscina-e-daniel-alencar-reunem-liderancas-em-alagoinhas\/","title":{"rendered":"Ludmilla Fiscina e Daniel Alencar re\u00fanem lideran\u00e7as em Alagoinhas\u00a0"},"content":{"rendered":"<p>A deputada estadual Ludmilla Fiscina (PSD) realizou, nesta quarta-feira (02), uma s\u00e9rie de visitas em Alagoinhas com o candidato a deputado federal Daniel Alencar (PSD). A agenda do dia foi encerrada no Hotel Absolar, com um encontro que reuniu lideran\u00e7as e eleitores para um momento de di\u00e1logo, com discuss\u00e3o de propostas de governo e de a\u00e7\u00f5es efetivas em prol do desenvolvimento da Bahia, al\u00e9m de marcar a presen\u00e7a do grupo no munic\u00edpio.<\/p>\n<p>A reuni\u00e3o recebeu pol\u00edticos e lideran\u00e7as municipais. Entre os presentes estavam o prefeito de Alagoinhas, Gustavo Carmo, e o secret\u00e1rio de governo do munic\u00edpio e idealizador do evento, Anderson Baqueiro.<br \/>\nAl\u00e9m de criar um espa\u00e7o de di\u00e1logo, o evento seguiu o prop\u00f3sito de apresentar as candidaturas de Ludmilla Fiscina e Daniel Alencar. Para a deputada, a uni\u00e3o \u00e9 ben\u00e9fica para Alagoinhas: \u201cAo longo dos anos, constru\u00edmos uma parceria com Daniel Alencar, um homem que trabalha incansavelmente pelo bem do pr\u00f3ximo e est\u00e1 disposto a cuidar da nossa gente, da nossa regi\u00e3o. Daniel \u00e9 uma pessoa exemplar, na pol\u00edtica n\u00e3o vai ser diferente. Alagoinhas e toda a regi\u00e3o s\u00f3 t\u00eam a ganhar com essa parceria\u201d, afirmou a parlamentar.<\/p>\n<p>Daniel Alencar \u00e9 m\u00e9dico ortopedista, filho do senador Otto Alencar, e construiu uma carreira s\u00f3lida de cuidado e aten\u00e7\u00e3o aos baianos atrav\u00e9s da medicina. Neste ano, \u00e9 candidato a deputado federal pela primeira vez pelo PSD. Entre suas principais bandeiras, est\u00e1 a defesa de uma sa\u00fade de qualidade para os baianos.<\/p>\n<p>O candidato a deputado federal parabenizou Ludmilla por ser uma pot\u00eancia e uma forte representante feminina do munic\u00edpio. Al\u00e9m disso, ressaltou a defesa de uma sa\u00fade p\u00fablica de qualidade: \u201cA nossa principal bandeira no ano que vem vai ser a defesa do Sistema \u00fanico de Sa\u00fade, o SUS. Um sistema que j\u00e1 ajuda os brasileiros h\u00e1 muito tempo e precisamos fortalecer\u201d, afirmou Alencar.<\/p>\n<p>Candidata \u00e0 reelei\u00e7\u00e3o, Ludmilla Fiscina ressaltou a for\u00e7a do seu grupo pol\u00edtico: \u201cN\u00f3s fazemos pol\u00edtica olhando no olho e com muito di\u00e1logo. O nosso grupo \u00e9 da uni\u00e3o, trabalhamos pela nossa gente, ao lado do governador Jer\u00f4nimo Rodrigues e do senador Otto Alencar vamos cuidar da nossa popula\u00e7\u00e3o\u201d, pontuou.<\/p>\n<p><strong>Agenda na comunidade rural<\/strong><\/p>\n<p>Antes do encontro realizado no Hotel Absolar, Ludmilla Fiscina e Daniel Alencar cumpriram uma agenda de visitas em comunidades rurais de Alagoinhas. A programa\u00e7\u00e3o aproximou os dois candidatos de lideran\u00e7as e moradores, fortalecendo a presen\u00e7a do grupo pol\u00edtico no munic\u00edpio.<\/p>\n<p>Eles participaram de uma reuni\u00e3o com a vereadora Raimunda Flor\u00eancio (PSD), no bairro Silva Jardim. Em seguida, estiveram no distrito de Riacho da Guia, na comunidade do Quizambu, com os ex-vereadores Bebe e Jorge Mendes.<\/p>\n<p>Tamb\u00e9m participaram de um encontro com a comunidade rural da Capoeira, com o ex-vereador, Gode Luxo. Logo depois, antes de seguir para o Hotel Absolar, realizaram uma reuni\u00e3o com o vereador Xandinho.<\/p>\n<p>A parlamentar destacou a import\u00e2ncia dos distritos e das comunidades rurais de Alagoinhas em sua trajet\u00f3ria pol\u00edtica: \u201cEu gosto de estar perto de pessoas que acreditaram no nosso trabalho e que est\u00e3o confiando mais uma vez no nosso mandato. Eu venho para ouvir e entender o que precisa ser feito. Ao longo do nosso mandato, acompanhamos as demandas e as necessidades das comunidades rurais, e hoje estamos aqui ao lado de Daniel, que faz parte do nosso grupo e que tamb\u00e9m est\u00e1 disposto a cuidar da nossa gente, da nossa regi\u00e3o, com seriedade, compromisso e carinho\u201d, afirmou Ludmilla.<\/p>\n<p>Foto: Alu\u00edsio Neto.<\/p>\n<div class='share-to-whatsapp-wrapper'><div class='share-on-whsp'>Share on: <\/div><a data-text='Ludmilla Fiscina e Daniel Alencar re\u00fanem lideran\u00e7as em Alagoinhas\u00a0' data-link='https:\/\/newsinfoco.com.br\/inicio\/ludmilla-fiscina-e-daniel-alencar-reunem-liderancas-em-alagoinhas\/' class='whatsapp-button whatsapp-share'>WhatsApp<\/a><div class='clear '><\/div><\/div>","protected":false},"excerpt":{"rendered":"<p>A deputada estadual Ludmilla Fiscina (PSD) realizou, nesta quarta-feira (02), uma s\u00e9rie de visitas em Alagoinhas com o candidato a deputado federal Daniel Alencar (PSD). A agenda do dia foi encerrada no Hotel Absolar, com um encontro que reuniu lideran\u00e7as e eleitores para um momento de di\u00e1logo, com discuss\u00e3o de propostas de governo e de [&hellip;]<\/p>\n","protected":false},"author":1,"featured_media":51779,"comment_status":"closed","ping_status":"closed","sticky":false,"template":"","format":"standard","meta":{"om_disable_all_campaigns":false,"rop_custom_images_group":[],"rop_custom_messages_group":[],"rop_publish_now":"initial","rop_publish_now_accounts":[],"rop_publish_now_history":[],"rop_publish_now_status":"pending","_exactmetrics_skip_tracking":false,"footnotes":""},"categories":[38,30,167],"tags":[],"class_list":["post-51778","post","type-post","status-publish","format-standard","has-post-thumbnail","hentry","category-alagoinhas-e-regiao","category-destaque","category-exclusivas"],"aioseo_notices":[],"aioseo_head":"\n\t\t<!-- All in One SEO 4.9.10 - aioseo.com -->\n\t<meta name=\"description\" content=\"A deputada estadual Ludmilla Fiscina (PSD) realizou, nesta quarta-feira (02), uma s\u00e9rie de visitas em Alagoinhas com o candidato a deputado federal Daniel Alencar (PSD). A agenda do dia foi encerrada no Hotel Absolar, com um encontro que reuniu lideran\u00e7as e eleitores para um momento de di\u00e1logo, com discuss\u00e3o de propostas de governo e de\" \/>\n\t<meta name=\"robots\" content=\"max-image-preview:large\" \/>\n\t<meta name=\"author\" content=\"administrador\"\/>\n\t<link rel=\"canonical\" href=\"https:\/\/newsinfoco.com.br\/inicio\/ludmilla-fiscina-e-daniel-alencar-reunem-liderancas-em-alagoinhas\/\" \/>\n\t<meta name=\"generator\" content=\"All in One SEO (AIOSEO) 4.9.10\" \/>\n\t\t<meta property=\"og:locale\" content=\"pt_BR\" \/>\n\t\t<meta property=\"og:site_name\" content=\"News In Foco - Editado por Caio Pimenta - O principal site de noticias de Alagoinhas e regi\u00e3o\" \/>\n\t\t<meta property=\"og:type\" content=\"article\" \/>\n\t\t<meta property=\"og:title\" content=\"Ludmilla Fiscina e Daniel Alencar re\u00fanem lideran\u00e7as em Alagoinhas - News In Foco - Editado por Caio Pimenta\" \/>\n\t\t<meta property=\"og:description\" content=\"A deputada estadual Ludmilla Fiscina (PSD) realizou, nesta quarta-feira (02), uma s\u00e9rie de visitas em Alagoinhas com o candidato a deputado federal Daniel Alencar (PSD). A agenda do dia foi encerrada no Hotel Absolar, com um encontro que reuniu lideran\u00e7as e eleitores para um momento de di\u00e1logo, com discuss\u00e3o de propostas de governo e de\" \/>\n\t\t<meta property=\"og:url\" content=\"https:\/\/newsinfoco.com.br\/inicio\/ludmilla-fiscina-e-daniel-alencar-reunem-liderancas-em-alagoinhas\/\" \/>\n\t\t<meta property=\"article:published_time\" content=\"2026-09-04T14:36:36+00:00\" \/>\n\t\t<meta property=\"article:modified_time\" content=\"2026-09-04T14:36:36+00:00\" \/>\n\t\t<meta name=\"twitter:card\" content=\"summary_large_image\" \/>\n\t\t<meta name=\"twitter:title\" content=\"Ludmilla Fiscina e Daniel Alencar re\u00fanem lideran\u00e7as em Alagoinhas - News In Foco - Editado por Caio Pimenta\" \/>\n\t\t<meta name=\"twitter:description\" content=\"A deputada estadual Ludmilla Fiscina (PSD) realizou, nesta quarta-feira (02), uma s\u00e9rie de visitas em Alagoinhas com o candidato a deputado federal Daniel Alencar (PSD). A agenda do dia foi encerrada no Hotel Absolar, com um encontro que reuniu lideran\u00e7as e eleitores para um momento de di\u00e1logo, com discuss\u00e3o de propostas de governo e de\" \/>\n\t\t<script type=\"application\/ld+json\" class=\"aioseo-schema\">\n\t\t\t{\"@context\":\"https:\\\/\\\/schema.org\",\"@graph\":[{\"@type\":\"BlogPosting\",\"@id\":\"https:\\\/\\\/newsinfoco.com.br\\\/inicio\\\/ludmilla-fiscina-e-daniel-alencar-reunem-liderancas-em-alagoinhas\\\/#blogposting\",\"name\":\"Ludmilla Fiscina e Daniel Alencar re\\u00fanem lideran\\u00e7as em Alagoinhas - News In Foco - Editado por Caio Pimenta\",\"headline\":\"Ludmilla Fiscina e Daniel Alencar re\\u00fanem lideran\\u00e7as em Alagoinhas\\u00a0\",\"author\":{\"@id\":\"https:\\\/\\\/newsinfoco.com.br\\\/inicio\\\/author\\\/administrador\\\/#author\"},\"publisher\":{\"@id\":\"https:\\\/\\\/newsinfoco.com.br\\\/inicio\\\/#organization\"},\"image\":{\"@type\":\"ImageObject\",\"url\":\"https:\\\/\\\/newsinfoco.com.br\\\/inicio\\\/wp-content\\\/uploads\\\/2026\\\/09\\\/IMG-20260903-WA0000.jpg\",\"width\":1600,\"height\":1068},\"datePublished\":\"2026-09-04T11:36:36-03:00\",\"dateModified\":\"2026-09-04T11:36:36-03:00\",\"inLanguage\":\"pt-BR\",\"mainEntityOfPage\":{\"@id\":\"https:\\\/\\\/newsinfoco.com.br\\\/inicio\\\/ludmilla-fiscina-e-daniel-alencar-reunem-liderancas-em-alagoinhas\\\/#webpage\"},\"isPartOf\":{\"@id\":\"https:\\\/\\\/newsinfoco.com.br\\\/inicio\\\/ludmilla-fiscina-e-daniel-alencar-reunem-liderancas-em-alagoinhas\\\/#webpage\"},\"articleSection\":\"Alagoinhas e Regi\\u00e3o, Destaque, Manchete\"},{\"@type\":\"BreadcrumbList\",\"@id\":\"https:\\\/\\\/newsinfoco.com.br\\\/inicio\\\/ludmilla-fiscina-e-daniel-alencar-reunem-liderancas-em-alagoinhas\\\/#breadcrumblist\",\"itemListElement\":[{\"@type\":\"ListItem\",\"@id\":\"https:\\\/\\\/newsinfoco.com.br\\\/inicio#listItem\",\"position\":1,\"name\":\"In\\u00edcio\",\"item\":\"https:\\\/\\\/newsinfoco.com.br\\\/inicio\",\"nextItem\":{\"@type\":\"ListItem\",\"@id\":\"https:\\\/\\\/newsinfoco.com.br\\\/inicio\\\/category\\\/destaque\\\/#listItem\",\"name\":\"Destaque\"}},{\"@type\":\"ListItem\",\"@id\":\"https:\\\/\\\/newsinfoco.com.br\\\/inicio\\\/category\\\/destaque\\\/#listItem\",\"position\":2,\"name\":\"Destaque\",\"item\":\"https:\\\/\\\/newsinfoco.com.br\\\/inicio\\\/category\\\/destaque\\\/\",\"nextItem\":{\"@type\":\"ListItem\",\"@id\":\"https:\\\/\\\/newsinfoco.com.br\\\/inicio\\\/ludmilla-fiscina-e-daniel-alencar-reunem-liderancas-em-alagoinhas\\\/#listItem\",\"name\":\"Ludmilla Fiscina e Daniel Alencar re\\u00fanem lideran\\u00e7as em Alagoinhas\\u00a0\"},\"previousItem\":{\"@type\":\"ListItem\",\"@id\":\"https:\\\/\\\/newsinfoco.com.br\\\/inicio#listItem\",\"name\":\"In\\u00edcio\"}},{\"@type\":\"ListItem\",\"@id\":\"https:\\\/\\\/newsinfoco.com.br\\\/inicio\\\/ludmilla-fiscina-e-daniel-alencar-reunem-liderancas-em-alagoinhas\\\/#listItem\",\"position\":3,\"name\":\"Ludmilla Fiscina e Daniel Alencar re\\u00fanem lideran\\u00e7as em Alagoinhas\\u00a0\",\"previousItem\":{\"@type\":\"ListItem\",\"@id\":\"https:\\\/\\\/newsinfoco.com.br\\\/inicio\\\/category\\\/destaque\\\/#listItem\",\"name\":\"Destaque\"}}]},{\"@type\":\"Organization\",\"@id\":\"https:\\\/\\\/newsinfoco.com.br\\\/inicio\\\/#organization\",\"name\":\"News In Foco - Editado por Caio Pimenta\",\"description\":\"O principal site de noticias de Alagoinhas e regi\\u00e3o\",\"url\":\"https:\\\/\\\/newsinfoco.com.br\\\/inicio\\\/\"},{\"@type\":\"Person\",\"@id\":\"https:\\\/\\\/newsinfoco.com.br\\\/inicio\\\/author\\\/administrador\\\/#author\",\"url\":\"https:\\\/\\\/newsinfoco.com.br\\\/inicio\\\/author\\\/administrador\\\/\",\"name\":\"administrador\",\"image\":{\"@type\":\"ImageObject\",\"@id\":\"https:\\\/\\\/newsinfoco.com.br\\\/inicio\\\/ludmilla-fiscina-e-daniel-alencar-reunem-liderancas-em-alagoinhas\\\/#authorImage\",\"url\":\"https:\\\/\\\/secure.gravatar.com\\\/avatar\\\/c17a617433de8c1dc9584bb79aab7563b46f5bb7e1728c9b17d9cc3ce6a08e49?s=96&d=mm&r=g\",\"width\":96,\"height\":96,\"caption\":\"administrador\"}},{\"@type\":\"WebPage\",\"@id\":\"https:\\\/\\\/newsinfoco.com.br\\\/inicio\\\/ludmilla-fiscina-e-daniel-alencar-reunem-liderancas-em-alagoinhas\\\/#webpage\",\"url\":\"https:\\\/\\\/newsinfoco.com.br\\\/inicio\\\/ludmilla-fiscina-e-daniel-alencar-reunem-liderancas-em-alagoinhas\\\/\",\"name\":\"Ludmilla Fiscina e Daniel Alencar re\\u00fanem lideran\\u00e7as em Alagoinhas - News In Foco - Editado por Caio Pimenta\",\"description\":\"A deputada estadual Ludmilla Fiscina (PSD) realizou, nesta quarta-feira (02), uma s\\u00e9rie de visitas em Alagoinhas com o candidato a deputado federal Daniel Alencar (PSD). A agenda do dia foi encerrada no Hotel Absolar, com um encontro que reuniu lideran\\u00e7as e eleitores para um momento de di\\u00e1logo, com discuss\\u00e3o de propostas de governo e de\",\"inLanguage\":\"pt-BR\",\"isPartOf\":{\"@id\":\"https:\\\/\\\/newsinfoco.com.br\\\/inicio\\\/#website\"},\"breadcrumb\":{\"@id\":\"https:\\\/\\\/newsinfoco.com.br\\\/inicio\\\/ludmilla-fiscina-e-daniel-alencar-reunem-liderancas-em-alagoinhas\\\/#breadcrumblist\"},\"author\":{\"@id\":\"https:\\\/\\\/newsinfoco.com.br\\\/inicio\\\/author\\\/administrador\\\/#author\"},\"creator\":{\"@id\":\"https:\\\/\\\/newsinfoco.com.br\\\/inicio\\\/author\\\/administrador\\\/#author\"},\"image\":{\"@type\":\"ImageObject\",\"url\":\"https:\\\/\\\/newsinfoco.com.br\\\/inicio\\\/wp-content\\\/uploads\\\/2026\\\/09\\\/IMG-20260903-WA0000.jpg\",\"@id\":\"https:\\\/\\\/newsinfoco.com.br\\\/inicio\\\/ludmilla-fiscina-e-daniel-alencar-reunem-liderancas-em-alagoinhas\\\/#mainImage\",\"width\":1600,\"height\":1068},\"primaryImageOfPage\":{\"@id\":\"https:\\\/\\\/newsinfoco.com.br\\\/inicio\\\/ludmilla-fiscina-e-daniel-alencar-reunem-liderancas-em-alagoinhas\\\/#mainImage\"},\"datePublished\":\"2026-09-04T11:36:36-03:00\",\"dateModified\":\"2026-09-04T11:36:36-03:00\"},{\"@type\":\"WebSite\",\"@id\":\"https:\\\/\\\/newsinfoco.com.br\\\/inicio\\\/#website\",\"url\":\"https:\\\/\\\/newsinfoco.com.br\\\/inicio\\\/\",\"name\":\"News In Foco - Editado por Caio Pimenta\",\"description\":\"O principal site de noticias de Alagoinhas e regi\\u00e3o\",\"inLanguage\":\"pt-BR\",\"publisher\":{\"@id\":\"https:\\\/\\\/newsinfoco.com.br\\\/inicio\\\/#organization\"}}]}\n\t\t<\/script>\n\t\t<!-- All in One SEO -->\n\n","aioseo_head_json":{"title":"Ludmilla Fiscina e Daniel Alencar re\u00fanem lideran\u00e7as em Alagoinhas - News In Foco - Editado por Caio Pimenta","description":"A deputada estadual Ludmilla Fiscina (PSD) realizou, nesta quarta-feira (02), uma s\u00e9rie de visitas em Alagoinhas com o candidato a deputado federal Daniel Alencar (PSD). A agenda do dia foi encerrada no Hotel Absolar, com um encontro que reuniu lideran\u00e7as e eleitores para um momento de di\u00e1logo, com discuss\u00e3o de propostas de governo e de","canonical_url":"https:\/\/newsinfoco.com.br\/inicio\/ludmilla-fiscina-e-daniel-alencar-reunem-liderancas-em-alagoinhas\/","robots":"max-image-preview:large","keywords":"","webmasterTools":{"miscellaneous":""},"schema":{"@context":"https:\/\/schema.org","@graph":[{"@type":"BlogPosting","@id":"https:\/\/newsinfoco.com.br\/inicio\/ludmilla-fiscina-e-daniel-alencar-reunem-liderancas-em-alagoinhas\/#blogposting","name":"Ludmilla Fiscina e Daniel Alencar re\u00fanem lideran\u00e7as em Alagoinhas - News In Foco - Editado por Caio Pimenta","headline":"Ludmilla Fiscina e Daniel Alencar re\u00fanem lideran\u00e7as em Alagoinhas\u00a0","author":{"@id":"https:\/\/newsinfoco.com.br\/inicio\/author\/administrador\/#author"},"publisher":{"@id":"https:\/\/newsinfoco.com.br\/inicio\/#organization"},"image":{"@type":"ImageObject","url":"https:\/\/newsinfoco.com.br\/inicio\/wp-content\/uploads\/2026\/09\/IMG-20260903-WA0000.jpg","width":1600,"height":1068},"datePublished":"2026-09-04T11:36:36-03:00","dateModified":"2026-09-04T11:36:36-03:00","inLanguage":"pt-BR","mainEntityOfPage":{"@id":"https:\/\/newsinfoco.com.br\/inicio\/ludmilla-fiscina-e-daniel-alencar-reunem-liderancas-em-alagoinhas\/#webpage"},"isPartOf":{"@id":"https:\/\/newsinfoco.com.br\/inicio\/ludmilla-fiscina-e-daniel-alencar-reunem-liderancas-em-alagoinhas\/#webpage"},"articleSection":"Alagoinhas e Regi\u00e3o, Destaque, Manchete"},{"@type":"BreadcrumbList","@id":"https:\/\/newsinfoco.com.br\/inicio\/ludmilla-fiscina-e-daniel-alencar-reunem-liderancas-em-alagoinhas\/#breadcrumblist","itemListElement":[{"@type":"ListItem","@id":"https:\/\/newsinfoco.com.br\/inicio#listItem","position":1,"name":"In\u00edcio","item":"https:\/\/newsinfoco.com.br\/inicio","nextItem":{"@type":"ListItem","@id":"https:\/\/newsinfoco.com.br\/inicio\/category\/destaque\/#listItem","name":"Destaque"}},{"@type":"ListItem","@id":"https:\/\/newsinfoco.com.br\/inicio\/category\/destaque\/#listItem","position":2,"name":"Destaque","item":"https:\/\/newsinfoco.com.br\/inicio\/category\/destaque\/","nextItem":{"@type":"ListItem","@id":"https:\/\/newsinfoco.com.br\/inicio\/ludmilla-fiscina-e-daniel-alencar-reunem-liderancas-em-alagoinhas\/#listItem","name":"Ludmilla Fiscina e Daniel Alencar re\u00fanem lideran\u00e7as em Alagoinhas\u00a0"},"previousItem":{"@type":"ListItem","@id":"https:\/\/newsinfoco.com.br\/inicio#listItem","name":"In\u00edcio"}},{"@type":"ListItem","@id":"https:\/\/newsinfoco.com.br\/inicio\/ludmilla-fiscina-e-daniel-alencar-reunem-liderancas-em-alagoinhas\/#listItem","position":3,"name":"Ludmilla Fiscina e Daniel Alencar re\u00fanem lideran\u00e7as em Alagoinhas\u00a0","previousItem":{"@type":"ListItem","@id":"https:\/\/newsinfoco.com.br\/inicio\/category\/destaque\/#listItem","name":"Destaque"}}]},{"@type":"Organization","@id":"https:\/\/newsinfoco.com.br\/inicio\/#organization","name":"News In Foco - Editado por Caio Pimenta","description":"O principal site de noticias de Alagoinhas e regi\u00e3o","url":"https:\/\/newsinfoco.com.br\/inicio\/"},{"@type":"Person","@id":"https:\/\/newsinfoco.com.br\/inicio\/author\/administrador\/#author","url":"https:\/\/newsinfoco.com.br\/inicio\/author\/administrador\/","name":"administrador","image":{"@type":"ImageObject","@id":"https:\/\/newsinfoco.com.br\/inicio\/ludmilla-fiscina-e-daniel-alencar-reunem-liderancas-em-alagoinhas\/#authorImage","url":"https:\/\/secure.gravatar.com\/avatar\/c17a617433de8c1dc9584bb79aab7563b46f5bb7e1728c9b17d9cc3ce6a08e49?s=96&d=mm&r=g","width":96,"height":96,"caption":"administrador"}},{"@type":"WebPage","@id":"https:\/\/newsinfoco.com.br\/inicio\/ludmilla-fiscina-e-daniel-alencar-reunem-liderancas-em-alagoinhas\/#webpage","url":"https:\/\/newsinfoco.com.br\/inicio\/ludmilla-fiscina-e-daniel-alencar-reunem-liderancas-em-alagoinhas\/","name":"Ludmilla Fiscina e Daniel Alencar re\u00fanem lideran\u00e7as em Alagoinhas - News In Foco - Editado por Caio Pimenta","description":"A deputada estadual Ludmilla Fiscina (PSD) realizou, nesta quarta-feira (02), uma s\u00e9rie de visitas em Alagoinhas com o candidato a deputado federal Daniel Alencar (PSD). A agenda do dia foi encerrada no Hotel Absolar, com um encontro que reuniu lideran\u00e7as e eleitores para um momento de di\u00e1logo, com discuss\u00e3o de propostas de governo e de","inLanguage":"pt-BR","isPartOf":{"@id":"https:\/\/newsinfoco.com.br\/inicio\/#website"},"breadcrumb":{"@id":"https:\/\/newsinfoco.com.br\/inicio\/ludmilla-fiscina-e-daniel-alencar-reunem-liderancas-em-alagoinhas\/#breadcrumblist"},"author":{"@id":"https:\/\/newsinfoco.com.br\/inicio\/author\/administrador\/#author"},"creator":{"@id":"https:\/\/newsinfoco.com.br\/inicio\/author\/administrador\/#author"},"image":{"@type":"ImageObject","url":"https:\/\/newsinfoco.com.br\/inicio\/wp-content\/uploads\/2026\/09\/IMG-20260903-WA0000.jpg","@id":"https:\/\/newsinfoco.com.br\/inicio\/ludmilla-fiscina-e-daniel-alencar-reunem-liderancas-em-alagoinhas\/#mainImage","width":1600,"height":1068},"primaryImageOfPage":{"@id":"https:\/\/newsinfoco.com.br\/inicio\/ludmilla-fiscina-e-daniel-alencar-reunem-liderancas-em-alagoinhas\/#mainImage"},"datePublished":"2026-09-04T11:36:36-03:00","dateModified":"2026-09-04T11:36:36-03:00"},{"@type":"WebSite","@id":"https:\/\/newsinfoco.com.br\/inicio\/#website","url":"https:\/\/newsinfoco.com.br\/inicio\/","name":"News In Foco - Editado por Caio Pimenta","description":"O principal site de noticias de Alagoinhas e regi\u00e3o","inLanguage":"pt-BR","publisher":{"@id":"https:\/\/newsinfoco.com.br\/inicio\/#organization"}}]},"og:locale":"pt_BR","og:site_name":"News In Foco - Editado por Caio Pimenta - O principal site de noticias de Alagoinhas e regi\u00e3o","og:type":"article","og:title":"Ludmilla Fiscina e Daniel Alencar re\u00fanem lideran\u00e7as em Alagoinhas - News In Foco - Editado por Caio Pimenta","og:description":"A deputada estadual Ludmilla Fiscina (PSD) realizou, nesta quarta-feira (02), uma s\u00e9rie de visitas em Alagoinhas com o candidato a deputado federal Daniel Alencar (PSD). A agenda do dia foi encerrada no Hotel Absolar, com um encontro que reuniu lideran\u00e7as e eleitores para um momento de di\u00e1logo, com discuss\u00e3o de propostas de governo e de","og:url":"https:\/\/newsinfoco.com.br\/inicio\/ludmilla-fiscina-e-daniel-alencar-reunem-liderancas-em-alagoinhas\/","article:published_time":"2026-09-04T14:36:36+00:00","article:modified_time":"2026-09-04T14:36:36+00:00","twitter:card":"summary_large_image","twitter:title":"Ludmilla Fiscina e Daniel Alencar re\u00fanem lideran\u00e7as em Alagoinhas - News In Foco - Editado por Caio Pimenta","twitter:description":"A deputada estadual Ludmilla Fiscina (PSD) realizou, nesta quarta-feira (02), uma s\u00e9rie de visitas em Alagoinhas com o candidato a deputado federal Daniel Alencar (PSD). A agenda do dia foi encerrada no Hotel Absolar, com um encontro que reuniu lideran\u00e7as e eleitores para um momento de di\u00e1logo, com discuss\u00e3o de propostas de governo e de"},"aioseo_meta_data":{"post_id":"51778","title":null,"description":null,"keywords":null,"keyphrases":{"focus":{"keyphrase":"","score":0,"analysis":{"keyphraseInTitle":{"score":0,"maxScore":9,"error":1}}},"additional":[]},"primary_term":null,"canonical_url":null,"og_title":null,"og_description":null,"og_object_type":"default","og_image_type":"default","og_image_url":null,"og_image_width":null,"og_image_height":null,"og_image_custom_url":null,"og_image_custom_fields":null,"og_video":"","og_custom_url":null,"og_article_section":null,"og_article_tags":null,"twitter_use_og":false,"twitter_card":"default","twitter_image_type":"default","twitter_image_url":null,"twitter_image_custom_url":null,"twitter_image_custom_fields":null,"twitter_title":null,"twitter_description":null,"schema":{"blockGraphs":[],"customGraphs":[],"default":{"data":{"Article":[],"Course":[],"Dataset":[],"FAQPage":[],"Movie":[],"Person":[],"Product":[],"ProductReview":[],"Car":[],"Recipe":[],"Service":[],"SoftwareApplication":[],"WebPage":[]},"graphName":"BlogPosting","isEnabled":true},"graphs":[]},"schema_type":"default","schema_type_options":null,"pillar_content":false,"robots_default":true,"robots_noindex":false,"robots_noarchive":false,"robots_nosnippet":false,"robots_nofollow":false,"robots_noimageindex":false,"robots_noodp":false,"robots_notranslate":false,"robots_max_snippet":"-1","robots_max_videopreview":"-1","robots_max_imagepreview":"large","priority":null,"frequency":"default","local_seo":null,"breadcrumb_settings":null,"limit_modified_date":false,"ai":{"faqs":[],"keyPoints":[],"schemas":[],"titles":[],"descriptions":[],"socialPosts":{"email":{"subject":"","preview":"","content":""},"linkedin":[],"twitter":[],"facebook":[],"instagram":[]}},"created":"2026-09-04 14:36:37","updated":"2026-09-04 15:08:03","seo_analyzer_scan_date":null},"aioseo_breadcrumb":"<div class=\"aioseo-breadcrumbs\"><span class=\"aioseo-breadcrumb\">\n\t\t\t<a href=\"https:\/\/newsinfoco.com.br\/inicio\" title=\"In\u00edcio\">In\u00edcio<\/a>\n\t\t<\/span><span class=\"aioseo-breadcrumb-separator\">&raquo;<\/span><span class=\"aioseo-breadcrumb\">\n\t\t\t<a href=\"https:\/\/newsinfoco.com.br\/inicio\/category\/destaque\/\" title=\"Destaque\">Destaque<\/a>\n\t\t<\/span><span class=\"aioseo-breadcrumb-separator\">&raquo;<\/span><span class=\"aioseo-breadcrumb\">\n\t\t\tLudmilla Fiscina e Daniel Alencar re\u00fanem lideran\u00e7as em Alagoinhas \n\t\t<\/span><\/div>","aioseo_breadcrumb_json":[{"label":"In\u00edcio","link":"https:\/\/newsinfoco.com.br\/inicio"},{"label":"Destaque","link":"https:\/\/newsinfoco.com.br\/inicio\/category\/destaque\/"},{"label":"Ludmilla Fiscina e Daniel Alencar re\u00fanem lideran\u00e7as em Alagoinhas\u00a0","link":"https:\/\/newsinfoco.com.br\/inicio\/ludmilla-fiscina-e-daniel-alencar-reunem-liderancas-em-alagoinhas\/"}],"_links":{"self":[{"href":"https:\/\/newsinfoco.com.br\/inicio\/wp-json\/wp\/v2\/posts\/51778","targetHints":{"allow":["GET"]}}],"collection":[{"href":"https:\/\/newsinfoco.com.br\/inicio\/wp-json\/wp\/v2\/posts"}],"about":[{"href":"https:\/\/newsinfoco.com.br\/inicio\/wp-json\/wp\/v2\/types\/post"}],"author":[{"embeddable":true,"href":"https:\/\/newsinfoco.com.br\/inicio\/wp-json\/wp\/v2\/users\/1"}],"replies":[{"embeddable":true,"href":"https:\/\/newsinfoco.com.br\/inicio\/wp-json\/wp\/v2\/comments?post=51778"}],"version-history":[{"count":1,"href":"https:\/\/newsinfoco.com.br\/inicio\/wp-json\/wp\/v2\/posts\/51778\/revisions"}],"predecessor-version":[{"id":51780,"href":"https:\/\/newsinfoco.com.br\/inicio\/wp-json\/wp\/v2\/posts\/51778\/revisions\/51780"}],"wp:featuredmedia":[{"embeddable":true,"href":"https:\/\/newsinfoco.com.br\/inicio\/wp-json\/wp\/v2\/media\/51779"}],"wp:attachment":[{"href":"https:\/\/newsinfoco.com.br\/inicio\/wp-json\/wp\/v2\/media?parent=51778"}],"wp:term":[{"taxonomy":"category","embeddable":true,"href":"https:\/\/newsinfoco.com.br\/inicio\/wp-json\/wp\/v2\/categories?post=51778"},{"taxonomy":"post_tag","embeddable":true,"href":"https:\/\/newsinfoco.com.br\/inicio\/wp-json\/wp\/v2\/tags?post=51778"}],"curies":[{"name":"wp","href":"https:\/\/api.w.org\/{rel}","templated":true}]}}