{"id":5213,"date":"2018-06-14T19:40:54","date_gmt":"2018-06-14T22:40:54","guid":{"rendered":"http:\/\/newsinfoco.com.br\/?p=5213"},"modified":"2018-06-14T19:40:54","modified_gmt":"2018-06-14T22:40:54","slug":"ingressos-para-o-trem-do-forro-podem-ser-adquiridos-na-fundacao-iraci-gama","status":"publish","type":"post","link":"https:\/\/newsinfoco.com.br\/inicio\/ingressos-para-o-trem-do-forro-podem-ser-adquiridos-na-fundacao-iraci-gama\/","title":{"rendered":"Ingressos para o Trem do Forr\u00f3 podem ser adquiridos na Funda\u00e7\u00e3o Iraci Gama"},"content":{"rendered":"<p style=\"text-align: justify;\"><span style=\"color: #000000;\">O Trem do Forr\u00f3, que come\u00e7ou as viagens de arrasta p\u00e9 pela tradicional festa de Alagoinhas nesta quarta-feira (13), entrando oficialmente para o calend\u00e1rio do S\u00e3o Jo\u00e3o na Bahia, est\u00e1 com passagens dispon\u00edveis para serem trocadas por 1 lata de leite ou 1 pacote de fraldas geri\u00e1tricas na Funda\u00e7\u00e3o Iraci Gama (FIGAM).<\/span><\/p>\n<p style=\"text-align: justify;\"><span style=\"color: #000000;\">Este ano, est\u00e3o sendo disponibilizadas duas classes de passageiros, que devem encher os vag\u00f5es com 120 pessoas em 5 viagens di\u00e1rias at\u00e9 domingo, 17 de junho. Para retirar o ingresso na FIGAM, \u00e9 preciso apresentar tamb\u00e9m nome completo e CPF.<\/span><\/p><div class=\"newsi-conteudo_19\" id=\"newsi-3015879621\"><a href=\"https:\/\/www.instagram.com\/prefeituraalagoinhas?igsh=YzgzdDJ1bWR3aWI4\" aria-label=\"SAVE_20251006_221555\"><img loading=\"lazy\" decoding=\"async\" src=\"https:\/\/newsinfoco.com.br\/inicio\/wp-content\/uploads\/2025\/10\/SAVE_20251006_221555-rotated.jpg\" alt=\"\"  srcset=\"https:\/\/newsinfoco.com.br\/inicio\/wp-content\/uploads\/2025\/10\/SAVE_20251006_221555-rotated.jpg 1140w, https:\/\/newsinfoco.com.br\/inicio\/wp-content\/uploads\/2025\/10\/SAVE_20251006_221555-300x52.jpg 300w, https:\/\/newsinfoco.com.br\/inicio\/wp-content\/uploads\/2025\/10\/SAVE_20251006_221555-1024x177.jpg 1024w, https:\/\/newsinfoco.com.br\/inicio\/wp-content\/uploads\/2025\/10\/SAVE_20251006_221555-768x133.jpg 768w, https:\/\/newsinfoco.com.br\/inicio\/wp-content\/uploads\/2025\/10\/SAVE_20251006_221555-600x104.jpg 600w, https:\/\/newsinfoco.com.br\/inicio\/wp-content\/uploads\/2025\/10\/SAVE_20251006_221555-696x120.jpg 696w, https:\/\/newsinfoco.com.br\/inicio\/wp-content\/uploads\/2025\/10\/SAVE_20251006_221555-1068x185.jpg 1068w\" sizes=\"(max-width: 1140px) 100vw, 1140px\" width=\"1140\" height=\"197\"   \/><\/a><\/div>\n<p style=\"text-align: justify;\"><span style=\"color: #000000;\">De acordo com a Secretaria Municipal de Cultura, Esporte e Turismo (SECET), os ingressos para domingo de manh\u00e3 j\u00e1 est\u00e3o esgotados e o trem deve reduzir o n\u00famero de viagens nesse dia, j\u00e1 que a empresa especializada em ferrovias VLI, respons\u00e1vel pelo trajeto, deve liberar os funcion\u00e1rios mais cedo devido ao jogo da Copa. \u201cA anima\u00e7\u00e3o ser\u00e1 a mesma e ainda temos poucas vagas para a viagem da tarde, \u00e0s 13h\u201d, afirmou o diretor de Turismo, Erivaldo da Silva Souza.<\/span><\/p>\n<p style=\"text-align: justify;\"><span style=\"color: #000000;\">Quem nunca participou do Trem do Forr\u00f3 pode esperar anima\u00e7\u00e3o, dan\u00e7a e m\u00fasica nos trilhos, com bandas forrozeiras que se revezam entre os itiner\u00e1rios de passeio. Segundo a secret\u00e1ria da pasta e vice-prefeita do munic\u00edpio, Iraci Gama, a viagem \u00e9 uma oportunidade, tanto para o cidad\u00e3o alagoinhense quanto para o visitante de fora, de enxergar a tradi\u00e7\u00e3o e a cultura que se misturam ao agito na festa do munic\u00edpio. \u201cAlagoinhas \u00e9 apaixonada pelo trem e desde que a rede desmanchou a gente luta pela volta do trem de passageiros. Fazer o trem funcionar neste S\u00e3o Jo\u00e3o \u00e9 uma lembran\u00e7a e ao mesmo tempo marca a tradi\u00e7\u00e3o da nossa cidade\u201d, ressaltou a professora.<\/span><\/p>\n<p style=\"text-align: justify;\"><span style=\"color: #000000;\">Os passeios acontecem sempre em 5 per\u00edodos: \u00e0s 9h, \u00e0s 11h, \u00e0s 13h, \u00e0s 15h e \u00e0s 17h, e os ingressos podem ser trocados na FIGAM das 8h \u00e0s 17h. Os produtos arrecadados ser\u00e3o doados a institui\u00e7\u00f5es de Alagoinhas.<\/span><\/p>\n<p><img decoding=\"async\" src=\"https:\/\/www.alagoinhas.ba.gov.br\/wp-content\/uploads\/2018\/06\/WhatsApp-Image-2018-06-14-at-18.58.32-1024x768.jpeg\" \/><img decoding=\"async\" src=\"https:\/\/www.alagoinhas.ba.gov.br\/wp-content\/uploads\/2018\/06\/WhatsApp-Image-2018-06-13-at-11.08.53-1024x768.jpeg\" \/><img decoding=\"async\" src=\"https:\/\/www.alagoinhas.ba.gov.br\/wp-content\/uploads\/2018\/06\/WhatsApp-Image-2018-06-14-at-18.58.35-1024x768.jpeg\" \/><\/p>\n<h6 style=\"text-align: right;\"><span style=\"color: #999999;\">fonte: SECOM FIGAM SECET\u00a0<\/span><\/h6>\n<div class='share-to-whatsapp-wrapper'><div class='share-on-whsp'>Share on: <\/div><a data-text='Ingressos para o Trem do Forr\u00f3 podem ser adquiridos na Funda\u00e7\u00e3o Iraci Gama' data-link='https:\/\/newsinfoco.com.br\/inicio\/ingressos-para-o-trem-do-forro-podem-ser-adquiridos-na-fundacao-iraci-gama\/' class='whatsapp-button whatsapp-share'>WhatsApp<\/a><div class='clear '><\/div><\/div>","protected":false},"excerpt":{"rendered":"<p>O Trem do Forr\u00f3, que come\u00e7ou as viagens de arrasta p\u00e9 pela tradicional festa de Alagoinhas nesta quarta-feira (13), entrando oficialmente para o calend\u00e1rio do S\u00e3o Jo\u00e3o na Bahia, est\u00e1 com passagens dispon\u00edveis para serem trocadas por 1 lata de leite ou 1 pacote de fraldas geri\u00e1tricas na Funda\u00e7\u00e3o Iraci Gama (FIGAM). Este ano, est\u00e3o [&hellip;]<\/p>\n","protected":false},"author":1,"featured_media":5214,"comment_status":"open","ping_status":"open","sticky":false,"template":"","format":"standard","meta":{"om_disable_all_campaigns":false,"_exactmetrics_skip_tracking":false,"_exactmetrics_sitenote_active":false,"_exactmetrics_sitenote_note":"","_exactmetrics_sitenote_category":0,"footnotes":""},"categories":[38,30],"tags":[53,54,121],"class_list":["post-5213","post","type-post","status-publish","format-standard","has-post-thumbnail","hentry","category-alagoinhas-e-regiao","category-destaque","tag-alagoinhas","tag-prefeitura","tag-secom-secet"],"aioseo_notices":[],"_links":{"self":[{"href":"https:\/\/newsinfoco.com.br\/inicio\/wp-json\/wp\/v2\/posts\/5213","targetHints":{"allow":["GET"]}}],"collection":[{"href":"https:\/\/newsinfoco.com.br\/inicio\/wp-json\/wp\/v2\/posts"}],"about":[{"href":"https:\/\/newsinfoco.com.br\/inicio\/wp-json\/wp\/v2\/types\/post"}],"author":[{"embeddable":true,"href":"https:\/\/newsinfoco.com.br\/inicio\/wp-json\/wp\/v2\/users\/1"}],"replies":[{"embeddable":true,"href":"https:\/\/newsinfoco.com.br\/inicio\/wp-json\/wp\/v2\/comments?post=5213"}],"version-history":[{"count":0,"href":"https:\/\/newsinfoco.com.br\/inicio\/wp-json\/wp\/v2\/posts\/5213\/revisions"}],"wp:featuredmedia":[{"embeddable":true,"href":"https:\/\/newsinfoco.com.br\/inicio\/wp-json\/wp\/v2\/media\/5214"}],"wp:attachment":[{"href":"https:\/\/newsinfoco.com.br\/inicio\/wp-json\/wp\/v2\/media?parent=5213"}],"wp:term":[{"taxonomy":"category","embeddable":true,"href":"https:\/\/newsinfoco.com.br\/inicio\/wp-json\/wp\/v2\/categories?post=5213"},{"taxonomy":"post_tag","embeddable":true,"href":"https:\/\/newsinfoco.com.br\/inicio\/wp-json\/wp\/v2\/tags?post=5213"}],"curies":[{"name":"wp","href":"https:\/\/api.w.org\/{rel}","templated":true}]}}