{"id":5216,"date":"2018-06-14T19:50:44","date_gmt":"2018-06-14T22:50:44","guid":{"rendered":"http:\/\/newsinfoco.com.br\/?p=5216"},"modified":"2018-06-14T19:50:44","modified_gmt":"2018-06-14T22:50:44","slug":"prefeitura-e-assistencia-social-promovem-semana-de-enfrentamento-ao-trabalho-infantil","status":"publish","type":"post","link":"https:\/\/newsinfoco.com.br\/inicio\/prefeitura-e-assistencia-social-promovem-semana-de-enfrentamento-ao-trabalho-infantil\/","title":{"rendered":"Prefeitura e Assist\u00eancia Social promovem semana de enfrentamento ao trabalho infantil"},"content":{"rendered":"<p style=\"text-align: justify;\"><span style=\"color: #000000;\">A Semana de Combate ao Trabalho Infantil no munic\u00edpio est\u00e1 a todo o vapor, j\u00e1 foram promovidas a\u00e7\u00f5es na C\u00e2mara Municipal, no CRAS Riacho da Guia, Pra\u00e7a do C\u00e9u, e Nova Bras\u00edlia, no CADUNICO na sede da Secretaria Municipal de Assist\u00eancia Social (SEMAS), todas as a\u00e7\u00f5es contemplam o dia 12 de junho \u2013 Dia Mundial do Combate ao Trabalho Infantil, a fim de conscientizar, discutir e refletir sobre o trabalho precoce.<\/span><\/p>\n<p style=\"text-align: justify;\"><span style=\"color: #000000;\">A semana tem provocado reflex\u00f5es sobre o direito de todas as crian\u00e7as e adolescentes \u00e0 educa\u00e7\u00e3o e a sa\u00fade, livres da explora\u00e7\u00e3o do trabalho infantil e de outras viola\u00e7\u00f5es, explicando sobre os preju\u00edzos causados pelo trabalho infantil e a necessidade de um trabalho intersetorial, a fim de elimin\u00e1-lo da nossa cidade, do nosso estado e do planeta.<\/span><\/p><div class=\"newsi-conteudo_19\" id=\"newsi-3642867504\"><a href=\"https:\/\/www.instagram.com\/prefeituraalagoinhas?igsh=YzgzdDJ1bWR3aWI4\" aria-label=\"SAVE_20251006_221555\"><img loading=\"lazy\" decoding=\"async\" src=\"https:\/\/newsinfoco.com.br\/inicio\/wp-content\/uploads\/2025\/10\/SAVE_20251006_221555-rotated.jpg\" alt=\"\"  srcset=\"https:\/\/newsinfoco.com.br\/inicio\/wp-content\/uploads\/2025\/10\/SAVE_20251006_221555-rotated.jpg 1140w, https:\/\/newsinfoco.com.br\/inicio\/wp-content\/uploads\/2025\/10\/SAVE_20251006_221555-300x52.jpg 300w, https:\/\/newsinfoco.com.br\/inicio\/wp-content\/uploads\/2025\/10\/SAVE_20251006_221555-1024x177.jpg 1024w, https:\/\/newsinfoco.com.br\/inicio\/wp-content\/uploads\/2025\/10\/SAVE_20251006_221555-768x133.jpg 768w, https:\/\/newsinfoco.com.br\/inicio\/wp-content\/uploads\/2025\/10\/SAVE_20251006_221555-600x104.jpg 600w, https:\/\/newsinfoco.com.br\/inicio\/wp-content\/uploads\/2025\/10\/SAVE_20251006_221555-696x120.jpg 696w, https:\/\/newsinfoco.com.br\/inicio\/wp-content\/uploads\/2025\/10\/SAVE_20251006_221555-1068x185.jpg 1068w\" sizes=\"(max-width: 1140px) 100vw, 1140px\" width=\"1140\" height=\"197\"   \/><\/a><\/div>\n<p style=\"text-align: justify;\"><span style=\"color: #000000;\">O secret\u00e1rio Alfredo Menezes explicou que toda a a\u00e7\u00e3o vem sendo desenvolvida durante todo o ano e que identificar e combater esta realidade no munic\u00edpio tem sido um compromisso da sua gest\u00e3o, \u201cJunto \u00e0 equipe do AEPETI e nossos funcion\u00e1rios tenho buscado tra\u00e7ar um mapa de identifica\u00e7\u00e3o desses trabalhos precoces, afim de que, sejam efetivadas a\u00e7\u00f5es concretas para a inser\u00e7\u00e3o desse p\u00fablico nos servi\u00e7os ofertados pela rede socioassistencial do munic\u00edpio. Esta tem sido uma a\u00e7\u00e3o di\u00e1ria e a semana \u00e9 importante para problematizar esta realidade\u201d, pontuou o secret\u00e1rio.<\/span><\/p>\n<p style=\"text-align: justify;\"><span style=\"color: #000000;\">Nesta sexta-feira(15), acontece a A\u00e7\u00e3o Maior na Central de Abastecimento da cidade alusiva ao Dia 12\/06 \u2013 Dia Mundial Contra o Trabalho Infantil, onde ser\u00e3o oferecidos servi\u00e7os de panfletagem, orienta\u00e7\u00e3o e sensibiliza\u00e7\u00e3o a comunidade. Para as crian\u00e7as haver\u00e1 um momento de recrea\u00e7\u00e3o, enfatizando o direito ao lazer, a divers\u00e3o e as brincadeiras.<\/span><\/p>\n<p style=\"text-align: justify;\">\n<p style=\"text-align: justify;\"><span style=\"color: #000000;\"><strong><em>Acompanhe a SEMAS nas redes sociais: www.facebook.com\/semasalagoinhas e no Instagram @semasalagoinhas<\/em><\/strong><\/span><\/p>\n<h6 style=\"text-align: right;\"><span style=\"color: #999999;\">Fonte: SECOM SEMAS Prefeitura<\/span><\/h6>\n<div class='share-to-whatsapp-wrapper'><div class='share-on-whsp'>Share on: <\/div><a data-text='Prefeitura e Assist\u00eancia Social promovem semana de enfrentamento ao trabalho infantil' data-link='https:\/\/newsinfoco.com.br\/inicio\/prefeitura-e-assistencia-social-promovem-semana-de-enfrentamento-ao-trabalho-infantil\/' class='whatsapp-button whatsapp-share'>WhatsApp<\/a><div class='clear '><\/div><\/div>","protected":false},"excerpt":{"rendered":"<p>A Semana de Combate ao Trabalho Infantil no munic\u00edpio est\u00e1 a todo o vapor, j\u00e1 foram promovidas a\u00e7\u00f5es na C\u00e2mara Municipal, no CRAS Riacho da Guia, Pra\u00e7a do C\u00e9u, e Nova Bras\u00edlia, no CADUNICO na sede da Secretaria Municipal de Assist\u00eancia Social (SEMAS), todas as a\u00e7\u00f5es contemplam o dia 12 de junho \u2013 Dia Mundial [&hellip;]<\/p>\n","protected":false},"author":1,"featured_media":5217,"comment_status":"open","ping_status":"open","sticky":false,"template":"","format":"standard","meta":{"om_disable_all_campaigns":false,"_exactmetrics_skip_tracking":false,"_exactmetrics_sitenote_active":false,"_exactmetrics_sitenote_note":"","_exactmetrics_sitenote_category":0,"footnotes":""},"categories":[38,30],"tags":[53,54,120],"class_list":["post-5216","post","type-post","status-publish","format-standard","has-post-thumbnail","hentry","category-alagoinhas-e-regiao","category-destaque","tag-alagoinhas","tag-prefeitura","tag-secom-semas"],"aioseo_notices":[],"_links":{"self":[{"href":"https:\/\/newsinfoco.com.br\/inicio\/wp-json\/wp\/v2\/posts\/5216","targetHints":{"allow":["GET"]}}],"collection":[{"href":"https:\/\/newsinfoco.com.br\/inicio\/wp-json\/wp\/v2\/posts"}],"about":[{"href":"https:\/\/newsinfoco.com.br\/inicio\/wp-json\/wp\/v2\/types\/post"}],"author":[{"embeddable":true,"href":"https:\/\/newsinfoco.com.br\/inicio\/wp-json\/wp\/v2\/users\/1"}],"replies":[{"embeddable":true,"href":"https:\/\/newsinfoco.com.br\/inicio\/wp-json\/wp\/v2\/comments?post=5216"}],"version-history":[{"count":0,"href":"https:\/\/newsinfoco.com.br\/inicio\/wp-json\/wp\/v2\/posts\/5216\/revisions"}],"wp:featuredmedia":[{"embeddable":true,"href":"https:\/\/newsinfoco.com.br\/inicio\/wp-json\/wp\/v2\/media\/5217"}],"wp:attachment":[{"href":"https:\/\/newsinfoco.com.br\/inicio\/wp-json\/wp\/v2\/media?parent=5216"}],"wp:term":[{"taxonomy":"category","embeddable":true,"href":"https:\/\/newsinfoco.com.br\/inicio\/wp-json\/wp\/v2\/categories?post=5216"},{"taxonomy":"post_tag","embeddable":true,"href":"https:\/\/newsinfoco.com.br\/inicio\/wp-json\/wp\/v2\/tags?post=5216"}],"curies":[{"name":"wp","href":"https:\/\/api.w.org\/{rel}","templated":true}]}}