{"id":5521,"date":"2018-06-20T18:45:09","date_gmt":"2018-06-20T21:45:09","guid":{"rendered":"http:\/\/newsinfoco.com.br\/?p=5521"},"modified":"2018-06-20T18:45:09","modified_gmt":"2018-06-20T21:45:09","slug":"credenciais-da-imprensa-para-o-sao-joao-2018-serao-entregues-nesta-quinta-feira-21","status":"publish","type":"post","link":"https:\/\/newsinfoco.com.br\/inicio\/credenciais-da-imprensa-para-o-sao-joao-2018-serao-entregues-nesta-quinta-feira-21\/","title":{"rendered":"Credenciais da imprensa para o S\u00e3o Jo\u00e3o 2018 ser\u00e3o entregues nesta quinta-feira (21)"},"content":{"rendered":"<p style=\"text-align: justify;\"><span style=\"color: #000000;\">A Secretaria de Comunica\u00e7\u00e3o \u2013 SECOM \u00a0informa aos ve\u00edculos de comunica\u00e7\u00e3o \u00a0que as credenciais para a cobertura dos shows do S\u00e3o Jo\u00e3o 2018 ser\u00e3o entregues nesta quinta-feira (21),\u00a0 na sede da SECOM, das 8h \u00e0s 17h, mediante apresenta\u00e7\u00e3o de documento de identidade com foto. A SECOM fica localizada \u00e0 Rua Conselheiro Saraiva, 211, Centro<\/span><\/p>\n<p style=\"text-align: justify;\"><span style=\"color: #000000;\">Nas noites dos dias 22 , 23 e 24 passar\u00e3o pelo palco da festa na Avenida Joseph Vagner, \u00a0nomes de peso do cen\u00e1rio musical, como Luan Santana, Bell Marques, Trio Nordestino. \u00a0Em contato com as assessorias dos cantores Bell Marques e Luan Santana, \u00a0a SECOM foi informada que quest\u00f5es contratuais impedir\u00e3o estes artistas de concederem entrevistas coletivas aos ve\u00edculos credenciados.Com rela\u00e7\u00e3o \u00e0 estrutura que ser\u00e1 utilizada pela imprensa, a SECOM informa, tamb\u00e9m, que \u00a0teremos wifi dispon\u00edvel e que os profissionais dever\u00e3o levar seus pr\u00f3prios equipamentos.<\/span><\/p><div class=\"newsi-conteudo_19\" id=\"newsi-4136078197\"><a href=\"https:\/\/www.instagram.com\/prefeituraalagoinhas?igsh=YzgzdDJ1bWR3aWI4\" aria-label=\"SAVE_20251006_221555\"><img loading=\"lazy\" decoding=\"async\" src=\"https:\/\/newsinfoco.com.br\/inicio\/wp-content\/uploads\/2025\/10\/SAVE_20251006_221555-rotated.jpg\" alt=\"\"  srcset=\"https:\/\/newsinfoco.com.br\/inicio\/wp-content\/uploads\/2025\/10\/SAVE_20251006_221555-rotated.jpg 1140w, https:\/\/newsinfoco.com.br\/inicio\/wp-content\/uploads\/2025\/10\/SAVE_20251006_221555-300x52.jpg 300w, https:\/\/newsinfoco.com.br\/inicio\/wp-content\/uploads\/2025\/10\/SAVE_20251006_221555-1024x177.jpg 1024w, https:\/\/newsinfoco.com.br\/inicio\/wp-content\/uploads\/2025\/10\/SAVE_20251006_221555-768x133.jpg 768w, https:\/\/newsinfoco.com.br\/inicio\/wp-content\/uploads\/2025\/10\/SAVE_20251006_221555-600x104.jpg 600w, https:\/\/newsinfoco.com.br\/inicio\/wp-content\/uploads\/2025\/10\/SAVE_20251006_221555-696x120.jpg 696w, https:\/\/newsinfoco.com.br\/inicio\/wp-content\/uploads\/2025\/10\/SAVE_20251006_221555-1068x185.jpg 1068w\" sizes=\"(max-width: 1140px) 100vw, 1140px\" width=\"1140\" height=\"197\"   \/><\/a><\/div>\n<p style=\"text-align: justify;\"><span style=\"color: #000000;\">S\u00f3 ter\u00e3o acesso \u00e0 sala de imprensa nos dias do evento os ve\u00edculos e profissionais credenciados.Para quaisquer informa\u00e7\u00f5es adicionais, a equipe da SECOM est\u00e1 \u00e1 disposi\u00e7\u00e3o na sede , das \u00e0s 8h \u00e0s 17h, pelo telefone 3423-8321\u00a0 ou pelo Whatsapp 0759804-9338.<\/span><\/p>\n<p style=\"text-align: justify;\">\n<p style=\"text-align: justify;\"><span style=\"color: #000000;\"><strong>CONFIRA A LISTA DOS VE\u00cdCULOS\u00a0 CREDENCIADOS :<\/strong><\/span><\/p>\n<p style=\"text-align: justify;\"><span style=\"color: #000000;\">NOME: MARCIO SILVA GOMES<\/span><\/p>\n<p style=\"text-align: justify;\"><span style=\"color: #000000;\">FUN\u00c7\u00c3O: DIRETOR<\/span><\/p>\n<p style=\"text-align: justify;\"><span style=\"color: #000000;\">VE\u00cdCULO: SITE PAUTA LIVRE<\/span><\/p>\n<p style=\"text-align: justify;\">\n<p style=\"text-align: justify;\"><span style=\"color: #000000;\">NOME: AILTON BORGES<\/span><\/p>\n<p style=\"text-align: justify;\"><span style=\"color: #000000;\">FUN\u00c7\u00c3O: RADIALISTA<\/span><\/p>\n<p style=\"text-align: justify;\"><span style=\"color: #000000;\">VE\u00cdCULO: R\u00c1DIO DIGITAL FM<\/span><\/p>\n<p style=\"text-align: justify;\">\n<p style=\"text-align: justify;\"><span style=\"color: #000000;\">NOME: FRANKLIM RUAN<\/span><\/p>\n<p style=\"text-align: justify;\"><span style=\"color: #000000;\">FUN\u00c7\u00c3O: REP\u00d3RTER<\/span><\/p>\n<p style=\"text-align: justify;\"><span style=\"color: #000000;\">VE\u00cdCULO: PORTAL ALAGOINHAS NEWS<\/span><\/p>\n<p style=\"text-align: justify;\">\n<p style=\"text-align: justify;\"><span style=\"color: #000000;\">NOME: MARCOS DANILO SOUSA<\/span><\/p>\n<p style=\"text-align: justify;\"><span style=\"color: #000000;\">FUN\u00c7\u00c3O: FOT\u00d3GRAFO<\/span><\/p>\n<p style=\"text-align: justify;\"><span style=\"color: #000000;\">VE\u00cdCULO: CAJAZEIRAS NO AR<\/span><\/p>\n<p style=\"text-align: justify;\">\n<p style=\"text-align: justify;\"><span style=\"color: #000000;\">NOME: NAT\u00c1LIA EMANUELE SOUSA SILVA<\/span><\/p>\n<p style=\"text-align: justify;\"><span style=\"color: #000000;\">FUN\u00c7\u00c3O: REP\u00d3RTER<\/span><\/p>\n<p style=\"text-align: justify;\"><span style=\"color: #000000;\">VE\u00cdCULO: CAJAZEIRAS NO AR<\/span><\/p>\n<p style=\"text-align: justify;\">\n<p style=\"text-align: justify;\"><span style=\"color: #000000;\">NOME: ALAN DE JESUS SOUZA<\/span><\/p>\n<p style=\"text-align: justify;\"><span style=\"color: #000000;\">FUN\u00c7\u00c3O: CINEGRAFISTA<\/span><\/p>\n<p style=\"text-align: justify;\"><span style=\"color: #000000;\">VE\u00cdCULO: CAJAZEIRAS NO AR<\/span><\/p>\n<p style=\"text-align: justify;\">\n<p style=\"text-align: justify;\"><span style=\"color: #000000;\">NOME: GABRIEL BANDARRA<\/span><\/p>\n<p style=\"text-align: justify;\"><span style=\"color: #000000;\">FUN\u00c7\u00c3O: REP\u00d3RTER<\/span><\/p>\n<p style=\"text-align: justify;\"><span style=\"color: #000000;\">VE\u00cdCULO: BURBURINHO NEWS<\/span><\/p>\n<p style=\"text-align: justify;\">\n<p style=\"text-align: justify;\"><span style=\"color: #000000;\">NOME: WYLIAN OLIVEIRA<\/span><\/p>\n<p style=\"text-align: justify;\"><span style=\"color: #000000;\">FUN\u00c7\u00c3O: CINEGRAFISTA<\/span><\/p>\n<p style=\"text-align: justify;\"><span style=\"color: #000000;\">VE\u00cdCULO: R\u00c1DIO 93 FM<\/span><\/p>\n<p style=\"text-align: justify;\">\n<p style=\"text-align: justify;\"><span style=\"color: #000000;\">NOME: S\u00c9RGIO SANTOS<\/span><\/p>\n<p style=\"text-align: justify;\"><span style=\"color: #000000;\">FUN\u00c7\u00c3O: CINEGRAFISTA DRONE<\/span><\/p>\n<p style=\"text-align: justify;\"><span style=\"color: #000000;\">VE\u00cdCULO: ALAGOINHAS NOT\u00cdCIAS<\/span><\/p>\n<p style=\"text-align: justify;\">\n<p style=\"text-align: justify;\"><span style=\"color: #000000;\">NOME: SIMONE OLIVEIRA<\/span><\/p>\n<p style=\"text-align: justify;\"><span style=\"color: #000000;\">FUN\u00c7\u00c3O: OPERADORA DE V\u00cdDEO \u2013 LINK AO VIVO<\/span><\/p>\n<p style=\"text-align: justify;\"><span style=\"color: #000000;\">VE\u00cdCULO: ALAGOINHAS NOT\u00cdCIAS<\/span><\/p>\n<p style=\"text-align: justify;\">\n<p style=\"text-align: justify;\"><span style=\"color: #000000;\">NOME: DAVID RIBEIRO<\/span><\/p>\n<p style=\"text-align: justify;\"><span style=\"color: #000000;\">FUN\u00c7\u00c3O: REP\u00d3RTER<\/span><\/p>\n<p style=\"text-align: justify;\"><span style=\"color: #000000;\">VE\u00cdCULO: SE LIGA ALAGOINHAS<\/span><\/p>\n<p style=\"text-align: justify;\">\n<p style=\"text-align: justify;\"><span style=\"color: #000000;\">NOME: HANNA LARISSA SANTANA<\/span><\/p>\n<p style=\"text-align: justify;\"><span style=\"color: #000000;\">FUN\u00c7\u00c3O: REP\u00d3RTER<\/span><\/p>\n<p style=\"text-align: justify;\"><span style=\"color: #000000;\">VE\u00cdCULO: SE LIGA ALAGOINHAS<\/span><\/p>\n<p style=\"text-align: justify;\">\n<p style=\"text-align: justify;\"><span style=\"color: #000000;\">NOME: M\u00c1RCIO RAMOS<\/span><\/p>\n<p style=\"text-align: justify;\"><span style=\"color: #000000;\">FUN\u00c7\u00c3O: REP\u00d3RTER<\/span><\/p>\n<p style=\"text-align: justify;\"><span style=\"color: #000000;\">VE\u00cdCULO: SE LIGA ALAGOINHAS<\/span><\/p>\n<p style=\"text-align: justify;\">\n<p style=\"text-align: justify;\"><span style=\"color: #000000;\">NOME: GABRIELA SILVA<\/span><\/p>\n<p style=\"text-align: justify;\"><span style=\"color: #000000;\">FUN\u00c7\u00c3O: REP\u00d3RTER<\/span><\/p>\n<p style=\"text-align: justify;\"><span style=\"color: #000000;\">VE\u00cdCULO: R\u00c1DIO VIDA FM<\/span><\/p>\n<p style=\"text-align: justify;\">\n<p style=\"text-align: justify;\"><span style=\"color: #000000;\">NOME: PAULO C\u00c9SAR SANTANA PINHEIRO<\/span><\/p>\n<p style=\"text-align: justify;\"><span style=\"color: #000000;\">FUN\u00c7\u00c3O: LOCUTOR<\/span><\/p>\n<p style=\"text-align: justify;\"><span style=\"color: #000000;\">VE\u00cdCULO: R\u00c1DIO DIGITAL FM<\/span><\/p>\n<p style=\"text-align: justify;\">\n<p style=\"text-align: justify;\"><span style=\"color: #000000;\">NOME: IRENILSON DOS SANTOS SOUZA<\/span><\/p>\n<p style=\"text-align: justify;\"><span style=\"color: #000000;\">FUN\u00c7\u00c3O: LOCUTOR<\/span><\/p>\n<p style=\"text-align: justify;\"><span style=\"color: #000000;\">VE\u00cdCULO: R\u00c1DIO DIGITAL FM<\/span><\/p>\n<p style=\"text-align: justify;\">\n<p style=\"text-align: justify;\"><span style=\"color: #000000;\">NOME: JAIR LISBOA SANTOS<\/span><\/p>\n<p style=\"text-align: justify;\"><span style=\"color: #000000;\">FUN\u00c7\u00c3O: LOCUTOR<\/span><\/p>\n<p style=\"text-align: justify;\"><span style=\"color: #000000;\">VE\u00cdCULO: R\u00c1DIO DIGITAL FM<\/span><\/p>\n<p style=\"text-align: justify;\">\n<p style=\"text-align: justify;\"><span style=\"color: #000000;\">NOME: FRANCISCA MARIA<\/span><\/p>\n<p style=\"text-align: justify;\"><span style=\"color: #000000;\">FUN\u00c7\u00c3O: REP\u00d3RTER<\/span><\/p>\n<p style=\"text-align: justify;\"><span style=\"color: #000000;\">VE\u00cdCULO: REVISTA T\u00d4 AQUI<\/span><\/p>\n<p style=\"text-align: justify;\">\n<p style=\"text-align: justify;\"><span style=\"color: #000000;\">NOME: VALDECARLOS ARA\u00daJO<\/span><\/p>\n<p style=\"text-align: justify;\"><span style=\"color: #000000;\">FUN\u00c7\u00c3O: FOT\u00d3GRAFO<\/span><\/p>\n<p style=\"text-align: justify;\"><span style=\"color: #000000;\">VE\u00cdCULO: REVISTA T\u00d4 AQUI<\/span><\/p>\n<p style=\"text-align: justify;\">\n<p style=\"text-align: justify;\"><span style=\"color: #000000;\">NOME: VILMA GUEDES<\/span><\/p>\n<p style=\"text-align: justify;\"><span style=\"color: #000000;\">FUN\u00c7\u00c3O: LOCUTORA<\/span><\/p>\n<p style=\"text-align: justify;\"><span style=\"color: #000000;\">VE\u00cdCULO: R\u00c1DIO 95 FM<\/span><\/p>\n<p style=\"text-align: justify;\">\n<p style=\"text-align: justify;\"><span style=\"color: #000000;\">NOME: GIL SILVA<\/span><\/p>\n<p style=\"text-align: justify;\"><span style=\"color: #000000;\">FUN\u00c7\u00c3O: LOCUTOR<\/span><\/p>\n<p style=\"text-align: justify;\"><span style=\"color: #000000;\">VE\u00cdCULO: R\u00c1DIO 95 FM<\/span><\/p>\n<p style=\"text-align: justify;\">\n<p style=\"text-align: justify;\"><span style=\"color: #000000;\">NOME: ROM\u00c1RIO LOPES<\/span><\/p>\n<p style=\"text-align: justify;\"><span style=\"color: #000000;\">FUN\u00c7\u00c3O: LOCUTOR<\/span><\/p>\n<p style=\"text-align: justify;\"><span style=\"color: #000000;\">VE\u00cdCULO: R\u00c1DIO 95 FM<\/span><\/p>\n<h6 style=\"text-align: right;\"><span style=\"color: #999999;\">Fonte: SECOM Prefeitura<\/span><\/h6>\n<div class='share-to-whatsapp-wrapper'><div class='share-on-whsp'>Share on: <\/div><a data-text='Credenciais da imprensa para o S\u00e3o Jo\u00e3o 2018 ser\u00e3o entregues nesta quinta-feira (21)' data-link='https:\/\/newsinfoco.com.br\/inicio\/credenciais-da-imprensa-para-o-sao-joao-2018-serao-entregues-nesta-quinta-feira-21\/' class='whatsapp-button whatsapp-share'>WhatsApp<\/a><div class='clear '><\/div><\/div>","protected":false},"excerpt":{"rendered":"<p>A Secretaria de Comunica\u00e7\u00e3o \u2013 SECOM \u00a0informa aos ve\u00edculos de comunica\u00e7\u00e3o \u00a0que as credenciais para a cobertura dos shows do S\u00e3o Jo\u00e3o 2018 ser\u00e3o entregues nesta quinta-feira (21),\u00a0 na sede da SECOM, das 8h \u00e0s 17h, mediante apresenta\u00e7\u00e3o de documento de identidade com foto. A SECOM fica localizada \u00e0 Rua Conselheiro Saraiva, 211, Centro Nas [&hellip;]<\/p>\n","protected":false},"author":1,"featured_media":3184,"comment_status":"open","ping_status":"open","sticky":false,"template":"","format":"standard","meta":{"om_disable_all_campaigns":false,"_exactmetrics_skip_tracking":false,"_exactmetrics_sitenote_active":false,"_exactmetrics_sitenote_note":"","_exactmetrics_sitenote_category":0,"footnotes":""},"categories":[38,30],"tags":[53,54,56],"class_list":["post-5521","post","type-post","status-publish","format-standard","has-post-thumbnail","hentry","category-alagoinhas-e-regiao","category-destaque","tag-alagoinhas","tag-prefeitura","tag-secom"],"aioseo_notices":[],"_links":{"self":[{"href":"https:\/\/newsinfoco.com.br\/inicio\/wp-json\/wp\/v2\/posts\/5521","targetHints":{"allow":["GET"]}}],"collection":[{"href":"https:\/\/newsinfoco.com.br\/inicio\/wp-json\/wp\/v2\/posts"}],"about":[{"href":"https:\/\/newsinfoco.com.br\/inicio\/wp-json\/wp\/v2\/types\/post"}],"author":[{"embeddable":true,"href":"https:\/\/newsinfoco.com.br\/inicio\/wp-json\/wp\/v2\/users\/1"}],"replies":[{"embeddable":true,"href":"https:\/\/newsinfoco.com.br\/inicio\/wp-json\/wp\/v2\/comments?post=5521"}],"version-history":[{"count":0,"href":"https:\/\/newsinfoco.com.br\/inicio\/wp-json\/wp\/v2\/posts\/5521\/revisions"}],"wp:featuredmedia":[{"embeddable":true,"href":"https:\/\/newsinfoco.com.br\/inicio\/wp-json\/wp\/v2\/media\/3184"}],"wp:attachment":[{"href":"https:\/\/newsinfoco.com.br\/inicio\/wp-json\/wp\/v2\/media?parent=5521"}],"wp:term":[{"taxonomy":"category","embeddable":true,"href":"https:\/\/newsinfoco.com.br\/inicio\/wp-json\/wp\/v2\/categories?post=5521"},{"taxonomy":"post_tag","embeddable":true,"href":"https:\/\/newsinfoco.com.br\/inicio\/wp-json\/wp\/v2\/tags?post=5521"}],"curies":[{"name":"wp","href":"https:\/\/api.w.org\/{rel}","templated":true}]}}