{"id":5523,"date":"2018-06-20T18:54:09","date_gmt":"2018-06-20T21:54:09","guid":{"rendered":"http:\/\/newsinfoco.com.br\/?p=5523"},"modified":"2018-06-20T18:54:09","modified_gmt":"2018-06-20T21:54:09","slug":"projeto-eco-kids-prefeitura-promove-acao-de-conscientizacao-na-escola-municipal-do-jardim-petrolar","status":"publish","type":"post","link":"https:\/\/newsinfoco.com.br\/inicio\/projeto-eco-kids-prefeitura-promove-acao-de-conscientizacao-na-escola-municipal-do-jardim-petrolar\/","title":{"rendered":"Projeto Eco Kids: Prefeitura promove a\u00e7\u00e3o de conscientiza\u00e7\u00e3o na Escola Municipal do Jardim Petrolar"},"content":{"rendered":"<p style=\"text-align: justify;\"><span style=\"color: #000000;\">A Prefeitura de Alagoinhas, atrav\u00e9s da Secretaria Municipal de Desenvolvimento e Meio Ambiente (SEDEA) promoveu, na \u00faltima ter\u00e7a-feira (19), mais uma apresenta\u00e7\u00e3o do projeto Eco Kids, que tem como objetivo fomentar a defesa do meio ambiente, levantar discuss\u00f5es sobre preserva\u00e7\u00e3o e incentivar a promo\u00e7\u00e3o de a\u00e7\u00f5es sustent\u00e1veis junto a crian\u00e7as das escolas municipais, alertando para a conscientiza\u00e7\u00e3o e contribuindo para a forma\u00e7\u00e3o de multiplicadores.<\/span><\/p>\n<p style=\"text-align: justify;\"><span style=\"color: #000000;\">Desta vez, a a\u00e7\u00e3o foi realizada na Escola Municipal do Jardim Petrolar, e alunos do 5\u00ba ano apresentaram as atividades realizadas durante o projeto, que teve como tema central a frase \u201cEmbarcando na rota do lixo\u201d.<\/span><\/p><div class=\"newsi-conteudo_19\" id=\"newsi-4152959646\"><a href=\"https:\/\/www.instagram.com\/prefeituraalagoinhas?igsh=YzgzdDJ1bWR3aWI4\" aria-label=\"SAVE_20251006_221555\"><img loading=\"lazy\" decoding=\"async\" src=\"https:\/\/newsinfoco.com.br\/inicio\/wp-content\/uploads\/2025\/10\/SAVE_20251006_221555-rotated.jpg\" alt=\"\"  srcset=\"https:\/\/newsinfoco.com.br\/inicio\/wp-content\/uploads\/2025\/10\/SAVE_20251006_221555-rotated.jpg 1140w, https:\/\/newsinfoco.com.br\/inicio\/wp-content\/uploads\/2025\/10\/SAVE_20251006_221555-300x52.jpg 300w, https:\/\/newsinfoco.com.br\/inicio\/wp-content\/uploads\/2025\/10\/SAVE_20251006_221555-1024x177.jpg 1024w, https:\/\/newsinfoco.com.br\/inicio\/wp-content\/uploads\/2025\/10\/SAVE_20251006_221555-768x133.jpg 768w, https:\/\/newsinfoco.com.br\/inicio\/wp-content\/uploads\/2025\/10\/SAVE_20251006_221555-600x104.jpg 600w, https:\/\/newsinfoco.com.br\/inicio\/wp-content\/uploads\/2025\/10\/SAVE_20251006_221555-696x120.jpg 696w, https:\/\/newsinfoco.com.br\/inicio\/wp-content\/uploads\/2025\/10\/SAVE_20251006_221555-1068x185.jpg 1068w\" sizes=\"(max-width: 1140px) 100vw, 1140px\" width=\"1140\" height=\"197\"   \/><\/a><\/div>\n<p style=\"text-align: justify;\"><span style=\"color: #000000;\">Estiveram presentes a promotora Suzana Dantas Cerqueira Monteiro, o presidente do Conselho Municipal de Defesa do Meio Ambiente, Jos\u00e9 Antonio de Oliveira Neto, o Secret\u00e1rio de Desenvolvimento Econ\u00f4mico e Meio Ambiente, Jos\u00e9 Ed\u00e9sio Cardoso, e o Secret\u00e1rio Municipal de Educa\u00e7\u00e3o Fabr\u00edcio Faro.<\/span><\/p>\n<p style=\"text-align: justify;\"><span style=\"color: #000000;\">A SEDEA informou que foram impressos mil exemplares da revista e o secret\u00e1rio da pasta, Jos\u00e9 Ed\u00e9sio Cardoso, destacou que \u00e9 importante que esse tipo de material seja divulgado e compartilhado com a sociedade, fortalecendo o trabalho de educa\u00e7\u00e3o ambiental realizado nas escolas. Segundo a secretaria, novas a\u00e7\u00f5es devem ser desenvolvidas ao longo do ano.<\/span><\/p>\n<h6 style=\"text-align: right;\"><span style=\"color: #999999;\">Fonte: SECOM SEDEA\u00a0<\/span><\/h6>\n<div class='share-to-whatsapp-wrapper'><div class='share-on-whsp'>Share on: <\/div><a data-text='Projeto Eco Kids: Prefeitura promove a\u00e7\u00e3o de conscientiza\u00e7\u00e3o na Escola Municipal do Jardim Petrolar' data-link='https:\/\/newsinfoco.com.br\/inicio\/projeto-eco-kids-prefeitura-promove-acao-de-conscientizacao-na-escola-municipal-do-jardim-petrolar\/' class='whatsapp-button whatsapp-share'>WhatsApp<\/a><div class='clear '><\/div><\/div>","protected":false},"excerpt":{"rendered":"<p>A Prefeitura de Alagoinhas, atrav\u00e9s da Secretaria Municipal de Desenvolvimento e Meio Ambiente (SEDEA) promoveu, na \u00faltima ter\u00e7a-feira (19), mais uma apresenta\u00e7\u00e3o do projeto Eco Kids, que tem como objetivo fomentar a defesa do meio ambiente, levantar discuss\u00f5es sobre preserva\u00e7\u00e3o e incentivar a promo\u00e7\u00e3o de a\u00e7\u00f5es sustent\u00e1veis junto a crian\u00e7as das escolas municipais, alertando para [&hellip;]<\/p>\n","protected":false},"author":1,"featured_media":5524,"comment_status":"open","ping_status":"open","sticky":false,"template":"","format":"standard","meta":{"om_disable_all_campaigns":false,"_exactmetrics_skip_tracking":false,"_exactmetrics_sitenote_active":false,"_exactmetrics_sitenote_note":"","_exactmetrics_sitenote_category":0,"footnotes":""},"categories":[38,30],"tags":[53,54,130],"class_list":["post-5523","post","type-post","status-publish","format-standard","has-post-thumbnail","hentry","category-alagoinhas-e-regiao","category-destaque","tag-alagoinhas","tag-prefeitura","tag-secom-sedea"],"aioseo_notices":[],"_links":{"self":[{"href":"https:\/\/newsinfoco.com.br\/inicio\/wp-json\/wp\/v2\/posts\/5523","targetHints":{"allow":["GET"]}}],"collection":[{"href":"https:\/\/newsinfoco.com.br\/inicio\/wp-json\/wp\/v2\/posts"}],"about":[{"href":"https:\/\/newsinfoco.com.br\/inicio\/wp-json\/wp\/v2\/types\/post"}],"author":[{"embeddable":true,"href":"https:\/\/newsinfoco.com.br\/inicio\/wp-json\/wp\/v2\/users\/1"}],"replies":[{"embeddable":true,"href":"https:\/\/newsinfoco.com.br\/inicio\/wp-json\/wp\/v2\/comments?post=5523"}],"version-history":[{"count":0,"href":"https:\/\/newsinfoco.com.br\/inicio\/wp-json\/wp\/v2\/posts\/5523\/revisions"}],"wp:featuredmedia":[{"embeddable":true,"href":"https:\/\/newsinfoco.com.br\/inicio\/wp-json\/wp\/v2\/media\/5524"}],"wp:attachment":[{"href":"https:\/\/newsinfoco.com.br\/inicio\/wp-json\/wp\/v2\/media?parent=5523"}],"wp:term":[{"taxonomy":"category","embeddable":true,"href":"https:\/\/newsinfoco.com.br\/inicio\/wp-json\/wp\/v2\/categories?post=5523"},{"taxonomy":"post_tag","embeddable":true,"href":"https:\/\/newsinfoco.com.br\/inicio\/wp-json\/wp\/v2\/tags?post=5523"}],"curies":[{"name":"wp","href":"https:\/\/api.w.org\/{rel}","templated":true}]}}