{"id":5529,"date":"2018-06-20T19:25:06","date_gmt":"2018-06-20T22:25:06","guid":{"rendered":"http:\/\/newsinfoco.com.br\/?p=5529"},"modified":"2018-06-20T19:25:06","modified_gmt":"2018-06-20T22:25:06","slug":"com-atracoes-variadas-e-programacao-voltada-a-tradicao-do-forro-sao-joao-de-alagoinhas-garante-uma-estrutura-totalmente-equipada-para-receber-o-publico","status":"publish","type":"post","link":"https:\/\/newsinfoco.com.br\/inicio\/com-atracoes-variadas-e-programacao-voltada-a-tradicao-do-forro-sao-joao-de-alagoinhas-garante-uma-estrutura-totalmente-equipada-para-receber-o-publico\/","title":{"rendered":"Com atra\u00e7\u00f5es variadas e programa\u00e7\u00e3o voltada \u00e0 tradi\u00e7\u00e3o do forr\u00f3, S\u00e3o Jo\u00e3o de Alagoinhas garante uma estrutura totalmente equipada para receber o p\u00fablico"},"content":{"rendered":"<p style=\"text-align: justify;\"><span style=\"color: #000000;\">Equipamentos com LED, 2 portais de acesso, mais de 24 horas de m\u00fasica tocando e 30 homens trabalhando na montagem do palco. \u00c9 com uma estrutura completamente equipada, entre aparatos de som, ilumina\u00e7\u00e3o e seguran\u00e7a, que a Prefeitura de Alagoinhas promete colocar definitivamente o munic\u00edpio entre as cidades que realizam o melhor e mais tradicional S\u00e3o Jo\u00e3o da Bahia.<\/span><\/p>\n<p style=\"text-align: justify;\"><span style=\"color: #000000;\">\u201cTudo o que existe de novas tecnologias est\u00e1 sendo trazido para o S\u00e3o Jo\u00e3o de Alagoinhas. O palco, se voc\u00ea for olhar, \u00e9 uma estrutura que pela primeira vez est\u00e1 sendo montada em Alagoinhas. Tivemos a felicidade de uma empresa da cidade estar fazendo a sonoriza\u00e7\u00e3o do evento, com equipamentos de \u00faltima gera\u00e7\u00e3o. Vamos receber aqui Luan Santana, que vai trazer o cen\u00e1rio novo completo e teremos algumas novidades\u201d, garantiu George Cabor\u00e9, um dos organizadores do evento.<\/span><\/p><div class=\"newsi-conteudo_19\" id=\"newsi-484441504\"><a href=\"https:\/\/www.instagram.com\/prefeituraalagoinhas?igsh=YzgzdDJ1bWR3aWI4\" aria-label=\"SAVE_20251006_221555\"><img loading=\"lazy\" decoding=\"async\" src=\"https:\/\/newsinfoco.com.br\/inicio\/wp-content\/uploads\/2025\/10\/SAVE_20251006_221555-rotated.jpg\" alt=\"\"  srcset=\"https:\/\/newsinfoco.com.br\/inicio\/wp-content\/uploads\/2025\/10\/SAVE_20251006_221555-rotated.jpg 1140w, https:\/\/newsinfoco.com.br\/inicio\/wp-content\/uploads\/2025\/10\/SAVE_20251006_221555-300x52.jpg 300w, https:\/\/newsinfoco.com.br\/inicio\/wp-content\/uploads\/2025\/10\/SAVE_20251006_221555-1024x177.jpg 1024w, https:\/\/newsinfoco.com.br\/inicio\/wp-content\/uploads\/2025\/10\/SAVE_20251006_221555-768x133.jpg 768w, https:\/\/newsinfoco.com.br\/inicio\/wp-content\/uploads\/2025\/10\/SAVE_20251006_221555-600x104.jpg 600w, https:\/\/newsinfoco.com.br\/inicio\/wp-content\/uploads\/2025\/10\/SAVE_20251006_221555-696x120.jpg 696w, https:\/\/newsinfoco.com.br\/inicio\/wp-content\/uploads\/2025\/10\/SAVE_20251006_221555-1068x185.jpg 1068w\" sizes=\"(max-width: 1140px) 100vw, 1140px\" width=\"1140\" height=\"197\"   \/><\/a><\/div>\n<p style=\"text-align: justify;\"><span style=\"color: #000000;\">Al\u00e9m da \u00e1rea montada para receber o p\u00fablico, a Secretaria Municipal de Cultura, Esporte e Turismo (SECET) destacou que a festa vai contar com o apoio da Pol\u00edcia Militar, que deve trazer 9 equipes de patrulhamento de fora para compor o efetivo de trabalho durante os dias 22, 23 e 24 de junho. A seguran\u00e7a ser\u00e1 realizada tamb\u00e9m pela Guarda Municipal, que estar\u00e1 atuando durante todo o per\u00edodo, e pela seguran\u00e7a privada, contratada para fiscalizar os acessos nos portais de entrada e nas 3 sa\u00eddas de emerg\u00eancia.<\/span><\/p>\n<p style=\"text-align: justify;\"><span style=\"color: #000000;\">De acordo com a SECET, a Secretaria de Seguran\u00e7a P\u00fablica est\u00e1 instalando, desde a \u00faltima ter\u00e7a-feira (19), c\u00e2meras de monitoramento para assegurar a vigil\u00e2ncia no local, que contar\u00e1 ainda com caminh\u00e3o do corpo de bombeiros e posto de atendimento m\u00e9dico especialmente montado pela Secretaria Municipal de Sa\u00fade.<\/span><\/p>\n<p style=\"text-align: justify;\"><span style=\"color: #000000;\">Os organizadores afirmaram que as secretarias de infraestrutura e de servi\u00e7os p\u00fablicos t\u00eam disponibilizado equipes para preparar a \u00e1rea de entorno da festa e a Superintend\u00eancia Municipal de Transporte e Tr\u00e2nsito (SMTT) divulgou que est\u00e1 mapeando as vias para facilitar o fluxo da regi\u00e3o durante o final de semana.<\/span><\/p>\n<p style=\"text-align: justify;\"><span style=\"color: #000000;\">A previs\u00e3o \u00e9 de, na sexta-feira (22), os shows da primeira noite se estendam por mais de 8 horas e a SECET comunicou que, no total, o S\u00e3o de Alagoinhas 2018 deve contar com mais de 24 horas de m\u00fasica na programa\u00e7\u00e3o.<\/span><br \/>\n<span style=\"color: #000000;\">O repert\u00f3rio \u00e9 composto por bandas locais e atra\u00e7\u00f5es de proje\u00e7\u00e3o nacional, como Luan Santana, Trio Nordestino e Bell Marques, entre outros, e mais de 80% da grade segue o ritmo do forr\u00f3, em uma proposta de valoriza\u00e7\u00e3o da cultura nordestina. O p\u00fablico esperado \u00e9 de 150 mil pessoas durante os 3 dias de evento.<\/span><\/p>\n<p>&nbsp;<\/p>\n<p><img decoding=\"async\" src=\"https:\/\/www.alagoinhas.ba.gov.br\/wp-content\/uploads\/2018\/06\/WhatsApp-Image-2018-06-20-at-17.35.25-1024x678.jpeg\" \/><\/p>\n<p>&nbsp;<\/p>\n<p>&nbsp;<\/p>\n<p><img decoding=\"async\" src=\"https:\/\/www.alagoinhas.ba.gov.br\/wp-content\/uploads\/2018\/06\/WhatsApp-Image-2018-06-20-at-17.37.57-1024x768.jpeg\" \/><\/p>\n<p>&nbsp;<\/p>\n<p><img decoding=\"async\" src=\"https:\/\/www.alagoinhas.ba.gov.br\/wp-content\/uploads\/2018\/06\/WhatsApp-Image-2018-06-20-at-17.35.23-1024x678.jpeg\" \/><\/p>\n<p>&nbsp;<\/p>\n<h6 style=\"text-align: right;\"><span style=\"color: #999999;\">Fonte: SECOM SECET Prefeitura<\/span><\/h6>\n<div class='share-to-whatsapp-wrapper'><div class='share-on-whsp'>Share on: <\/div><a data-text='Com atra\u00e7\u00f5es variadas e programa\u00e7\u00e3o voltada \u00e0 tradi\u00e7\u00e3o do forr\u00f3, S\u00e3o Jo\u00e3o de Alagoinhas garante uma estrutura totalmente equipada para receber o p\u00fablico' data-link='https:\/\/newsinfoco.com.br\/inicio\/com-atracoes-variadas-e-programacao-voltada-a-tradicao-do-forro-sao-joao-de-alagoinhas-garante-uma-estrutura-totalmente-equipada-para-receber-o-publico\/' class='whatsapp-button whatsapp-share'>WhatsApp<\/a><div class='clear '><\/div><\/div>","protected":false},"excerpt":{"rendered":"<p>Equipamentos com LED, 2 portais de acesso, mais de 24 horas de m\u00fasica tocando e 30 homens trabalhando na montagem do palco. \u00c9 com uma estrutura completamente equipada, entre aparatos de som, ilumina\u00e7\u00e3o e seguran\u00e7a, que a Prefeitura de Alagoinhas promete colocar definitivamente o munic\u00edpio entre as cidades que realizam o melhor e mais tradicional [&hellip;]<\/p>\n","protected":false},"author":1,"featured_media":5532,"comment_status":"open","ping_status":"open","sticky":false,"template":"","format":"standard","meta":{"om_disable_all_campaigns":false,"_exactmetrics_skip_tracking":false,"_exactmetrics_sitenote_active":false,"_exactmetrics_sitenote_note":"","_exactmetrics_sitenote_category":0,"footnotes":""},"categories":[38,30],"tags":[53,54,121],"class_list":["post-5529","post","type-post","status-publish","format-standard","has-post-thumbnail","hentry","category-alagoinhas-e-regiao","category-destaque","tag-alagoinhas","tag-prefeitura","tag-secom-secet"],"aioseo_notices":[],"_links":{"self":[{"href":"https:\/\/newsinfoco.com.br\/inicio\/wp-json\/wp\/v2\/posts\/5529","targetHints":{"allow":["GET"]}}],"collection":[{"href":"https:\/\/newsinfoco.com.br\/inicio\/wp-json\/wp\/v2\/posts"}],"about":[{"href":"https:\/\/newsinfoco.com.br\/inicio\/wp-json\/wp\/v2\/types\/post"}],"author":[{"embeddable":true,"href":"https:\/\/newsinfoco.com.br\/inicio\/wp-json\/wp\/v2\/users\/1"}],"replies":[{"embeddable":true,"href":"https:\/\/newsinfoco.com.br\/inicio\/wp-json\/wp\/v2\/comments?post=5529"}],"version-history":[{"count":0,"href":"https:\/\/newsinfoco.com.br\/inicio\/wp-json\/wp\/v2\/posts\/5529\/revisions"}],"wp:featuredmedia":[{"embeddable":true,"href":"https:\/\/newsinfoco.com.br\/inicio\/wp-json\/wp\/v2\/media\/5532"}],"wp:attachment":[{"href":"https:\/\/newsinfoco.com.br\/inicio\/wp-json\/wp\/v2\/media?parent=5529"}],"wp:term":[{"taxonomy":"category","embeddable":true,"href":"https:\/\/newsinfoco.com.br\/inicio\/wp-json\/wp\/v2\/categories?post=5529"},{"taxonomy":"post_tag","embeddable":true,"href":"https:\/\/newsinfoco.com.br\/inicio\/wp-json\/wp\/v2\/tags?post=5529"}],"curies":[{"name":"wp","href":"https:\/\/api.w.org\/{rel}","templated":true}]}}