{"id":5544,"date":"2018-06-21T10:40:36","date_gmt":"2018-06-21T13:40:36","guid":{"rendered":"http:\/\/newsinfoco.com.br\/?p=5544"},"modified":"2018-06-21T10:44:48","modified_gmt":"2018-06-21T13:44:48","slug":"luciano-sergio-abre-mao-de-candidatura-a-deputado-estadual-e-joseildo-ramos-fara-dobradinha-com-radiovaldo-costa","status":"publish","type":"post","link":"https:\/\/newsinfoco.com.br\/inicio\/luciano-sergio-abre-mao-de-candidatura-a-deputado-estadual-e-joseildo-ramos-fara-dobradinha-com-radiovaldo-costa\/","title":{"rendered":"Luciano S\u00e9rgio abre m\u00e3o de candidatura a deputado estadual e Joseildo Ramos far\u00e1 dobradinha com Radiovaldo Costa"},"content":{"rendered":"<p style=\"text-align: justify;\">O vereador Luciano S\u00e9rgio abriu m\u00e3o de sua pr\u00e9-candidatura a deputado estadual. O edil alagoinhense afirmou, em entrevista ao programa Primeira M\u00e3o, da r\u00e1dio 95,7 FM, que a decis\u00e3o tomada foi em beneficio da unidade do PT nas elei\u00e7\u00f5es.<\/p>\n<p style=\"text-align: justify;\">De acordo com Luciano, a divis\u00e3o do PT foi o principal respons\u00e1vel pela vit\u00f3ria de Joaquim Neto(DEM) para a prefeitura de Alagoinhas. Agora, em 2018, a sigla n\u00e3o quer repetir o mesmo erro.<\/p><div class=\"newsi-conteudo_19\" id=\"newsi-1922631241\"><a href=\"https:\/\/www.instagram.com\/prefeituraalagoinhas?igsh=YzgzdDJ1bWR3aWI4\" aria-label=\"SAVE_20251006_221555\"><img loading=\"lazy\" decoding=\"async\" src=\"https:\/\/newsinfoco.com.br\/inicio\/wp-content\/uploads\/2025\/10\/SAVE_20251006_221555-rotated.jpg\" alt=\"\"  srcset=\"https:\/\/newsinfoco.com.br\/inicio\/wp-content\/uploads\/2025\/10\/SAVE_20251006_221555-rotated.jpg 1140w, https:\/\/newsinfoco.com.br\/inicio\/wp-content\/uploads\/2025\/10\/SAVE_20251006_221555-300x52.jpg 300w, https:\/\/newsinfoco.com.br\/inicio\/wp-content\/uploads\/2025\/10\/SAVE_20251006_221555-1024x177.jpg 1024w, https:\/\/newsinfoco.com.br\/inicio\/wp-content\/uploads\/2025\/10\/SAVE_20251006_221555-768x133.jpg 768w, https:\/\/newsinfoco.com.br\/inicio\/wp-content\/uploads\/2025\/10\/SAVE_20251006_221555-600x104.jpg 600w, https:\/\/newsinfoco.com.br\/inicio\/wp-content\/uploads\/2025\/10\/SAVE_20251006_221555-696x120.jpg 696w, https:\/\/newsinfoco.com.br\/inicio\/wp-content\/uploads\/2025\/10\/SAVE_20251006_221555-1068x185.jpg 1068w\" sizes=\"(max-width: 1140px) 100vw, 1140px\" width=\"1140\" height=\"197\"   \/><\/a><\/div>\n<p style=\"text-align: justify;\">Dessa forma o \u00fanico pr\u00e9-candidato a deputado estadual pelo PT de Alagoinhas ser\u00e1 o sindicalista e ex-vereador, Radiovaldo Costa, que far\u00e1 dobradinha com o pr\u00e9-candidato a deputado federal Joseildo Ramos.<\/p>\n<p style=\"text-align: justify;\">Joseildo exerce o segundo mandato como deputado estadual, \u00e9 lider da bancada do PT na Assembleia Legislativa da Bahia e foi por duas vezes prefeito de Alagoinhas.<\/p>\n<h6 style=\"text-align: right;\"><span style=\"color: #999999;\">Por Caio Pimenta para o News Infoco<\/span><\/h6>\n<div class='share-to-whatsapp-wrapper'><div class='share-on-whsp'>Share on: <\/div><a data-text='Luciano S\u00e9rgio abre m\u00e3o de candidatura a deputado estadual e Joseildo Ramos far\u00e1 dobradinha com Radiovaldo Costa' data-link='https:\/\/newsinfoco.com.br\/inicio\/luciano-sergio-abre-mao-de-candidatura-a-deputado-estadual-e-joseildo-ramos-fara-dobradinha-com-radiovaldo-costa\/' class='whatsapp-button whatsapp-share'>WhatsApp<\/a><div class='clear '><\/div><\/div>","protected":false},"excerpt":{"rendered":"<p>O vereador Luciano S\u00e9rgio abriu m\u00e3o de sua pr\u00e9-candidatura a deputado estadual. O edil alagoinhense afirmou, em entrevista ao programa Primeira M\u00e3o, da r\u00e1dio 95,7 FM, que a decis\u00e3o tomada foi em beneficio da unidade do PT nas elei\u00e7\u00f5es. De acordo com Luciano, a divis\u00e3o do PT foi o principal respons\u00e1vel pela vit\u00f3ria de Joaquim [&hellip;]<\/p>\n","protected":false},"author":1,"featured_media":5545,"comment_status":"open","ping_status":"open","sticky":false,"template":"","format":"standard","meta":{"om_disable_all_campaigns":false,"_exactmetrics_skip_tracking":false,"_exactmetrics_sitenote_active":false,"_exactmetrics_sitenote_note":"","_exactmetrics_sitenote_category":0,"footnotes":""},"categories":[38,30],"tags":[],"class_list":["post-5544","post","type-post","status-publish","format-standard","has-post-thumbnail","hentry","category-alagoinhas-e-regiao","category-destaque"],"aioseo_notices":[],"_links":{"self":[{"href":"https:\/\/newsinfoco.com.br\/inicio\/wp-json\/wp\/v2\/posts\/5544","targetHints":{"allow":["GET"]}}],"collection":[{"href":"https:\/\/newsinfoco.com.br\/inicio\/wp-json\/wp\/v2\/posts"}],"about":[{"href":"https:\/\/newsinfoco.com.br\/inicio\/wp-json\/wp\/v2\/types\/post"}],"author":[{"embeddable":true,"href":"https:\/\/newsinfoco.com.br\/inicio\/wp-json\/wp\/v2\/users\/1"}],"replies":[{"embeddable":true,"href":"https:\/\/newsinfoco.com.br\/inicio\/wp-json\/wp\/v2\/comments?post=5544"}],"version-history":[{"count":0,"href":"https:\/\/newsinfoco.com.br\/inicio\/wp-json\/wp\/v2\/posts\/5544\/revisions"}],"wp:featuredmedia":[{"embeddable":true,"href":"https:\/\/newsinfoco.com.br\/inicio\/wp-json\/wp\/v2\/media\/5545"}],"wp:attachment":[{"href":"https:\/\/newsinfoco.com.br\/inicio\/wp-json\/wp\/v2\/media?parent=5544"}],"wp:term":[{"taxonomy":"category","embeddable":true,"href":"https:\/\/newsinfoco.com.br\/inicio\/wp-json\/wp\/v2\/categories?post=5544"},{"taxonomy":"post_tag","embeddable":true,"href":"https:\/\/newsinfoco.com.br\/inicio\/wp-json\/wp\/v2\/tags?post=5544"}],"curies":[{"name":"wp","href":"https:\/\/api.w.org\/{rel}","templated":true}]}}