{"id":5585,"date":"2018-06-21T20:28:31","date_gmt":"2018-06-21T23:28:31","guid":{"rendered":"http:\/\/newsinfoco.com.br\/?p=5585"},"modified":"2018-06-21T20:28:31","modified_gmt":"2018-06-21T23:28:31","slug":"prefeitura-de-alagoinhas-monta-esquema-especial-de-transito-e-transporte-para-o-sao-joao-alagoinhas-2018","status":"publish","type":"post","link":"https:\/\/newsinfoco.com.br\/inicio\/prefeitura-de-alagoinhas-monta-esquema-especial-de-transito-e-transporte-para-o-sao-joao-alagoinhas-2018\/","title":{"rendered":"Prefeitura de Alagoinhas monta esquema especial de tr\u00e2nsito e transporte para o S\u00e3o Jo\u00e3o Alagoinhas 2018"},"content":{"rendered":"<p style=\"text-align: justify;\"><span style=\"color: #000000;\">A Prefeitura de Alagoinhas, por meio da Superintend\u00eancia de Transporte de Tr\u00e2nsito (SMTT), montou um esquema especial para o S\u00e3o Jo\u00e3o Alagoinhas 2018. Entre os dias 22 e 24 de junho as Avenidas Juracy Magalh\u00e3es e Joseph Wagner estar\u00e3o fechadas por conta do evento. Al\u00e9m das mudan\u00e7as no tr\u00e2nsito, o transporte coletivo tamb\u00e9m recebe modifica\u00e7\u00f5es para atender as demandas do p\u00fablico. A SMTT contar\u00e1 com efetivo de 43 agentes trabalhando diretamente no S\u00e3o Jo\u00e3o para garantir a seguran\u00e7a e fluidez nas vias.<\/span><\/p>\n<p style=\"text-align: justify;\"><span style=\"color: #000000;\">Deste modo a autarquia recomenda a utiliza\u00e7\u00e3o de vias alternativas, como: Juracy Magalh\u00e3es (at\u00e9 o F\u00f3rum), Rua Cel. Filadelfo Neves, Rua Juscelino Carmo, Rua Santa Maria, 3\u00aa Travessa Santa Maria e Joseph Wagner, todas elas s\u00e3o op\u00e7\u00f5es para o sentido que corresponde \u00e0 sa\u00edda da cidade. Quem preferir chegar ao local da festa pela entrada da cidade deve utilizar as vias alternativas: Joseph Wagner, Rua Democratas (1\u00aa entrada), Rua Minas Gerais, Rua Bahia, Rua Novo Planeta, Juracy Magalh\u00e3es.<\/span><\/p><div class=\"newsi-conteudo_19\" id=\"newsi-2558312280\"><a href=\"https:\/\/www.instagram.com\/prefeituraalagoinhas?igsh=YzgzdDJ1bWR3aWI4\" aria-label=\"SAVE_20251006_221555\"><img loading=\"lazy\" decoding=\"async\" src=\"https:\/\/newsinfoco.com.br\/inicio\/wp-content\/uploads\/2025\/10\/SAVE_20251006_221555-rotated.jpg\" alt=\"\"  srcset=\"https:\/\/newsinfoco.com.br\/inicio\/wp-content\/uploads\/2025\/10\/SAVE_20251006_221555-rotated.jpg 1140w, https:\/\/newsinfoco.com.br\/inicio\/wp-content\/uploads\/2025\/10\/SAVE_20251006_221555-300x52.jpg 300w, https:\/\/newsinfoco.com.br\/inicio\/wp-content\/uploads\/2025\/10\/SAVE_20251006_221555-1024x177.jpg 1024w, https:\/\/newsinfoco.com.br\/inicio\/wp-content\/uploads\/2025\/10\/SAVE_20251006_221555-768x133.jpg 768w, https:\/\/newsinfoco.com.br\/inicio\/wp-content\/uploads\/2025\/10\/SAVE_20251006_221555-600x104.jpg 600w, https:\/\/newsinfoco.com.br\/inicio\/wp-content\/uploads\/2025\/10\/SAVE_20251006_221555-696x120.jpg 696w, https:\/\/newsinfoco.com.br\/inicio\/wp-content\/uploads\/2025\/10\/SAVE_20251006_221555-1068x185.jpg 1068w\" sizes=\"(max-width: 1140px) 100vw, 1140px\" width=\"1140\" height=\"197\"   \/><\/a><\/div>\n<p style=\"text-align: justify;\"><span style=\"color: #000000;\">Vale ressaltar que as vias estar\u00e3o com sentido modificado (sentido \u00fanico). J\u00e1 os usu\u00e1rios de transporte coletivo devem ficar atentos aos hor\u00e1rios das linhas especiais. Os \u00f4nibus circular\u00e3o at\u00e9 as 3h nos dias 22 e 23 de junho e at\u00e9 as 2h no dia 24 de junho. O desembarque ocorrer\u00e1 na frente do f\u00f3rum e o embarque em frente \u00e0 Policl\u00ednica.<\/span><\/p>\n<p style=\"text-align: justify;\"><span style=\"color: #000000;\">\u201cPara garantir a tranquilidade do fluxo a SMTT recomenda que as pessoas utilizem transporte coletivo ou caronas, t\u00e1xis, entre outros servi\u00e7os de passageiros. Isso contribui para uma maior fluidez nas vias e tamb\u00e9m para a redu\u00e7\u00e3o de acidentes, visto que as pessoas consomem bebidas alco\u00f3licas neste tipo de evento e \u00e0s vezes, de maneira imprudente, acabam dirigindo, o que \u00e9 proibido conforme determina a lei\u201d, orienta Luiz Fernando Ara\u00fajo, superintendente de transporte e tr\u00e2nsito.<\/span><\/p>\n<p><img decoding=\"async\" src=\"https:\/\/www.alagoinhas.ba.gov.br\/wp-content\/uploads\/2018\/06\/WhatsApp-Image-2018-06-21-at-13.50.15-1024x720.jpeg\" \/><\/p>\n<h6 style=\"text-align: right;\"><span style=\"color: #999999;\">Fonte: SECOM SMTT\u00a0<\/span><\/h6>\n<div class='share-to-whatsapp-wrapper'><div class='share-on-whsp'>Share on: <\/div><a data-text='Prefeitura de Alagoinhas monta esquema especial de tr\u00e2nsito e transporte para o S\u00e3o Jo\u00e3o Alagoinhas 2018' data-link='https:\/\/newsinfoco.com.br\/inicio\/prefeitura-de-alagoinhas-monta-esquema-especial-de-transito-e-transporte-para-o-sao-joao-alagoinhas-2018\/' class='whatsapp-button whatsapp-share'>WhatsApp<\/a><div class='clear '><\/div><\/div>","protected":false},"excerpt":{"rendered":"<p>A Prefeitura de Alagoinhas, por meio da Superintend\u00eancia de Transporte de Tr\u00e2nsito (SMTT), montou um esquema especial para o S\u00e3o Jo\u00e3o Alagoinhas 2018. Entre os dias 22 e 24 de junho as Avenidas Juracy Magalh\u00e3es e Joseph Wagner estar\u00e3o fechadas por conta do evento. Al\u00e9m das mudan\u00e7as no tr\u00e2nsito, o transporte coletivo tamb\u00e9m recebe modifica\u00e7\u00f5es [&hellip;]<\/p>\n","protected":false},"author":1,"featured_media":5586,"comment_status":"open","ping_status":"open","sticky":false,"template":"","format":"standard","meta":{"om_disable_all_campaigns":false,"_exactmetrics_skip_tracking":false,"_exactmetrics_sitenote_active":false,"_exactmetrics_sitenote_note":"","_exactmetrics_sitenote_category":0,"footnotes":""},"categories":[38,30],"tags":[53,54,56,57],"class_list":["post-5585","post","type-post","status-publish","format-standard","has-post-thumbnail","hentry","category-alagoinhas-e-regiao","category-destaque","tag-alagoinhas","tag-prefeitura","tag-secom","tag-smtt"],"aioseo_notices":[],"_links":{"self":[{"href":"https:\/\/newsinfoco.com.br\/inicio\/wp-json\/wp\/v2\/posts\/5585","targetHints":{"allow":["GET"]}}],"collection":[{"href":"https:\/\/newsinfoco.com.br\/inicio\/wp-json\/wp\/v2\/posts"}],"about":[{"href":"https:\/\/newsinfoco.com.br\/inicio\/wp-json\/wp\/v2\/types\/post"}],"author":[{"embeddable":true,"href":"https:\/\/newsinfoco.com.br\/inicio\/wp-json\/wp\/v2\/users\/1"}],"replies":[{"embeddable":true,"href":"https:\/\/newsinfoco.com.br\/inicio\/wp-json\/wp\/v2\/comments?post=5585"}],"version-history":[{"count":0,"href":"https:\/\/newsinfoco.com.br\/inicio\/wp-json\/wp\/v2\/posts\/5585\/revisions"}],"wp:featuredmedia":[{"embeddable":true,"href":"https:\/\/newsinfoco.com.br\/inicio\/wp-json\/wp\/v2\/media\/5586"}],"wp:attachment":[{"href":"https:\/\/newsinfoco.com.br\/inicio\/wp-json\/wp\/v2\/media?parent=5585"}],"wp:term":[{"taxonomy":"category","embeddable":true,"href":"https:\/\/newsinfoco.com.br\/inicio\/wp-json\/wp\/v2\/categories?post=5585"},{"taxonomy":"post_tag","embeddable":true,"href":"https:\/\/newsinfoco.com.br\/inicio\/wp-json\/wp\/v2\/tags?post=5585"}],"curies":[{"name":"wp","href":"https:\/\/api.w.org\/{rel}","templated":true}]}}