{"id":5596,"date":"2018-06-21T20:43:03","date_gmt":"2018-06-21T23:43:03","guid":{"rendered":"http:\/\/newsinfoco.com.br\/?p=5596"},"modified":"2018-06-21T20:43:03","modified_gmt":"2018-06-21T23:43:03","slug":"sao-joao-de-alagoinhas-contara-com-pronto-atendimento-samu-192-e-acoes-da-vigilancia-sanitaria","status":"publish","type":"post","link":"https:\/\/newsinfoco.com.br\/inicio\/sao-joao-de-alagoinhas-contara-com-pronto-atendimento-samu-192-e-acoes-da-vigilancia-sanitaria\/","title":{"rendered":"S\u00e3o Jo\u00e3o de Alagoinhas contar\u00e1 com Pronto Atendimento, SAMU 192 e a\u00e7\u00f5es da Vigil\u00e2ncia Sanit\u00e1ria"},"content":{"rendered":"<p style=\"text-align: justify;\"><span style=\"color: #000000;\">Para garantir a tranquilidade durante a realiza\u00e7\u00e3o da grande festa, o esquema de atendimento emergencial no circuito j\u00e1 foi definido pela Secretaria de Sa\u00fade(SESAU).De acordo com o secret\u00e1rio de Sa\u00fade, Moacir Lira, uma estrutura completa e de qualidade est\u00e1 sendo montada para atender os alagoinhenses e demais visitantes. \u201cA SESAU vai garantir \u00a0aos mun\u00edcipes e visitantes atendimento de emerg\u00eancia\u00a0 atrav\u00e9s de um Pronto Atendimento estruturado com equipe m\u00e9dica, enfermeiros, t\u00e9cnicos de enfermagem, equipe de apoios e servi\u00e7o de ambul\u00e2ncia. A estrutura montada foi organizada por uma equipe t\u00e9cnica e disp\u00f5e\u00a0 de uma ambi\u00eancia com uma sala de reanima\u00e7\u00e3o e todos os insumos e medica\u00e7\u00f5es necess\u00e1rias para um primeiro atendimento seguro, disse.<\/span><\/p>\n<p style=\"text-align: justify;\"><span style=\"color: #000000;\">O PA vai contar diariamente com uma equipe de profissionais de sa\u00fade composta por 02 (dois) M\u00e9dicos, 02 (dois) Enfermeiros e 04 (quatro) T\u00e9cnicos de Enfermagem, bem como toda a equipe do SAMU mobilizada nos dias da festa. Ainda ser\u00e3o disponibilizados pessoal de apoio administrativo , de servi\u00e7os gerais, e \u00a0o apoio da Guarda Civil Municipal, para a seguran\u00e7a.<\/span><\/p><div class=\"newsi-conteudo_19\" id=\"newsi-1034037700\"><a href=\"https:\/\/www.instagram.com\/prefeituraalagoinhas?igsh=YzgzdDJ1bWR3aWI4\" aria-label=\"SAVE_20251006_221555\"><img loading=\"lazy\" decoding=\"async\" src=\"https:\/\/newsinfoco.com.br\/inicio\/wp-content\/uploads\/2025\/10\/SAVE_20251006_221555-rotated.jpg\" alt=\"\"  srcset=\"https:\/\/newsinfoco.com.br\/inicio\/wp-content\/uploads\/2025\/10\/SAVE_20251006_221555-rotated.jpg 1140w, https:\/\/newsinfoco.com.br\/inicio\/wp-content\/uploads\/2025\/10\/SAVE_20251006_221555-300x52.jpg 300w, https:\/\/newsinfoco.com.br\/inicio\/wp-content\/uploads\/2025\/10\/SAVE_20251006_221555-1024x177.jpg 1024w, https:\/\/newsinfoco.com.br\/inicio\/wp-content\/uploads\/2025\/10\/SAVE_20251006_221555-768x133.jpg 768w, https:\/\/newsinfoco.com.br\/inicio\/wp-content\/uploads\/2025\/10\/SAVE_20251006_221555-600x104.jpg 600w, https:\/\/newsinfoco.com.br\/inicio\/wp-content\/uploads\/2025\/10\/SAVE_20251006_221555-696x120.jpg 696w, https:\/\/newsinfoco.com.br\/inicio\/wp-content\/uploads\/2025\/10\/SAVE_20251006_221555-1068x185.jpg 1068w\" sizes=\"(max-width: 1140px) 100vw, 1140px\" width=\"1140\" height=\"197\"   \/><\/a><\/div>\n<p style=\"text-align: justify;\"><span style=\"color: #000000;\">\u201cTenho certeza que o suporte e amparo para um evento desse porte, na \u00e1rea de Sa\u00fade, dentro das nossas possibilidades, j\u00e1 est\u00e1 sendo organizado para garantir uma festa mais segura a todos. As a\u00e7\u00f5es de Sa\u00fade n\u00e3o se resumem nos atendimentos emergenciais\u201d<\/span><\/p>\n<p style=\"text-align: justify;\"><span style=\"color: #000000;\">De acordo com o que foi definido pela comiss\u00e3o organizadora do Pronto Atendimento, a localiza\u00e7\u00e3o permite uma rota mais facilitada para as ambul\u00e2ncias, mediante necessidade de uma transfer\u00eancia. Os servi\u00e7os para casos de emerg\u00eancia dispon\u00edvel no Pronto Atendimento funcionar\u00e1 em um regime de plant\u00e3o de 12h, a partir das 19h, at\u00e9 7h do dia seguinte. \u00a0No local ainda ser\u00e1 disponibilizado uma ambul\u00e2ncia com t\u00e9cnico de Enfermagem e condutor para realiza\u00e7\u00e3o de remo\u00e7\u00e3o, caso necess\u00e1rio.<\/span><\/p>\n<p style=\"text-align: justify;\"><span style=\"color: #000000;\">Equipes treinadas<\/span><\/p>\n<p style=\"text-align: justify;\"><span style=\"color: #000000;\">Na manh\u00e3 desta quinta-feira (21), foram realizados o acolhimento e a capacita\u00e7\u00e3o das equipes que atuar\u00e3o no PA, contando com a presen\u00e7a dos apoiadores , enfermeiros, t\u00e9cnicos de enfermagem e supervis\u00e3o do evento. Durante o treinamento foi exposto fluxo de atendimento dos usu\u00e1rios e orienta\u00e7\u00f5es quanto a avalia\u00e7\u00e3o do paciente grave , classifica\u00e7\u00e3o de risco e no\u00e7\u00f5es de atendimento \u00e0s v\u00edtimas de queimaduras.<\/span><\/p>\n<p style=\"text-align: justify;\"><span style=\"color: #000000;\">O treinamento foi ministrado pela enfermeira Simone da Silva Oliveira, que avaliou a capacita\u00e7\u00e3o \u00a0como um momento rico de integra\u00e7\u00e3o de equipe visando a qualidade e seguran\u00e7a dos atendimentos. \u201cA capacita\u00e7\u00e3o assegura um bom gerenciamento das situa\u00e7\u00f5es imprevis\u00edveis que podem ocorrer com o grande evento na nossa cidade durante o S\u00e3o Jo\u00e3o\u201d.<\/span><\/p>\n<p style=\"text-align: justify;\"><span style=\"color: #000000;\">A\u00e7\u00f5es da Vigil\u00e2ncia Sanit\u00e1ria<\/span><\/p>\n<p style=\"text-align: justify;\"><span style=\"color: #000000;\">Durante os dias da festa, a Vigil\u00e3ncia Sanit\u00e1ria estar\u00e1 desenvolvendo sua fun\u00e7\u00e3o educativa, colaborando com os ambulantes e distribuindo kit com hipoclorito, luvas, m\u00e1scara descart\u00e1vel, dentre outros, bem como preservativos masculinos e gel lubrificante.<\/span><br \/>\n<span style=\"color: #000000;\">CONFIRA GALERIA DE FOTOS:<\/span><\/p>\n<p><a href=\"http:\/\/newsinfoco.com.br\/wp-content\/uploads\/2018\/06\/28067629597_35a9353fef_k.jpg\"><img loading=\"lazy\" decoding=\"async\" class=\"alignnone size-medium wp-image-5597\" src=\"http:\/\/newsinfoco.com.br\/wp-content\/uploads\/2018\/06\/28067629597_35a9353fef_k-300x199.jpg\" alt=\"\" width=\"300\" height=\"199\" srcset=\"https:\/\/newsinfoco.com.br\/inicio\/wp-content\/uploads\/2018\/06\/28067629597_35a9353fef_k-300x199.jpg 300w, https:\/\/newsinfoco.com.br\/inicio\/wp-content\/uploads\/2018\/06\/28067629597_35a9353fef_k-768x509.jpg 768w, https:\/\/newsinfoco.com.br\/inicio\/wp-content\/uploads\/2018\/06\/28067629597_35a9353fef_k-1024x678.jpg 1024w, https:\/\/newsinfoco.com.br\/inicio\/wp-content\/uploads\/2018\/06\/28067629597_35a9353fef_k-600x397.jpg 600w, https:\/\/newsinfoco.com.br\/inicio\/wp-content\/uploads\/2018\/06\/28067629597_35a9353fef_k-696x461.jpg 696w, https:\/\/newsinfoco.com.br\/inicio\/wp-content\/uploads\/2018\/06\/28067629597_35a9353fef_k-1068x707.jpg 1068w, https:\/\/newsinfoco.com.br\/inicio\/wp-content\/uploads\/2018\/06\/28067629597_35a9353fef_k-634x420.jpg 634w, https:\/\/newsinfoco.com.br\/inicio\/wp-content\/uploads\/2018\/06\/28067629597_35a9353fef_k-1320x874.jpg 1320w, https:\/\/newsinfoco.com.br\/inicio\/wp-content\/uploads\/2018\/06\/28067629597_35a9353fef_k.jpg 2048w\" sizes=\"auto, (max-width: 300px) 100vw, 300px\" \/><\/a> <a href=\"http:\/\/newsinfoco.com.br\/wp-content\/uploads\/2018\/06\/42937055841_8dd1097dfc_k.jpg\"><img loading=\"lazy\" decoding=\"async\" class=\"alignnone size-medium wp-image-5598\" src=\"http:\/\/newsinfoco.com.br\/wp-content\/uploads\/2018\/06\/42937055841_8dd1097dfc_k-300x199.jpg\" alt=\"\" width=\"300\" height=\"199\" srcset=\"https:\/\/newsinfoco.com.br\/inicio\/wp-content\/uploads\/2018\/06\/42937055841_8dd1097dfc_k-300x199.jpg 300w, https:\/\/newsinfoco.com.br\/inicio\/wp-content\/uploads\/2018\/06\/42937055841_8dd1097dfc_k-768x509.jpg 768w, https:\/\/newsinfoco.com.br\/inicio\/wp-content\/uploads\/2018\/06\/42937055841_8dd1097dfc_k-1024x678.jpg 1024w, https:\/\/newsinfoco.com.br\/inicio\/wp-content\/uploads\/2018\/06\/42937055841_8dd1097dfc_k-600x397.jpg 600w, https:\/\/newsinfoco.com.br\/inicio\/wp-content\/uploads\/2018\/06\/42937055841_8dd1097dfc_k-696x461.jpg 696w, https:\/\/newsinfoco.com.br\/inicio\/wp-content\/uploads\/2018\/06\/42937055841_8dd1097dfc_k-1068x707.jpg 1068w, https:\/\/newsinfoco.com.br\/inicio\/wp-content\/uploads\/2018\/06\/42937055841_8dd1097dfc_k-634x420.jpg 634w, https:\/\/newsinfoco.com.br\/inicio\/wp-content\/uploads\/2018\/06\/42937055841_8dd1097dfc_k-1320x874.jpg 1320w, https:\/\/newsinfoco.com.br\/inicio\/wp-content\/uploads\/2018\/06\/42937055841_8dd1097dfc_k.jpg 2048w\" sizes=\"auto, (max-width: 300px) 100vw, 300px\" \/><\/a><\/p>\n<h6 style=\"text-align: right;\"><span style=\"color: #999999;\">Fonte: SECOM SESAU Prefeitura<\/span><\/h6>\n<div class='share-to-whatsapp-wrapper'><div class='share-on-whsp'>Share on: <\/div><a data-text='S\u00e3o Jo\u00e3o de Alagoinhas contar\u00e1 com Pronto Atendimento, SAMU 192 e a\u00e7\u00f5es da Vigil\u00e2ncia Sanit\u00e1ria' data-link='https:\/\/newsinfoco.com.br\/inicio\/sao-joao-de-alagoinhas-contara-com-pronto-atendimento-samu-192-e-acoes-da-vigilancia-sanitaria\/' class='whatsapp-button whatsapp-share'>WhatsApp<\/a><div class='clear '><\/div><\/div>","protected":false},"excerpt":{"rendered":"<p>Para garantir a tranquilidade durante a realiza\u00e7\u00e3o da grande festa, o esquema de atendimento emergencial no circuito j\u00e1 foi definido pela Secretaria de Sa\u00fade(SESAU).De acordo com o secret\u00e1rio de Sa\u00fade, Moacir Lira, uma estrutura completa e de qualidade est\u00e1 sendo montada para atender os alagoinhenses e demais visitantes. \u201cA SESAU vai garantir \u00a0aos mun\u00edcipes e [&hellip;]<\/p>\n","protected":false},"author":1,"featured_media":5599,"comment_status":"open","ping_status":"open","sticky":false,"template":"","format":"standard","meta":{"om_disable_all_campaigns":false,"_exactmetrics_skip_tracking":false,"_exactmetrics_sitenote_active":false,"_exactmetrics_sitenote_note":"","_exactmetrics_sitenote_category":0,"footnotes":""},"categories":[38,30],"tags":[53,54,56,58],"class_list":["post-5596","post","type-post","status-publish","format-standard","has-post-thumbnail","hentry","category-alagoinhas-e-regiao","category-destaque","tag-alagoinhas","tag-prefeitura","tag-secom","tag-sesau"],"aioseo_notices":[],"_links":{"self":[{"href":"https:\/\/newsinfoco.com.br\/inicio\/wp-json\/wp\/v2\/posts\/5596","targetHints":{"allow":["GET"]}}],"collection":[{"href":"https:\/\/newsinfoco.com.br\/inicio\/wp-json\/wp\/v2\/posts"}],"about":[{"href":"https:\/\/newsinfoco.com.br\/inicio\/wp-json\/wp\/v2\/types\/post"}],"author":[{"embeddable":true,"href":"https:\/\/newsinfoco.com.br\/inicio\/wp-json\/wp\/v2\/users\/1"}],"replies":[{"embeddable":true,"href":"https:\/\/newsinfoco.com.br\/inicio\/wp-json\/wp\/v2\/comments?post=5596"}],"version-history":[{"count":0,"href":"https:\/\/newsinfoco.com.br\/inicio\/wp-json\/wp\/v2\/posts\/5596\/revisions"}],"wp:featuredmedia":[{"embeddable":true,"href":"https:\/\/newsinfoco.com.br\/inicio\/wp-json\/wp\/v2\/media\/5599"}],"wp:attachment":[{"href":"https:\/\/newsinfoco.com.br\/inicio\/wp-json\/wp\/v2\/media?parent=5596"}],"wp:term":[{"taxonomy":"category","embeddable":true,"href":"https:\/\/newsinfoco.com.br\/inicio\/wp-json\/wp\/v2\/categories?post=5596"},{"taxonomy":"post_tag","embeddable":true,"href":"https:\/\/newsinfoco.com.br\/inicio\/wp-json\/wp\/v2\/tags?post=5596"}],"curies":[{"name":"wp","href":"https:\/\/api.w.org\/{rel}","templated":true}]}}