{"id":5610,"date":"2018-06-22T08:34:22","date_gmt":"2018-06-22T11:34:22","guid":{"rendered":"http:\/\/newsinfoco.com.br\/?p=5610"},"modified":"2018-06-22T08:34:22","modified_gmt":"2018-06-22T11:34:22","slug":"selecao-brasileira-busca-contra-a-costa-rica-um-recomeco-na-copa-do-mundo","status":"publish","type":"post","link":"https:\/\/newsinfoco.com.br\/inicio\/selecao-brasileira-busca-contra-a-costa-rica-um-recomeco-na-copa-do-mundo\/","title":{"rendered":"Sele\u00e7\u00e3o brasileira busca contra a Costa Rica um &#8216;recome\u00e7o&#8217; na Copa do Mundo"},"content":{"rendered":"<p class=\"\" style=\"text-align: justify;\"><span style=\"color: #000000;\">O decepcionante empate e as\u00a0\u00a0<a style=\"color: #000000;\" href=\"http:\/\/esporte.ig.com.br\/futebol\/copa-do-mundo-2018\/2018-06-20\/fifa-cbf-copa-do-mundo.html\" target=\"_blank\" rel=\"noopener\">pol\u00eamicas de arbitragem do jogo contra a Su\u00ed\u00e7a<\/a>\u00a0ficaram\u00a0no passado. \u00c9 com essa mentalidade que a sele\u00e7\u00e3o brasileira entra em campo \u00e0s 9h desta sexta-feira (21),\u00a0no hor\u00e1rio de Bras\u00edlia, para encarar a\u00a0equipe da\u00a0Costa Rica, em S\u00e3o Petersburgo. Este ser\u00e1 o terceiro encontro entre as duas sele\u00e7\u00f5es em\u00a0Mundiais, e o que torcida verde-amarela espera \u00e9 que o resultado final seja o mesmo dos duelos anteriores: vit\u00f3ria brasileira.\u00a0<\/span><\/p>\n<p style=\"text-align: justify;\"><span style=\"color: #000000;\">O t\u00e9cnico Tite assegurou nessa quinta-feira (21) que levaria a campo a mesma equipe da estreia contra a Su\u00ed\u00e7a, mas ganhou um desfalque de \u00faltima hora. O lateral direito Danilo sentiu les\u00e3o muscular e foi vetado para a partida.\u00a0\u00a0<a style=\"color: #000000;\" href=\"https:\/\/esporte.ig.com.br\/futebol\/copa-do-mundo-2018\/2018-06-21\/fagner-titular-contra-costa-rica.html\" target=\"_blank\" rel=\"noopener\">Fagner assumir\u00e1 a\u00a0posi\u00e7\u00e3o na equipe titular<\/a>\u00a0da\u00a0<strong>sele\u00e7\u00e3o brasileira<\/strong>\u00a0.<\/span><\/p><div class=\"newsi-conteudo_19\" id=\"newsi-2737599700\"><a href=\"https:\/\/www.instagram.com\/prefeituraalagoinhas?igsh=YzgzdDJ1bWR3aWI4\" aria-label=\"SAVE_20251006_221555\"><img loading=\"lazy\" decoding=\"async\" src=\"https:\/\/newsinfoco.com.br\/inicio\/wp-content\/uploads\/2025\/10\/SAVE_20251006_221555-rotated.jpg\" alt=\"\"  srcset=\"https:\/\/newsinfoco.com.br\/inicio\/wp-content\/uploads\/2025\/10\/SAVE_20251006_221555-rotated.jpg 1140w, https:\/\/newsinfoco.com.br\/inicio\/wp-content\/uploads\/2025\/10\/SAVE_20251006_221555-300x52.jpg 300w, https:\/\/newsinfoco.com.br\/inicio\/wp-content\/uploads\/2025\/10\/SAVE_20251006_221555-1024x177.jpg 1024w, https:\/\/newsinfoco.com.br\/inicio\/wp-content\/uploads\/2025\/10\/SAVE_20251006_221555-768x133.jpg 768w, https:\/\/newsinfoco.com.br\/inicio\/wp-content\/uploads\/2025\/10\/SAVE_20251006_221555-600x104.jpg 600w, https:\/\/newsinfoco.com.br\/inicio\/wp-content\/uploads\/2025\/10\/SAVE_20251006_221555-696x120.jpg 696w, https:\/\/newsinfoco.com.br\/inicio\/wp-content\/uploads\/2025\/10\/SAVE_20251006_221555-1068x185.jpg 1068w\" sizes=\"(max-width: 1140px) 100vw, 1140px\" width=\"1140\" height=\"197\"   \/><\/a><\/div>\n<p style=\"text-align: justify;\"><span style=\"color: #000000;\">Tite reclamou que\u00a0a sele\u00e7\u00e3o estava muito &#8220;ansiosa&#8221; na estreia e cobrou uma concentra\u00e7\u00e3o maior\u00a0dos jogadores, especialmente na hora de finalizar\u00a0para o gol. Para o jogo contra a Costa Rica, o t\u00e9cnico adiantou que haveria alguns &#8220;ajustes de posicionamento&#8221;, sem especificar quais seriam essas mudan\u00e7as.<\/span><\/p>\n<p style=\"text-align: justify;\"><span style=\"color: #000000;\">A segunda partida do Brasil na Copa representa uma nova chance para a equipe\u00a0sair de campo com os tr\u00eas pontos e tamb\u00e9m uma nova oportunidade para Neymar brilhar. O camisa 10 foi alvo de cr\u00edticas ap\u00f3s ter desempenho pouco efetivo no empate contra a Su\u00ed\u00e7a e assustou a torcida nesta semana ap\u00f3s deixar o campo\u00a0sentindo dores no tornozelo direito.<\/span><\/p>\n<p style=\"text-align: justify;\"><span style=\"color: #000000;\">A equipe m\u00e9dica da sele\u00e7\u00e3o garantiu que Neymar est\u00e1 em boas condi\u00e7\u00f5es f\u00edsicas, e o t\u00e9cnico Tite corroborou a informa\u00e7\u00e3o\u00a0assegurando que o atacante &#8220;n\u00e3o ir\u00e1 para o sacrif\u00edcio&#8221;.\u00a0<\/span><\/p>\n<p style=\"text-align: justify;\"><span style=\"color: #000000;\">Pelo lado da Costa Rica, a derrota na estreia contra a S\u00e9rvia tamb\u00e9m faz dessa partida crucial para manter vivo o sonho de\u00a0reviver a campanha de 2014,\u00a0quando a sele\u00e7\u00e3o conseguiu avan\u00e7ar para as fases de mata-mata e s\u00f3 caiu nas quartas de final \u2013 de forma invicta.<\/span><\/p>\n<p style=\"text-align: justify;\"><span style=\"color: #000000;\">&#8220;O fato de a\u00a0<strong>sele\u00e7\u00e3o brasileira<\/strong>\u00a0precisar da vit\u00f3ria tornar\u00e1 as coisas ainda mais desafiadoras para\u00a0<em>Los Ticos<\/em>\u00a0. Mas a Costa Rica tem como vantagem o fato de estarem acostumados a jogar contra as equipes favoritas&#8221;, reportou o jornalista\u00a0Diego Picado, que est\u00e1 acompanhando os costarriquenhos, ao site da Fifa.<\/span><\/p>\n<h3 style=\"text-align: justify;\"><span style=\"color: #000000;\">Ficha t\u00e9cnica de Brasil x\u00a0Costa Rica (Grupo E)\u00a0<\/span><\/h3>\n<p style=\"text-align: justify;\"><span style=\"color: #000000;\">Data: Sexta-feira, 22 de junho, \u00e0s 9h (hor\u00e1rio de Bras\u00edlia)\u00a0\u00a0\u00a0\u00a0\u00a0\u00a0<\/span><br \/>\n<span style=\"color: #000000;\">Local:\u00a0Est\u00e1dio de S\u00e3o Petersburgo\u00a0\u00a0<\/span><br \/>\n<span style=\"color: #000000;\">\u00c1rbitro: Bj\u00f6rn Kuipers (Holanda)\u00a0\u00a0\u00a0\u00a0\u00a0\u00a0<\/span><br \/>\n<span style=\"color: #000000;\">Prov\u00e1veis escala\u00e7\u00f5es:<\/span><\/p>\n<p style=\"text-align: justify;\"><span style=\"color: #000000;\"><strong>Brasil<\/strong>\u00a0\u00a0\u2013 Alisson, Fagner, Thiago Silva, Miranda e Marcelo; Casemiro, Paulinho e Philippe Coutinho; Willian, Neymar e Gabriel Jesus. T\u00e9cnico: Tite.\u00a0<\/span><\/p>\n<p class=\" \" style=\"text-align: justify;\"><span style=\"color: #000000;\"><strong>Costa Rica<\/strong>\u00a0\u00a0\u2013 Keylor Navas,\u00a0Calvo, Oscar Duarte, Acosta e Giancarlo Gonz\u00e1lez; Cristian Gamboa, Celso Borges, Guzman e Bryan Ru\u00edz; Johan Venegas e Marco Urena. T\u00e9cnico:\u00a0\u00d3scar Ram\u00edrez.<\/span><\/p>\n<h6 style=\"text-align: right;\">Fonte: ig<\/h6>\n<div class='share-to-whatsapp-wrapper'><div class='share-on-whsp'>Share on: <\/div><a data-text='Sele\u00e7\u00e3o brasileira busca contra a Costa Rica um 'recome\u00e7o' na Copa do Mundo' data-link='https:\/\/newsinfoco.com.br\/inicio\/selecao-brasileira-busca-contra-a-costa-rica-um-recomeco-na-copa-do-mundo\/' class='whatsapp-button whatsapp-share'>WhatsApp<\/a><div class='clear '><\/div><\/div>","protected":false},"excerpt":{"rendered":"<p>O decepcionante empate e as\u00a0\u00a0pol\u00eamicas de arbitragem do jogo contra a Su\u00ed\u00e7a\u00a0ficaram\u00a0no passado. \u00c9 com essa mentalidade que a sele\u00e7\u00e3o brasileira entra em campo \u00e0s 9h desta sexta-feira (21),\u00a0no hor\u00e1rio de Bras\u00edlia, para encarar a\u00a0equipe da\u00a0Costa Rica, em S\u00e3o Petersburgo. Este ser\u00e1 o terceiro encontro entre as duas sele\u00e7\u00f5es em\u00a0Mundiais, e o que torcida verde-amarela [&hellip;]<\/p>\n","protected":false},"author":1,"featured_media":5611,"comment_status":"open","ping_status":"open","sticky":false,"template":"","format":"standard","meta":{"om_disable_all_campaigns":false,"_exactmetrics_skip_tracking":false,"_exactmetrics_sitenote_active":false,"_exactmetrics_sitenote_note":"","_exactmetrics_sitenote_category":0,"footnotes":""},"categories":[36],"tags":[],"class_list":["post-5610","post","type-post","status-publish","format-standard","has-post-thumbnail","hentry","category-esporte"],"aioseo_notices":[],"_links":{"self":[{"href":"https:\/\/newsinfoco.com.br\/inicio\/wp-json\/wp\/v2\/posts\/5610","targetHints":{"allow":["GET"]}}],"collection":[{"href":"https:\/\/newsinfoco.com.br\/inicio\/wp-json\/wp\/v2\/posts"}],"about":[{"href":"https:\/\/newsinfoco.com.br\/inicio\/wp-json\/wp\/v2\/types\/post"}],"author":[{"embeddable":true,"href":"https:\/\/newsinfoco.com.br\/inicio\/wp-json\/wp\/v2\/users\/1"}],"replies":[{"embeddable":true,"href":"https:\/\/newsinfoco.com.br\/inicio\/wp-json\/wp\/v2\/comments?post=5610"}],"version-history":[{"count":0,"href":"https:\/\/newsinfoco.com.br\/inicio\/wp-json\/wp\/v2\/posts\/5610\/revisions"}],"wp:featuredmedia":[{"embeddable":true,"href":"https:\/\/newsinfoco.com.br\/inicio\/wp-json\/wp\/v2\/media\/5611"}],"wp:attachment":[{"href":"https:\/\/newsinfoco.com.br\/inicio\/wp-json\/wp\/v2\/media?parent=5610"}],"wp:term":[{"taxonomy":"category","embeddable":true,"href":"https:\/\/newsinfoco.com.br\/inicio\/wp-json\/wp\/v2\/categories?post=5610"},{"taxonomy":"post_tag","embeddable":true,"href":"https:\/\/newsinfoco.com.br\/inicio\/wp-json\/wp\/v2\/tags?post=5610"}],"curies":[{"name":"wp","href":"https:\/\/api.w.org\/{rel}","templated":true}]}}