{"id":5614,"date":"2018-06-22T08:38:25","date_gmt":"2018-06-22T11:38:25","guid":{"rendered":"http:\/\/newsinfoco.com.br\/?p=5614"},"modified":"2018-06-22T08:38:25","modified_gmt":"2018-06-22T11:38:25","slug":"teles-voltam-a-pressionar-a-anatel-pelo-limite-da-banda-larga-fixa","status":"publish","type":"post","link":"https:\/\/newsinfoco.com.br\/inicio\/teles-voltam-a-pressionar-a-anatel-pelo-limite-da-banda-larga-fixa\/","title":{"rendered":"Teles voltam a pressionar a Anatel pelo limite da banda larga fixa"},"content":{"rendered":"<p style=\"text-align: justify;\"><span style=\"color: #000000;\">As empresas de telefonia e internet no Brasil voltaram a pressionar o governo federal pela aprova\u00e7\u00e3o do limite da banda larga fixa. A medida, bastante controversa e que j\u00e1 foi recha\u00e7ada pelo p\u00fablico no ano passado,\u00a0<a style=\"color: #000000;\" href=\"https:\/\/www.tecmundo.com.br\/internet\/124049-anatel-adia-decisao-limite-dados-banda-larga-ano-vem.htm?utm_source=tecmundo.com.br&amp;utm_medium=referral&amp;utm_campaign=circulacao\" target=\"_blank\" rel=\"noopener\">sendo inclusive suspensa<\/a>\u00a0pela pr\u00f3pria Ag\u00eancia Nacional de Telecomunica\u00e7\u00f5es (Anatel), voltou \u00e0 pauta do \u00f3rg\u00e3o.<\/span><\/p>\n<p style=\"text-align: justify;\"><span style=\"color: #000000;\">Segundo reportagem do\u00a0<a style=\"color: #000000;\" href=\"https:\/\/tecnologia.uol.com.br\/noticias\/redacao\/2018\/06\/20\/pressionada-anatel-reinicia-discussoes-de-franquia-na-internet-fixa.htm\" target=\"_blank\" rel=\"noopener\">UOL Tecnologia<\/a>, o presidente do Sindicato Nacional das Empresas de Telecomunica\u00e7\u00f5es por Sat\u00e9lites (Sindisat), chegou a comparar a aus\u00eancia de limite na banda larga fixa com a pesca desenfreada nos rios em fala durante o Encontro Nacional da Abrint, a Associa\u00e7\u00e3o Brasileira de Provedores de Internet e Telecomunica\u00e7\u00f5es.<\/span><\/p><div class=\"newsi-conteudo_19\" id=\"newsi-3070797571\"><a href=\"https:\/\/www.instagram.com\/prefeituraalagoinhas?igsh=YzgzdDJ1bWR3aWI4\" aria-label=\"SAVE_20251006_221555\"><img loading=\"lazy\" decoding=\"async\" src=\"https:\/\/newsinfoco.com.br\/inicio\/wp-content\/uploads\/2025\/10\/SAVE_20251006_221555-rotated.jpg\" alt=\"\"  srcset=\"https:\/\/newsinfoco.com.br\/inicio\/wp-content\/uploads\/2025\/10\/SAVE_20251006_221555-rotated.jpg 1140w, https:\/\/newsinfoco.com.br\/inicio\/wp-content\/uploads\/2025\/10\/SAVE_20251006_221555-300x52.jpg 300w, https:\/\/newsinfoco.com.br\/inicio\/wp-content\/uploads\/2025\/10\/SAVE_20251006_221555-1024x177.jpg 1024w, https:\/\/newsinfoco.com.br\/inicio\/wp-content\/uploads\/2025\/10\/SAVE_20251006_221555-768x133.jpg 768w, https:\/\/newsinfoco.com.br\/inicio\/wp-content\/uploads\/2025\/10\/SAVE_20251006_221555-600x104.jpg 600w, https:\/\/newsinfoco.com.br\/inicio\/wp-content\/uploads\/2025\/10\/SAVE_20251006_221555-696x120.jpg 696w, https:\/\/newsinfoco.com.br\/inicio\/wp-content\/uploads\/2025\/10\/SAVE_20251006_221555-1068x185.jpg 1068w\" sizes=\"(max-width: 1140px) 100vw, 1140px\" width=\"1140\" height=\"197\"   \/><\/a><\/div>\n<p style=\"text-align: justify;\"><span style=\"color: #000000;\">&#8220;O uso irrestrito condena um recurso. Outro dia vi que tiveram que segurar a pesca num rio porque os peixes acabaram. Exploraram tanto que tiveram que parar, com a pol\u00edcia mesmo, com ordem judicial. \u00c9 importante nessa hora falar da franquia de dados\u201d, cravou o representante em uma compara\u00e7\u00e3o no m\u00ednimo inusitada.<\/span><\/p>\n<p style=\"text-align: justify;\"><span style=\"color: #000000;\">Apesar de alegar que n\u00e3o sofre press\u00e3o das empresas, a Anatel reabriu a consulta p\u00fablica sobre o tema no \u00faltimo dia 6 de mar\u00e7o. Essa consulta j\u00e1 havia sido realizada no ano passado (encerramento em abril), e coletou 14 mil contribui\u00e7\u00f5es. Agora, a nova iniciativa tem seis meses de dura\u00e7\u00e3o e ser\u00e1 finalizada em setembro deste ano, propositadamente para coincidir com o per\u00edodo eleitoral dado o vi\u00e9s impopular da medida.<\/span><\/p>\n<h2 style=\"text-align: justify;\"><span style=\"color: #000000;\">Franquia (quase) flex\u00edvel<\/span><\/h2>\n<p style=\"text-align: justify;\"><span style=\"color: #000000;\">Ainda de acordo com o UOL, o presidente da Abrint Bas\u00edlio Perez defende que a franquia m\u00ednima de internet seja de 500 GB. De acordo com o representante das operadoras, essa quantia \u00e9 suficiente para assistir \u00e0 v\u00eddeos por streaming durante 2h30 todos os dias em uma TV com tela grande. Obviamente, ele n\u00e3o leva em conta outros uso da internte que consomem banda, como jogos online.<\/span><\/p>\n<p style=\"text-align: justify;\"><span style=\"color: #000000;\">Segundo Perez, a ideia \u00e9 garantir que as pessoas continuem a acessar emails e redes sociais mesmo ap\u00f3s o fim da franquia. Contudo, n\u00e3o ser\u00e1 poss\u00edvel assistir a v\u00eddeos em televisores grandes, apenas no telefone celular. Em suma, para continuar usufruindo das mesmas comodidades de ver Netflix na TV da sua sala, voc\u00ea precisar\u00e1 pagar mais por isso.<\/span><\/p>\n<h2 style=\"text-align: justify;\"><span style=\"color: #000000;\">Anatel explica nova an\u00e1lise<\/span><\/h2>\n<p style=\"text-align: justify;\"><span style=\"color: #000000;\">O conselheiro da Anatel Otavio Luiz Rodrigues Junior afirmou n\u00e3o ter sofrido press\u00e3o das empresas do setor e explicou o novo prazo para contribui\u00e7\u00f5es.<\/span><\/p>\n<p style=\"text-align: justify;\"><span style=\"color: #000000;\">\u201cDecidiu-se prorrogar o prazo de dilig\u00eancia a pedido da Superintend\u00eancia de Regulamenta\u00e7\u00e3o e Planejamento, que entendeu ser necess\u00e1rio provocar novamente as entidades que n\u00e3o haviam se manifestado, considerando que importantes agentes n\u00e3o haviam respondido a consulta&#8221;, informou.<\/span><\/p>\n<p style=\"text-align: justify;\"><span style=\"color: #000000;\">Participam da discuss\u00e3o promovida pela Anatel 204 organiza\u00e7\u00f5es, incluindo representantes do governo, de empresas, associa\u00e7\u00f5es e sindicados das teles, Procon e OAB.<\/span><\/p>\n<p>&nbsp;<\/p>\n<h6 style=\"text-align: right;\">Fonte:Tecmundo<\/h6>\n<div class='share-to-whatsapp-wrapper'><div class='share-on-whsp'>Share on: <\/div><a data-text='Teles voltam a pressionar a Anatel pelo limite da banda larga fixa' data-link='https:\/\/newsinfoco.com.br\/inicio\/teles-voltam-a-pressionar-a-anatel-pelo-limite-da-banda-larga-fixa\/' class='whatsapp-button whatsapp-share'>WhatsApp<\/a><div class='clear '><\/div><\/div>","protected":false},"excerpt":{"rendered":"<p>As empresas de telefonia e internet no Brasil voltaram a pressionar o governo federal pela aprova\u00e7\u00e3o do limite da banda larga fixa. A medida, bastante controversa e que j\u00e1 foi recha\u00e7ada pelo p\u00fablico no ano passado,\u00a0sendo inclusive suspensa\u00a0pela pr\u00f3pria Ag\u00eancia Nacional de Telecomunica\u00e7\u00f5es (Anatel), voltou \u00e0 pauta do \u00f3rg\u00e3o. Segundo reportagem do\u00a0UOL Tecnologia, o presidente [&hellip;]<\/p>\n","protected":false},"author":1,"featured_media":5615,"comment_status":"open","ping_status":"open","sticky":false,"template":"","format":"standard","meta":{"om_disable_all_campaigns":false,"_exactmetrics_skip_tracking":false,"_exactmetrics_sitenote_active":false,"_exactmetrics_sitenote_note":"","_exactmetrics_sitenote_category":0,"footnotes":""},"categories":[22],"tags":[],"class_list":["post-5614","post","type-post","status-publish","format-standard","has-post-thumbnail","hentry","category-ciencia-e-tecnologia"],"aioseo_notices":[],"_links":{"self":[{"href":"https:\/\/newsinfoco.com.br\/inicio\/wp-json\/wp\/v2\/posts\/5614","targetHints":{"allow":["GET"]}}],"collection":[{"href":"https:\/\/newsinfoco.com.br\/inicio\/wp-json\/wp\/v2\/posts"}],"about":[{"href":"https:\/\/newsinfoco.com.br\/inicio\/wp-json\/wp\/v2\/types\/post"}],"author":[{"embeddable":true,"href":"https:\/\/newsinfoco.com.br\/inicio\/wp-json\/wp\/v2\/users\/1"}],"replies":[{"embeddable":true,"href":"https:\/\/newsinfoco.com.br\/inicio\/wp-json\/wp\/v2\/comments?post=5614"}],"version-history":[{"count":0,"href":"https:\/\/newsinfoco.com.br\/inicio\/wp-json\/wp\/v2\/posts\/5614\/revisions"}],"wp:featuredmedia":[{"embeddable":true,"href":"https:\/\/newsinfoco.com.br\/inicio\/wp-json\/wp\/v2\/media\/5615"}],"wp:attachment":[{"href":"https:\/\/newsinfoco.com.br\/inicio\/wp-json\/wp\/v2\/media?parent=5614"}],"wp:term":[{"taxonomy":"category","embeddable":true,"href":"https:\/\/newsinfoco.com.br\/inicio\/wp-json\/wp\/v2\/categories?post=5614"},{"taxonomy":"post_tag","embeddable":true,"href":"https:\/\/newsinfoco.com.br\/inicio\/wp-json\/wp\/v2\/tags?post=5614"}],"curies":[{"name":"wp","href":"https:\/\/api.w.org\/{rel}","templated":true}]}}