{"id":5620,"date":"2018-06-22T08:54:33","date_gmt":"2018-06-22T11:54:33","guid":{"rendered":"http:\/\/newsinfoco.com.br\/?p=5620"},"modified":"2018-06-22T08:54:33","modified_gmt":"2018-06-22T11:54:33","slug":"turistas-sao-recebidos-com-festa-junina-no-aeroporto-internacional-de-salvador","status":"publish","type":"post","link":"https:\/\/newsinfoco.com.br\/inicio\/turistas-sao-recebidos-com-festa-junina-no-aeroporto-internacional-de-salvador\/","title":{"rendered":"Turistas s\u00e3o recebidos com festa junina no Aeroporto Internacional de Salvador"},"content":{"rendered":"<p class=\"x_MsoNormal\" style=\"text-align: justify;\"><span style=\"color: #000000;\">Passageiros que desembarcaram no in\u00edcio da tarde da quinta-feira (21), no Aeroporto de Salvador, tiveram receptivo especial em ritmo do aut\u00eantico forr\u00f3 p\u00e9 de serra do Trio Poeir\u00e3o. A anima\u00e7\u00e3o ficou ainda maior com a atua\u00e7\u00e3o\u00a0de um casal de dan\u00e7arinos da Capelinha do Forr\u00f3, hexacampe\u00e3 em concursos de quadrilha, respons\u00e1vel pelas boas-vindas aos visitantes que v\u00eam\u00a0para curtir\u00a0o S\u00e3o Jo\u00e3o na Bahia.<\/span><\/p>\n<p class=\"x_MsoNormal\" style=\"text-align: justify;\"><span style=\"color: #000000;\">Estrat\u00e9gia para valoriza\u00e7\u00e3o da hospitalidade, o receptivo da Secretaria do Turismo e Bahiatursa pegou de surpresa muitos turistas que vieram celebrar a tradi\u00e7\u00e3o na capital ou no interior. \u201c\u00c9 sempre bom ser recebido com festa, principalmente quando \u00e9 uma aut\u00eantica festa da Bahia\u201d, disse Jhul Lemos, que veio do Esp\u00edrito Santo com o marido, Eduardo Lobato, para comemorar 16 anos de casamento em clima junino, na Costa do Sau\u00edpe.<\/span><\/p><div class=\"newsi-conteudo_19\" id=\"newsi-3243303599\"><a href=\"https:\/\/www.instagram.com\/prefeituraalagoinhas?igsh=YzgzdDJ1bWR3aWI4\" aria-label=\"SAVE_20251006_221555\"><img loading=\"lazy\" decoding=\"async\" src=\"https:\/\/newsinfoco.com.br\/inicio\/wp-content\/uploads\/2025\/10\/SAVE_20251006_221555-rotated.jpg\" alt=\"\"  srcset=\"https:\/\/newsinfoco.com.br\/inicio\/wp-content\/uploads\/2025\/10\/SAVE_20251006_221555-rotated.jpg 1140w, https:\/\/newsinfoco.com.br\/inicio\/wp-content\/uploads\/2025\/10\/SAVE_20251006_221555-300x52.jpg 300w, https:\/\/newsinfoco.com.br\/inicio\/wp-content\/uploads\/2025\/10\/SAVE_20251006_221555-1024x177.jpg 1024w, https:\/\/newsinfoco.com.br\/inicio\/wp-content\/uploads\/2025\/10\/SAVE_20251006_221555-768x133.jpg 768w, https:\/\/newsinfoco.com.br\/inicio\/wp-content\/uploads\/2025\/10\/SAVE_20251006_221555-600x104.jpg 600w, https:\/\/newsinfoco.com.br\/inicio\/wp-content\/uploads\/2025\/10\/SAVE_20251006_221555-696x120.jpg 696w, https:\/\/newsinfoco.com.br\/inicio\/wp-content\/uploads\/2025\/10\/SAVE_20251006_221555-1068x185.jpg 1068w\" sizes=\"(max-width: 1140px) 100vw, 1140px\" width=\"1140\" height=\"197\"   \/><\/a><\/div>\n<p class=\"x_MsoNormal\" style=\"text-align: justify;\"><span style=\"color: #000000;\">Tamb\u00e9m do Esp\u00edrito Santo, Jo\u00e3o V\u00edtor\u00a0\u00a0Bonfim e Renata Pereira, baianos que moram em Vit\u00f3ria h\u00e1 nove anos, trouxeram o filho Leonardo, de dois anos, para vivenciar a tradi\u00e7\u00e3o do S\u00e3o Jo\u00e3o na cidade de Cardeal da Silva. J\u00e1 Patr\u00edcia Le\u00e3o veio do Rio de Janeiro para passar o fim de semana festivo em Santo Ant\u00f4nio de Jesus. \u201cVim conhecer esta festa t\u00e3o famosa\u201d, disse.<\/span><\/p>\n<p class=\"x_MsoNormal\" style=\"text-align: justify;\"><span style=\"color: #000000;\">Comemorado no dia 24 de junho, o S\u00e3o Jo\u00e3o \u00e9 uma tradi\u00e7\u00e3o em praticamente todas as zonas tur\u00edsticas da Bahia. Entre os munic\u00edpios onde a festa atrai mais visitantes est\u00e3o Cruz das Almas, Amargosa, Santo Ant\u00f4nio de Jesus, Cachoeira e Senhor do Bonfim. Em Salvador, o Governo do Estado promove shows com grandes atra\u00e7\u00f5es do forr\u00f3, no Pelourinho e em Paripe, nos dias 23 e 24.<\/span><\/p>\n<p class=\"x_MsoNormal\" style=\"text-align: justify;\"><span style=\"color: #000000;\">O receptivo junino tamb\u00e9m foi realizado na Esta\u00e7\u00e3o Rodovi\u00e1ria de Salvador, na manh\u00e3 da quinta-feira (21).<\/span><\/p>\n<p>&nbsp;<\/p>\n<h6 style=\"text-align: right;\">Fonte:Setur-ba<\/h6>\n<div class='share-to-whatsapp-wrapper'><div class='share-on-whsp'>Share on: <\/div><a data-text='Turistas s\u00e3o recebidos com festa junina no Aeroporto Internacional de Salvador' data-link='https:\/\/newsinfoco.com.br\/inicio\/turistas-sao-recebidos-com-festa-junina-no-aeroporto-internacional-de-salvador\/' class='whatsapp-button whatsapp-share'>WhatsApp<\/a><div class='clear '><\/div><\/div>","protected":false},"excerpt":{"rendered":"<p>Passageiros que desembarcaram no in\u00edcio da tarde da quinta-feira (21), no Aeroporto de Salvador, tiveram receptivo especial em ritmo do aut\u00eantico forr\u00f3 p\u00e9 de serra do Trio Poeir\u00e3o. A anima\u00e7\u00e3o ficou ainda maior com a atua\u00e7\u00e3o\u00a0de um casal de dan\u00e7arinos da Capelinha do Forr\u00f3, hexacampe\u00e3 em concursos de quadrilha, respons\u00e1vel pelas boas-vindas aos visitantes que [&hellip;]<\/p>\n","protected":false},"author":1,"featured_media":5621,"comment_status":"open","ping_status":"open","sticky":false,"template":"","format":"standard","meta":{"om_disable_all_campaigns":false,"_exactmetrics_skip_tracking":false,"_exactmetrics_sitenote_active":false,"_exactmetrics_sitenote_note":"","_exactmetrics_sitenote_category":0,"footnotes":""},"categories":[19],"tags":[],"class_list":["post-5620","post","type-post","status-publish","format-standard","has-post-thumbnail","hentry","category-bahia"],"aioseo_notices":[],"_links":{"self":[{"href":"https:\/\/newsinfoco.com.br\/inicio\/wp-json\/wp\/v2\/posts\/5620","targetHints":{"allow":["GET"]}}],"collection":[{"href":"https:\/\/newsinfoco.com.br\/inicio\/wp-json\/wp\/v2\/posts"}],"about":[{"href":"https:\/\/newsinfoco.com.br\/inicio\/wp-json\/wp\/v2\/types\/post"}],"author":[{"embeddable":true,"href":"https:\/\/newsinfoco.com.br\/inicio\/wp-json\/wp\/v2\/users\/1"}],"replies":[{"embeddable":true,"href":"https:\/\/newsinfoco.com.br\/inicio\/wp-json\/wp\/v2\/comments?post=5620"}],"version-history":[{"count":0,"href":"https:\/\/newsinfoco.com.br\/inicio\/wp-json\/wp\/v2\/posts\/5620\/revisions"}],"wp:featuredmedia":[{"embeddable":true,"href":"https:\/\/newsinfoco.com.br\/inicio\/wp-json\/wp\/v2\/media\/5621"}],"wp:attachment":[{"href":"https:\/\/newsinfoco.com.br\/inicio\/wp-json\/wp\/v2\/media?parent=5620"}],"wp:term":[{"taxonomy":"category","embeddable":true,"href":"https:\/\/newsinfoco.com.br\/inicio\/wp-json\/wp\/v2\/categories?post=5620"},{"taxonomy":"post_tag","embeddable":true,"href":"https:\/\/newsinfoco.com.br\/inicio\/wp-json\/wp\/v2\/tags?post=5620"}],"curies":[{"name":"wp","href":"https:\/\/api.w.org\/{rel}","templated":true}]}}