{"id":5623,"date":"2018-06-22T08:58:29","date_gmt":"2018-06-22T11:58:29","guid":{"rendered":"http:\/\/newsinfoco.com.br\/?p=5623"},"modified":"2018-06-22T08:58:29","modified_gmt":"2018-06-22T11:58:29","slug":"temer-janta-com-maia-e-aecio-em-brasilia","status":"publish","type":"post","link":"https:\/\/newsinfoco.com.br\/inicio\/temer-janta-com-maia-e-aecio-em-brasilia\/","title":{"rendered":"TEMER JANTA COM MAIA E A\u00c9CIO EM BRAS\u00cdLIA"},"content":{"rendered":"<p style=\"text-align: justify;\"><span style=\"color: #000000;\">Em meio \u00e0s costuras de alian\u00e7as eleitorais, o presidente Michel Temer jantou na quinta-feira (21) com o presidente da C\u00e2mara, Rodrigo Maia (DEM-RJ), e o senador A\u00e9cio Neves (PSDB-MG). Segundo a Folha de S. Paulo, o encontro se deu na resid\u00eancia oficial da presid\u00eancia da C\u00e2mara e n\u00e3o consta na agenda nem de Temer nem de Maia.<\/span><\/p>\n<p style=\"text-align: justify;\"><span style=\"color: #000000;\">Rodrigo Maia confirmou ter jantado com Michel Temer, mas n\u00e3o respondeu sobre a presen\u00e7a de A\u00e9cio na reuni\u00e3o. Questionado sobre a raz\u00e3o do encontro, Maia desconversou. \u201cNada demais. Pautas da C\u00e2mara\u201d, disse. Apesar de manter sua pr\u00e9-candidatura, Maia negocia apoio a Ciro Gomes (PDT-CE) ou a Geraldo Alckmin (PSDB-SP).<\/span><\/p><div class=\"newsi-conteudo_19\" id=\"newsi-646533371\"><a href=\"https:\/\/www.instagram.com\/prefeituraalagoinhas?igsh=YzgzdDJ1bWR3aWI4\" aria-label=\"SAVE_20251006_221555\"><img loading=\"lazy\" decoding=\"async\" src=\"https:\/\/newsinfoco.com.br\/inicio\/wp-content\/uploads\/2025\/10\/SAVE_20251006_221555-rotated.jpg\" alt=\"\"  srcset=\"https:\/\/newsinfoco.com.br\/inicio\/wp-content\/uploads\/2025\/10\/SAVE_20251006_221555-rotated.jpg 1140w, https:\/\/newsinfoco.com.br\/inicio\/wp-content\/uploads\/2025\/10\/SAVE_20251006_221555-300x52.jpg 300w, https:\/\/newsinfoco.com.br\/inicio\/wp-content\/uploads\/2025\/10\/SAVE_20251006_221555-1024x177.jpg 1024w, https:\/\/newsinfoco.com.br\/inicio\/wp-content\/uploads\/2025\/10\/SAVE_20251006_221555-768x133.jpg 768w, https:\/\/newsinfoco.com.br\/inicio\/wp-content\/uploads\/2025\/10\/SAVE_20251006_221555-600x104.jpg 600w, https:\/\/newsinfoco.com.br\/inicio\/wp-content\/uploads\/2025\/10\/SAVE_20251006_221555-696x120.jpg 696w, https:\/\/newsinfoco.com.br\/inicio\/wp-content\/uploads\/2025\/10\/SAVE_20251006_221555-1068x185.jpg 1068w\" sizes=\"(max-width: 1140px) 100vw, 1140px\" width=\"1140\" height=\"197\"   \/><\/a><\/div>\n<p style=\"text-align: justify;\"><span style=\"color: #000000;\">O MDB mant\u00e9m, at\u00e9 o momento, a pr\u00e9-candidatura de Henrique Meirelles, ex-ministro da Fazenda que patina nas pesquisas de inten\u00e7\u00e3o de voto. J\u00e1 A\u00e9cio perdeu for\u00e7a no PSDB, desde que foi gravado pedindo R$ 2 milh\u00f5es ao empres\u00e1rio Joesley Batista, da JBS, e \u00e9 mantido afastado das negocia\u00e7\u00f5es pela campanha tucana.<\/span><\/p>\n<h6 style=\"text-align: right;\"><\/h6>\n<h6 style=\"text-align: right;\">Fonte:Bahiaeconomica<\/h6>\n<div class='share-to-whatsapp-wrapper'><div class='share-on-whsp'>Share on: <\/div><a data-text='TEMER JANTA COM MAIA E A\u00c9CIO EM BRAS\u00cdLIA' data-link='https:\/\/newsinfoco.com.br\/inicio\/temer-janta-com-maia-e-aecio-em-brasilia\/' class='whatsapp-button whatsapp-share'>WhatsApp<\/a><div class='clear '><\/div><\/div>","protected":false},"excerpt":{"rendered":"<p>Em meio \u00e0s costuras de alian\u00e7as eleitorais, o presidente Michel Temer jantou na quinta-feira (21) com o presidente da C\u00e2mara, Rodrigo Maia (DEM-RJ), e o senador A\u00e9cio Neves (PSDB-MG). Segundo a Folha de S. Paulo, o encontro se deu na resid\u00eancia oficial da presid\u00eancia da C\u00e2mara e n\u00e3o consta na agenda nem de Temer nem [&hellip;]<\/p>\n","protected":false},"author":1,"featured_media":5624,"comment_status":"open","ping_status":"open","sticky":false,"template":"","format":"standard","meta":{"om_disable_all_campaigns":false,"_exactmetrics_skip_tracking":false,"_exactmetrics_sitenote_active":false,"_exactmetrics_sitenote_note":"","_exactmetrics_sitenote_category":0,"footnotes":""},"categories":[21],"tags":[],"class_list":["post-5623","post","type-post","status-publish","format-standard","has-post-thumbnail","hentry","category-brasil"],"aioseo_notices":[],"_links":{"self":[{"href":"https:\/\/newsinfoco.com.br\/inicio\/wp-json\/wp\/v2\/posts\/5623","targetHints":{"allow":["GET"]}}],"collection":[{"href":"https:\/\/newsinfoco.com.br\/inicio\/wp-json\/wp\/v2\/posts"}],"about":[{"href":"https:\/\/newsinfoco.com.br\/inicio\/wp-json\/wp\/v2\/types\/post"}],"author":[{"embeddable":true,"href":"https:\/\/newsinfoco.com.br\/inicio\/wp-json\/wp\/v2\/users\/1"}],"replies":[{"embeddable":true,"href":"https:\/\/newsinfoco.com.br\/inicio\/wp-json\/wp\/v2\/comments?post=5623"}],"version-history":[{"count":0,"href":"https:\/\/newsinfoco.com.br\/inicio\/wp-json\/wp\/v2\/posts\/5623\/revisions"}],"wp:featuredmedia":[{"embeddable":true,"href":"https:\/\/newsinfoco.com.br\/inicio\/wp-json\/wp\/v2\/media\/5624"}],"wp:attachment":[{"href":"https:\/\/newsinfoco.com.br\/inicio\/wp-json\/wp\/v2\/media?parent=5623"}],"wp:term":[{"taxonomy":"category","embeddable":true,"href":"https:\/\/newsinfoco.com.br\/inicio\/wp-json\/wp\/v2\/categories?post=5623"},{"taxonomy":"post_tag","embeddable":true,"href":"https:\/\/newsinfoco.com.br\/inicio\/wp-json\/wp\/v2\/tags?post=5623"}],"curies":[{"name":"wp","href":"https:\/\/api.w.org\/{rel}","templated":true}]}}