{"id":5626,"date":"2018-06-22T09:04:28","date_gmt":"2018-06-22T12:04:28","guid":{"rendered":"http:\/\/newsinfoco.com.br\/?p=5626"},"modified":"2018-06-22T09:04:28","modified_gmt":"2018-06-22T12:04:28","slug":"confira-como-ficou-a-divisao-das-atracoes-para-sao-joao-e-02-de-julho-em-esplanada","status":"publish","type":"post","link":"https:\/\/newsinfoco.com.br\/inicio\/confira-como-ficou-a-divisao-das-atracoes-para-sao-joao-e-02-de-julho-em-esplanada\/","title":{"rendered":"Confira como ficou a divis\u00e3o das atra\u00e7\u00f5es para S\u00e3o Jo\u00e3o e 02 de Julho em Esplanada"},"content":{"rendered":"<p style=\"text-align: justify;\"><span style=\"color: #000000;\">\u00a0A secretaria de Cultura e Turismo divulgou nesta quarta-feira nas redes sociais a grade de apresenta\u00e7\u00f5es das atra\u00e7\u00f5es que se apresentar\u00e3o em S\u00e3o Jo\u00e3o, S\u00e3o Pedro e na festa de 02 de Julho no Timb\u00f3. A programa\u00e7\u00e3o foi confirmada pela secret\u00e1ria Brigida Lacerda durante participa\u00e7\u00e3o num programa de r\u00e1dio.<\/span><\/p>\n<p style=\"text-align: justify;\"><span style=\"color: #000000;\">O S\u00e3o Jo\u00e3o que come\u00e7a oficialmente nesta sexta-feira (22) tem como grandes atra\u00e7\u00f5es a banda Capim canela e o Trio Nordestino. J\u00e1 no s\u00e1bado, anivers\u00e1rio de emancipa\u00e7\u00e3o pol\u00edtica da cidade a principal atra\u00e7\u00e3o \u00e9 a cantora Samyra Show. J\u00e1 no domingo dia 24, uma das principais atra\u00e7\u00f5es \u00e9 o forrozeiro Jorge de Altinho.<\/span><\/p><div class=\"newsi-conteudo_19\" id=\"newsi-1778482815\"><a href=\"https:\/\/www.instagram.com\/prefeituraalagoinhas?igsh=YzgzdDJ1bWR3aWI4\" aria-label=\"SAVE_20251006_221555\"><img loading=\"lazy\" decoding=\"async\" src=\"https:\/\/newsinfoco.com.br\/inicio\/wp-content\/uploads\/2025\/10\/SAVE_20251006_221555-rotated.jpg\" alt=\"\"  srcset=\"https:\/\/newsinfoco.com.br\/inicio\/wp-content\/uploads\/2025\/10\/SAVE_20251006_221555-rotated.jpg 1140w, https:\/\/newsinfoco.com.br\/inicio\/wp-content\/uploads\/2025\/10\/SAVE_20251006_221555-300x52.jpg 300w, https:\/\/newsinfoco.com.br\/inicio\/wp-content\/uploads\/2025\/10\/SAVE_20251006_221555-1024x177.jpg 1024w, https:\/\/newsinfoco.com.br\/inicio\/wp-content\/uploads\/2025\/10\/SAVE_20251006_221555-768x133.jpg 768w, https:\/\/newsinfoco.com.br\/inicio\/wp-content\/uploads\/2025\/10\/SAVE_20251006_221555-600x104.jpg 600w, https:\/\/newsinfoco.com.br\/inicio\/wp-content\/uploads\/2025\/10\/SAVE_20251006_221555-696x120.jpg 696w, https:\/\/newsinfoco.com.br\/inicio\/wp-content\/uploads\/2025\/10\/SAVE_20251006_221555-1068x185.jpg 1068w\" sizes=\"(max-width: 1140px) 100vw, 1140px\" width=\"1140\" height=\"197\"   \/><\/a><\/div>\n<p><span style=\"color: #000000;\"><b>22 &#8211; Sexta-feira<\/b><\/span><br \/>\n<span style=\"color: #000000;\">Jaminho Forroz\u00e3o<\/span><br \/>\n<span style=\"color: #000000;\">Capim canela<\/span><br \/>\n<span style=\"color: #000000;\">Cuzcuz com leite<\/span><br \/>\n<span style=\"color: #000000;\">Trio Nordestino<\/span><br \/>\n<span style=\"color: #000000;\">Paroara<\/span><\/p>\n<p><span style=\"color: #000000;\"><b>23 &#8211; S\u00e1bado<\/b><\/span><br \/>\n<span style=\"color: #000000;\">Jerimum do Forrozeiro<\/span><br \/>\n<span style=\"color: #000000;\">Kaic Vieira<\/span><br \/>\n<span style=\"color: #000000;\">Samyra Show<\/span><br \/>\n<span style=\"color: #000000;\">Amor e Brasa<\/span><br \/>\n<span style=\"color: #000000;\">Cavaleiros da Curti\u00e7\u00e3o<\/span><\/p>\n<p><span style=\"color: #000000;\"><b>24 &#8211; Domingo\u00a0<\/b><\/span><\/p>\n<p><span style=\"color: #000000;\">Xote Fulano<\/span><br \/>\n<span style=\"color: #000000;\">Korisco do trov\u00e3o<\/span><br \/>\n<span style=\"color: #000000;\">Jorge de Altino<\/span><br \/>\n<span style=\"color: #000000;\">Sandro de Castro<\/span><br \/>\n<span style=\"color: #000000;\">Di Nogueira<\/span><\/p>\n<p><span style=\"color: #000000;\"><b>Festa de S\u00e3o Pedro na Chapada<\/b><\/span><br \/>\n<span style=\"color: #000000;\">J\u00e1 na festa de S\u00e3o Pedro da chapada que acontece no dia 29 de junho as atra\u00e7\u00f5es s\u00e3o as seguintes.<\/span><\/p>\n<p><span style=\"color: #000000;\">Pegada do Senna<\/span><br \/>\n<span style=\"color: #000000;\">Raffa Castillo<\/span><br \/>\n<span style=\"color: #000000;\">Vira e Mexe<\/span><br \/>\n<span style=\"color: #000000;\">Capim Canela<\/span><br \/>\n<span style=\"color: #000000;\">Hebert do Acordeon<\/span><\/p>\n<p><span style=\"color: #000000;\"><b>Festa de 2 de Julho\u00a0<\/b><\/span><\/p>\n<p><span style=\"color: #000000;\"><b>30 &#8211; S\u00e1bado<\/b><\/span><br \/>\n<span style=\"color: #000000;\">Beth\u00e2nia a bagunceira<\/span><br \/>\n<span style=\"color: #000000;\">Devinho Novaes<\/span><br \/>\n<span style=\"color: #000000;\">Jo\u00e3o Paulo e Expresso\u00a0<\/span><br \/>\n<span style=\"color: #000000;\">Bonde do Forr\u00f3<\/span><\/p>\n<p><span style=\"color: #000000;\"><b>01 &#8211; Domingo<\/b><\/span><br \/>\n<span style=\"color: #000000;\">Forr\u00f3 Brasil<\/span><br \/>\n<span style=\"color: #000000;\">Zanzibar<\/span><br \/>\n<span style=\"color: #000000;\">Sewaay<\/span><\/p>\n<p>&nbsp;<\/p>\n<h6 style=\"text-align: right;\">Fonte:Esplanadanews<\/h6>\n<div class='share-to-whatsapp-wrapper'><div class='share-on-whsp'>Share on: <\/div><a data-text='Confira como ficou a divis\u00e3o das atra\u00e7\u00f5es para S\u00e3o Jo\u00e3o e 02 de Julho em Esplanada' data-link='https:\/\/newsinfoco.com.br\/inicio\/confira-como-ficou-a-divisao-das-atracoes-para-sao-joao-e-02-de-julho-em-esplanada\/' class='whatsapp-button whatsapp-share'>WhatsApp<\/a><div class='clear '><\/div><\/div>","protected":false},"excerpt":{"rendered":"<p>\u00a0A secretaria de Cultura e Turismo divulgou nesta quarta-feira nas redes sociais a grade de apresenta\u00e7\u00f5es das atra\u00e7\u00f5es que se apresentar\u00e3o em S\u00e3o Jo\u00e3o, S\u00e3o Pedro e na festa de 02 de Julho no Timb\u00f3. A programa\u00e7\u00e3o foi confirmada pela secret\u00e1ria Brigida Lacerda durante participa\u00e7\u00e3o num programa de r\u00e1dio. O S\u00e3o Jo\u00e3o que come\u00e7a oficialmente [&hellip;]<\/p>\n","protected":false},"author":1,"featured_media":5627,"comment_status":"open","ping_status":"open","sticky":false,"template":"","format":"standard","meta":{"om_disable_all_campaigns":false,"_exactmetrics_skip_tracking":false,"_exactmetrics_sitenote_active":false,"_exactmetrics_sitenote_note":"","_exactmetrics_sitenote_category":0,"footnotes":""},"categories":[38],"tags":[],"class_list":["post-5626","post","type-post","status-publish","format-standard","has-post-thumbnail","hentry","category-alagoinhas-e-regiao"],"aioseo_notices":[],"_links":{"self":[{"href":"https:\/\/newsinfoco.com.br\/inicio\/wp-json\/wp\/v2\/posts\/5626","targetHints":{"allow":["GET"]}}],"collection":[{"href":"https:\/\/newsinfoco.com.br\/inicio\/wp-json\/wp\/v2\/posts"}],"about":[{"href":"https:\/\/newsinfoco.com.br\/inicio\/wp-json\/wp\/v2\/types\/post"}],"author":[{"embeddable":true,"href":"https:\/\/newsinfoco.com.br\/inicio\/wp-json\/wp\/v2\/users\/1"}],"replies":[{"embeddable":true,"href":"https:\/\/newsinfoco.com.br\/inicio\/wp-json\/wp\/v2\/comments?post=5626"}],"version-history":[{"count":0,"href":"https:\/\/newsinfoco.com.br\/inicio\/wp-json\/wp\/v2\/posts\/5626\/revisions"}],"wp:featuredmedia":[{"embeddable":true,"href":"https:\/\/newsinfoco.com.br\/inicio\/wp-json\/wp\/v2\/media\/5627"}],"wp:attachment":[{"href":"https:\/\/newsinfoco.com.br\/inicio\/wp-json\/wp\/v2\/media?parent=5626"}],"wp:term":[{"taxonomy":"category","embeddable":true,"href":"https:\/\/newsinfoco.com.br\/inicio\/wp-json\/wp\/v2\/categories?post=5626"},{"taxonomy":"post_tag","embeddable":true,"href":"https:\/\/newsinfoco.com.br\/inicio\/wp-json\/wp\/v2\/tags?post=5626"}],"curies":[{"name":"wp","href":"https:\/\/api.w.org\/{rel}","templated":true}]}}