{"id":5715,"date":"2018-06-25T12:25:00","date_gmt":"2018-06-25T15:25:00","guid":{"rendered":"http:\/\/newsinfoco.com.br\/?p=5715"},"modified":"2018-06-25T12:25:00","modified_gmt":"2018-06-25T15:25:00","slug":"atracao-mais-esperada-bell-marques-encerra-o-sao-joao-de-alagoinhas-2018","status":"publish","type":"post","link":"https:\/\/newsinfoco.com.br\/inicio\/atracao-mais-esperada-bell-marques-encerra-o-sao-joao-de-alagoinhas-2018\/","title":{"rendered":"Atra\u00e7\u00e3o mais esperada, Bell Marques encerra o S\u00e3o Jo\u00e3o de Alagoinhas 2018"},"content":{"rendered":"<p style=\"text-align: justify;\"><span style=\"color: #000000;\">Ap\u00f3s tr\u00eas dias de evento, com a presen\u00e7a\u00a0de milhares de pessoas e v\u00e1rias atra\u00e7\u00f5es de peso, o S\u00e3o Jo\u00e3o de Alagoinhas se encerra na noite deste domingo (24) com mais uma grande festa que j\u00e1 ficou para a hist\u00f3ria do munic\u00edpio. Bell Marques, um dos maiores nomes do Carnaval e atra\u00e7\u00e3o mais esperada, foi o encarregado \u00a0de fechar os festejos juninos e agitou a avenida Joseph Wagner com os sucessos imortalizados em sua voz.Teve gente que veio de longe para ver o show. Vitor Sergio \u00e9 de Garanhuns \u2013 PE, e conseguiu ganhar uma palheta do cantor. \u201cSigo Bell h\u00e1 muito tempo e irei sempre que puder, porque eu amo demais tudo que ele apresenta e o S\u00e3o Jo\u00e3o de Alagoinhas est\u00e1 de parab\u00e9ns por ter trazido ele para c\u00e1\u201d, disse Vitor, que tem uma tatuagem nas costas em homenagem ao \u00eddolo.<\/span><\/p>\n<p style=\"text-align: justify;\"><span style=\"color: #000000;\">O mar de gente que se fez na avenida acompanhou na mesma noite, os shows de Xote Mania, Z\u00e9 de Tonha, Xinelo Baiano e Trio Nordestino.<\/span><\/p><div class=\"newsi-conteudo_19\" id=\"newsi-4061759083\"><a href=\"https:\/\/www.instagram.com\/prefeituraalagoinhas?igsh=YzgzdDJ1bWR3aWI4\" aria-label=\"SAVE_20251006_221555\"><img loading=\"lazy\" decoding=\"async\" src=\"https:\/\/newsinfoco.com.br\/inicio\/wp-content\/uploads\/2025\/10\/SAVE_20251006_221555-rotated.jpg\" alt=\"\"  srcset=\"https:\/\/newsinfoco.com.br\/inicio\/wp-content\/uploads\/2025\/10\/SAVE_20251006_221555-rotated.jpg 1140w, https:\/\/newsinfoco.com.br\/inicio\/wp-content\/uploads\/2025\/10\/SAVE_20251006_221555-300x52.jpg 300w, https:\/\/newsinfoco.com.br\/inicio\/wp-content\/uploads\/2025\/10\/SAVE_20251006_221555-1024x177.jpg 1024w, https:\/\/newsinfoco.com.br\/inicio\/wp-content\/uploads\/2025\/10\/SAVE_20251006_221555-768x133.jpg 768w, https:\/\/newsinfoco.com.br\/inicio\/wp-content\/uploads\/2025\/10\/SAVE_20251006_221555-600x104.jpg 600w, https:\/\/newsinfoco.com.br\/inicio\/wp-content\/uploads\/2025\/10\/SAVE_20251006_221555-696x120.jpg 696w, https:\/\/newsinfoco.com.br\/inicio\/wp-content\/uploads\/2025\/10\/SAVE_20251006_221555-1068x185.jpg 1068w\" sizes=\"(max-width: 1140px) 100vw, 1140px\" width=\"1140\" height=\"197\"   \/><\/a><\/div>\n<p style=\"text-align: justify;\"><span style=\"color: #000000;\">\u201c\u00c9 sempre bom voltar a tocar para este p\u00fablico e Alagoinhas vai se transformar no principal roteiro do S\u00e3o Jo\u00e3o da Bahia\u201d, afirmou o cantor.<\/span><\/p>\n<p><img decoding=\"async\" src=\"https:\/\/www.alagoinhas.ba.gov.br\/wp-content\/uploads\/2018\/06\/d6f8bee3-0030-47e6-be9c-aae218dcc8c2-576x1024.jpg\" \/><\/p>\n<h6 style=\"text-align: right;\"><span style=\"color: #999999;\">Fonte: SECOM Prefeitura<\/span><\/h6>\n<div class='share-to-whatsapp-wrapper'><div class='share-on-whsp'>Share on: <\/div><a data-text='Atra\u00e7\u00e3o mais esperada, Bell Marques encerra o S\u00e3o Jo\u00e3o de Alagoinhas 2018' data-link='https:\/\/newsinfoco.com.br\/inicio\/atracao-mais-esperada-bell-marques-encerra-o-sao-joao-de-alagoinhas-2018\/' class='whatsapp-button whatsapp-share'>WhatsApp<\/a><div class='clear '><\/div><\/div>","protected":false},"excerpt":{"rendered":"<p>Ap\u00f3s tr\u00eas dias de evento, com a presen\u00e7a\u00a0de milhares de pessoas e v\u00e1rias atra\u00e7\u00f5es de peso, o S\u00e3o Jo\u00e3o de Alagoinhas se encerra na noite deste domingo (24) com mais uma grande festa que j\u00e1 ficou para a hist\u00f3ria do munic\u00edpio. Bell Marques, um dos maiores nomes do Carnaval e atra\u00e7\u00e3o mais esperada, foi o [&hellip;]<\/p>\n","protected":false},"author":1,"featured_media":5716,"comment_status":"open","ping_status":"open","sticky":false,"template":"","format":"standard","meta":{"om_disable_all_campaigns":false,"_exactmetrics_skip_tracking":false,"_exactmetrics_sitenote_active":false,"_exactmetrics_sitenote_note":"","_exactmetrics_sitenote_category":0,"footnotes":""},"categories":[38,30],"tags":[53,54,56],"class_list":["post-5715","post","type-post","status-publish","format-standard","has-post-thumbnail","hentry","category-alagoinhas-e-regiao","category-destaque","tag-alagoinhas","tag-prefeitura","tag-secom"],"aioseo_notices":[],"_links":{"self":[{"href":"https:\/\/newsinfoco.com.br\/inicio\/wp-json\/wp\/v2\/posts\/5715","targetHints":{"allow":["GET"]}}],"collection":[{"href":"https:\/\/newsinfoco.com.br\/inicio\/wp-json\/wp\/v2\/posts"}],"about":[{"href":"https:\/\/newsinfoco.com.br\/inicio\/wp-json\/wp\/v2\/types\/post"}],"author":[{"embeddable":true,"href":"https:\/\/newsinfoco.com.br\/inicio\/wp-json\/wp\/v2\/users\/1"}],"replies":[{"embeddable":true,"href":"https:\/\/newsinfoco.com.br\/inicio\/wp-json\/wp\/v2\/comments?post=5715"}],"version-history":[{"count":0,"href":"https:\/\/newsinfoco.com.br\/inicio\/wp-json\/wp\/v2\/posts\/5715\/revisions"}],"wp:featuredmedia":[{"embeddable":true,"href":"https:\/\/newsinfoco.com.br\/inicio\/wp-json\/wp\/v2\/media\/5716"}],"wp:attachment":[{"href":"https:\/\/newsinfoco.com.br\/inicio\/wp-json\/wp\/v2\/media?parent=5715"}],"wp:term":[{"taxonomy":"category","embeddable":true,"href":"https:\/\/newsinfoco.com.br\/inicio\/wp-json\/wp\/v2\/categories?post=5715"},{"taxonomy":"post_tag","embeddable":true,"href":"https:\/\/newsinfoco.com.br\/inicio\/wp-json\/wp\/v2\/tags?post=5715"}],"curies":[{"name":"wp","href":"https:\/\/api.w.org\/{rel}","templated":true}]}}