{"id":5718,"date":"2018-06-25T13:49:49","date_gmt":"2018-06-25T16:49:49","guid":{"rendered":"http:\/\/newsinfoco.com.br\/?p=5718"},"modified":"2018-06-25T13:49:49","modified_gmt":"2018-06-25T16:49:49","slug":"portugal-espanha-e-ira-lutam-por-duas-vagas-no-grupo-b-da-copa-do-mundo","status":"publish","type":"post","link":"https:\/\/newsinfoco.com.br\/inicio\/portugal-espanha-e-ira-lutam-por-duas-vagas-no-grupo-b-da-copa-do-mundo\/","title":{"rendered":"Portugal, Espanha e Ir\u00e3 lutam por duas vagas no Grupo B da Copa do Mundo"},"content":{"rendered":"<p class=\"\" style=\"text-align: justify;\"><span style=\"color: #000000;\">O Grupo B da Copa do Mundo chega \u00e0 sua \u00faltima rodada com apenas uma certeza: o Marrocos est\u00e1 fora do p\u00e1reo.\u00a0As sele\u00e7\u00f5es de Portugal, Espanha e Ir\u00e3 disputam as duas vagas dessa chave para as oitavas de final do Mundial a partir das 15h desta segunda-feira (25). As equipes que se classificarem\u00a0<a style=\"color: #000000;\" href=\"http:\/\/esporte.ig.com.br\/futebol\/copa-do-mundo-2018\/2018-06-25\/uruguai-russia-grupo-a-copa-do-mundo.html\" target=\"_blank\" rel=\"noopener\">enfrentar\u00e3o Uruguai e R\u00fassia na pr\u00f3xima fase<\/a>\u00a0.<\/span><\/p>\n<p style=\"text-align: justify;\"><span style=\"color: #000000;\">Liderada por Cristiano Ronaldo, que j\u00e1 marcou quatro vezes na competi\u00e7\u00e3o, a sele\u00e7\u00e3o de\u00a0<strong>Portugal<\/strong>\u00a0tem confronto\u00a0decisivo contra o Ir\u00e3 na Arena Mordovia, em Saransk. Os lusitanos se classificam direto com vit\u00f3ria ou empate (podendo at\u00e9 mesmo perder caso os espanh\u00f3is tamb\u00e9m sejam derrotados em sua partida por uma diferen\u00e7a maior de gols). J\u00e1 para os iranianos, apenas os tr\u00eas pontos s\u00e3o capazes de coloc\u00e1-los na pr\u00f3xima fase do Mundial.<\/span><\/p><div class=\"newsi-conteudo_19\" id=\"newsi-1545352578\"><a href=\"https:\/\/www.instagram.com\/prefeituraalagoinhas?igsh=YzgzdDJ1bWR3aWI4\" aria-label=\"SAVE_20251006_221555\"><img loading=\"lazy\" decoding=\"async\" src=\"https:\/\/newsinfoco.com.br\/inicio\/wp-content\/uploads\/2025\/10\/SAVE_20251006_221555-rotated.jpg\" alt=\"\"  srcset=\"https:\/\/newsinfoco.com.br\/inicio\/wp-content\/uploads\/2025\/10\/SAVE_20251006_221555-rotated.jpg 1140w, https:\/\/newsinfoco.com.br\/inicio\/wp-content\/uploads\/2025\/10\/SAVE_20251006_221555-300x52.jpg 300w, https:\/\/newsinfoco.com.br\/inicio\/wp-content\/uploads\/2025\/10\/SAVE_20251006_221555-1024x177.jpg 1024w, https:\/\/newsinfoco.com.br\/inicio\/wp-content\/uploads\/2025\/10\/SAVE_20251006_221555-768x133.jpg 768w, https:\/\/newsinfoco.com.br\/inicio\/wp-content\/uploads\/2025\/10\/SAVE_20251006_221555-600x104.jpg 600w, https:\/\/newsinfoco.com.br\/inicio\/wp-content\/uploads\/2025\/10\/SAVE_20251006_221555-696x120.jpg 696w, https:\/\/newsinfoco.com.br\/inicio\/wp-content\/uploads\/2025\/10\/SAVE_20251006_221555-1068x185.jpg 1068w\" sizes=\"(max-width: 1140px) 100vw, 1140px\" width=\"1140\" height=\"197\"   \/><\/a><\/div>\n<p style=\"text-align: justify;\"><span style=\"color: #000000;\">&#8220;Vamos para esse jogo como nos outros, pensando em vencer. N\u00f3s sabemos que conquistar um ponto \u00e9 o suficiente, mas nosso pensamento ser\u00e1 na vit\u00f3ria.\u00a0Imagino que iremos encontrar uma equipe muito bem organizada e teremos dificuldades&#8221;, comentou o meio-campista portugu\u00eas\u00a0William Carvalho em entrevista a Raquel Branco, jornalista da Fifa.<\/span><\/p>\n<p style=\"text-align: justify;\"><span style=\"color: #000000;\">J\u00e1 o t\u00e9cnico Fernando Santos prometeu um desempenho melhor do que nos jogos anteriores. &#8220;Temos que ser agressivos e n\u00e3o permitir que o oponente jogue. Precisamos vencer mais disputas individuais e duelos no um contra um para p\u00f4r em pr\u00e1tica toda nossa capacidade ofensiva&#8221;, disse.<\/span><\/p>\n<h3 style=\"text-align: justify;\"><span style=\"color: #000000;\">Ficha t\u00e9cnica de Ir\u00e3 x\u00a0Portugal (Grupo B)<\/span><\/h3>\n<p style=\"text-align: justify;\"><span style=\"color: #000000;\">Data: Segunda-feira, 25 de junho, \u00e0s 15h (hor\u00e1rio de Bras\u00edlia)\u00a0\u00a0\u00a0\u00a0\u00a0\u00a0\u00a0<\/span><br \/>\n<span style=\"color: #000000;\">Local:\u00a0Arena\u00a0Mordovia, em Saransk\u00a0<\/span><br \/>\n<span style=\"color: #000000;\">Prov\u00e1veis escala\u00e7\u00f5es:<\/span><\/p>\n<p style=\"text-align: justify;\"><span style=\"color: #000000;\"><strong>Ir\u00e3<\/strong>\u00a0\u2013 Beiranvand, Ramin Rezaeian, Pouraliganji e Montazeri; Shojaei, Ezatolahi, Ehsan Haji Safi e Ebrahimi; Amiri, Sardar Azmoun e Jahanbakhsh. T\u00e9cnico: Carlos Queiroz.\u00a0<\/span><\/p>\n<p style=\"text-align: justify;\"><span style=\"color: #000000;\"><strong>Portugal<\/strong>\u00a0\u2013 Rui Patricio, Guerreiro, Fonte, Pepe e Cedric; Jo\u00e3o Mario, Jo\u00e3o Moutinho, William Carvalho e Bernardo Silva; Cristiano Ronaldo e Gon\u00e7alo Guedes.\u00a0T\u00e9cnico: Fernando Santos.\u00a0<\/span><\/p>\n<h3 style=\"text-align: justify;\"><span style=\"color: #000000;\">Espanha\u00a0enfrenta\u00a0Marrocos, que n\u00e3o quer ir para casa sem marcar nem um gol<\/span><\/h3>\n<p class=\" \" style=\"text-align: justify;\"><span style=\"color: #000000;\">Campe\u00e3 mundial em 2010, a Espanha est\u00e1 a um empate de superar a desastrosa campanha de 2014 e\u00a0avan\u00e7ar para al\u00e9m da fase de grupos. A equipe\u00a0que caiu nas m\u00e3os de Fernando Hierro ap\u00f3s a demiss\u00e3o de Julen Lopetegui na v\u00e9spera da Copa enfrenta a sele\u00e7\u00e3o do Marrocos em Kaliningrado.\u00a0<\/span><\/p>\n<p class=\" \" style=\"text-align: justify;\"><span style=\"color: #000000;\">De acordo com a imprensa espanhola, Hierro pode promover mudan\u00e7as na equipe que venceu o Ir\u00e3 na\u00a0semana passada pelo magro placar de 1 a 0. O t\u00e9cnico\u00a0n\u00e3o deve contar\u00a0com o goleiro reserva Pepe Reina e nem com o lateral Nacho Monreal,\u00a0pois ambos est\u00e3o se recuperando de problemas f\u00edsicos e perderam treinamentos nesta semana.<\/span><\/p>\n<p class=\" \" style=\"text-align: justify;\"><span style=\"color: #000000;\">J\u00e1 o Marrocos, que ficou 20 anos sem disputar uma Copa do Mundo, despede-se de maneira precoce da R\u00fassia. A equipe treinada pelo t\u00e9cnico franc\u00eas Herv\u00e9 Renard\u00a0chega \u00e0 sua \u00faltima partida com a esperan\u00e7a de ao menos marcar um gol neste Mundial. Os marroquinos sofreram at\u00e9 agora duas derrotas, ambas por 1 a 0, para as sele\u00e7\u00f5es do Ir\u00e3 e de\u00a0<strong>Portugal<\/strong>\u00a0.\u00a0<\/span><\/p>\n<h3 class=\" \" style=\"text-align: justify;\"><span style=\"color: #000000;\">Ficha t\u00e9cnica de\u00a0Espanha x\u00a0Marrocos (Grupo B)<\/span><\/h3>\n<p class=\" \" style=\"text-align: justify;\"><span style=\"color: #000000;\">Data: Segunda-feira, 25 de junho, \u00e0s 15h (hor\u00e1rio de Bras\u00edlia)\u00a0\u00a0\u00a0\u00a0\u00a0\u00a0\u00a0<\/span><br \/>\n<span style=\"color: #000000;\">Local:\u00a0Est\u00e1dio Kaliningrado\u00a0<\/span><br \/>\n<span style=\"color: #000000;\">Prov\u00e1veis escala\u00e7\u00f5es:<\/span><\/p>\n<p class=\" \" style=\"text-align: justify;\"><span style=\"color: #000000;\"><strong>Espanha<\/strong>\u00a0\u2013 De Gea, Jordi Alba, Sergio Ramos, Piqu\u00e9 e Carvajal; Busquets, Thiago Alcantara, Iniesta, Isco e David Silva; Diego Costa. T\u00e9cnico: Fernando Hierro.\u00a0<\/span><\/p>\n<p style=\"text-align: justify;\"><span style=\"color: #000000;\"><strong>Marrocos<\/strong>\u00a0\u2013 El Kajoui, Dirar, Da Costa, Benatia e Hakimi; El Ahmadi,\u00a0Boussoufa, Belhanda, Ziyach e Amrabat; Boutaib.\u00a0T\u00e9cnico: Herv\u00e9 Renard.<\/span><\/p>\n<p style=\"text-align: justify;\">\n<p>&nbsp;<\/p>\n<h6 style=\"text-align: right;\"><strong>Fonte:ig<\/strong><\/h6>\n<div class='share-to-whatsapp-wrapper'><div class='share-on-whsp'>Share on: <\/div><a data-text='Portugal, Espanha e Ir\u00e3 lutam por duas vagas no Grupo B da Copa do Mundo' data-link='https:\/\/newsinfoco.com.br\/inicio\/portugal-espanha-e-ira-lutam-por-duas-vagas-no-grupo-b-da-copa-do-mundo\/' class='whatsapp-button whatsapp-share'>WhatsApp<\/a><div class='clear '><\/div><\/div>","protected":false},"excerpt":{"rendered":"<p>O Grupo B da Copa do Mundo chega \u00e0 sua \u00faltima rodada com apenas uma certeza: o Marrocos est\u00e1 fora do p\u00e1reo.\u00a0As sele\u00e7\u00f5es de Portugal, Espanha e Ir\u00e3 disputam as duas vagas dessa chave para as oitavas de final do Mundial a partir das 15h desta segunda-feira (25). As equipes que se classificarem\u00a0enfrentar\u00e3o Uruguai e [&hellip;]<\/p>\n","protected":false},"author":1,"featured_media":5719,"comment_status":"open","ping_status":"open","sticky":false,"template":"","format":"standard","meta":{"om_disable_all_campaigns":false,"_exactmetrics_skip_tracking":false,"_exactmetrics_sitenote_active":false,"_exactmetrics_sitenote_note":"","_exactmetrics_sitenote_category":0,"footnotes":""},"categories":[36],"tags":[],"class_list":["post-5718","post","type-post","status-publish","format-standard","has-post-thumbnail","hentry","category-esporte"],"aioseo_notices":[],"_links":{"self":[{"href":"https:\/\/newsinfoco.com.br\/inicio\/wp-json\/wp\/v2\/posts\/5718","targetHints":{"allow":["GET"]}}],"collection":[{"href":"https:\/\/newsinfoco.com.br\/inicio\/wp-json\/wp\/v2\/posts"}],"about":[{"href":"https:\/\/newsinfoco.com.br\/inicio\/wp-json\/wp\/v2\/types\/post"}],"author":[{"embeddable":true,"href":"https:\/\/newsinfoco.com.br\/inicio\/wp-json\/wp\/v2\/users\/1"}],"replies":[{"embeddable":true,"href":"https:\/\/newsinfoco.com.br\/inicio\/wp-json\/wp\/v2\/comments?post=5718"}],"version-history":[{"count":0,"href":"https:\/\/newsinfoco.com.br\/inicio\/wp-json\/wp\/v2\/posts\/5718\/revisions"}],"wp:featuredmedia":[{"embeddable":true,"href":"https:\/\/newsinfoco.com.br\/inicio\/wp-json\/wp\/v2\/media\/5719"}],"wp:attachment":[{"href":"https:\/\/newsinfoco.com.br\/inicio\/wp-json\/wp\/v2\/media?parent=5718"}],"wp:term":[{"taxonomy":"category","embeddable":true,"href":"https:\/\/newsinfoco.com.br\/inicio\/wp-json\/wp\/v2\/categories?post=5718"},{"taxonomy":"post_tag","embeddable":true,"href":"https:\/\/newsinfoco.com.br\/inicio\/wp-json\/wp\/v2\/tags?post=5718"}],"curies":[{"name":"wp","href":"https:\/\/api.w.org\/{rel}","templated":true}]}}