{"id":5722,"date":"2018-06-25T13:55:07","date_gmt":"2018-06-25T16:55:07","guid":{"rendered":"http:\/\/newsinfoco.com.br\/?p=5722"},"modified":"2018-06-25T13:55:07","modified_gmt":"2018-06-25T16:55:07","slug":"pesquisa-mostra-que-93-da-populacao-desaprova-a-figura-do-presidente-michel-temer","status":"publish","type":"post","link":"https:\/\/newsinfoco.com.br\/inicio\/pesquisa-mostra-que-93-da-populacao-desaprova-a-figura-do-presidente-michel-temer\/","title":{"rendered":"PESQUISA MOSTRA QUE 93% DA POPULA\u00c7\u00c3O DESAPROVA A FIGURA DO PRESIDENTE MICHEL TEMER"},"content":{"rendered":"<p style=\"text-align: justify;\">Segundo dados da pesquisa Estad\u00e3o-Ipsos o presidente Michel Temer n\u00e3o agrada a 93% da popula\u00e7\u00e3o. A pesquisa n\u00e3o trabalha com governo ou plano de governo. Ela mostra apenas a popularidade ou n\u00e3o de figuras pol\u00edticas de destaque. O segundo pol\u00edtico que menos agrada \u00e9 Fernando Collor que tem 81%, depois Fernando Henrique Cardoso (78%), Geraldo Alckmin (70%) e empatados Ciro Gomes e Jo\u00e3o D\u00f3ria (ambos com 65%).<\/p>\n<p style=\"text-align: justify;\">O deputado Jair Bolsonaro \u00e9 desaprovado por 64% dos brasileiros. Ele \u00e9 o sexto mais desaprovado no Bar\u00f4metro Pol\u00edtico Estad\u00e3o-Ipsos que avaliou 19 nomes de destaque no cen\u00e1rio nacional. \u00c9 tamb\u00e9m o quinto mais aprovado com 20% de avalia\u00e7\u00e3o positiva. \u201cO mau humor generalizado dos brasileiros em rela\u00e7\u00e3o ao sistema e aos pol\u00edticos continua forte. Ao t\u00e9rmino da Copa do Mundo as elei\u00e7\u00f5es dever\u00e3o ganhar mais for\u00e7a na agenda nacional e poderemos ter um pouco mais de clareza sobre os rumos de cada potencial candidato\u201d, avaliar Danilo Cersosimo, diretor da Ipsos Public Affairs.<\/p><div class=\"newsi-conteudo_19\" id=\"newsi-309640665\"><a href=\"https:\/\/www.instagram.com\/prefeituraalagoinhas?igsh=YzgzdDJ1bWR3aWI4\" aria-label=\"SAVE_20251006_221555\"><img loading=\"lazy\" decoding=\"async\" src=\"https:\/\/newsinfoco.com.br\/inicio\/wp-content\/uploads\/2025\/10\/SAVE_20251006_221555-rotated.jpg\" alt=\"\"  srcset=\"https:\/\/newsinfoco.com.br\/inicio\/wp-content\/uploads\/2025\/10\/SAVE_20251006_221555-rotated.jpg 1140w, https:\/\/newsinfoco.com.br\/inicio\/wp-content\/uploads\/2025\/10\/SAVE_20251006_221555-300x52.jpg 300w, https:\/\/newsinfoco.com.br\/inicio\/wp-content\/uploads\/2025\/10\/SAVE_20251006_221555-1024x177.jpg 1024w, https:\/\/newsinfoco.com.br\/inicio\/wp-content\/uploads\/2025\/10\/SAVE_20251006_221555-768x133.jpg 768w, https:\/\/newsinfoco.com.br\/inicio\/wp-content\/uploads\/2025\/10\/SAVE_20251006_221555-600x104.jpg 600w, https:\/\/newsinfoco.com.br\/inicio\/wp-content\/uploads\/2025\/10\/SAVE_20251006_221555-696x120.jpg 696w, https:\/\/newsinfoco.com.br\/inicio\/wp-content\/uploads\/2025\/10\/SAVE_20251006_221555-1068x185.jpg 1068w\" sizes=\"(max-width: 1140px) 100vw, 1140px\" width=\"1140\" height=\"197\"   \/><\/a><\/div>\n<p style=\"text-align: justify;\">Nenhum dos nomes \u00e9 aprovado pela maioria dos entrevistados. Preso e sem saber se poder\u00e1 se candidatar, o ex-presidente Luiz In\u00e1cio Lula da Silva manteve a maior aprova\u00e7\u00e3o com 45%. No entanto, sua desaprova\u00e7\u00e3o oscilou de 52% para 54% \u2013 dentro da margem de erro de 3 pontos percentuais.<\/p>\n<p style=\"text-align: justify;\">O segundo mais aprovado \u00e9 S\u00e9rgio Moro, mas a avalia\u00e7\u00e3o positiva do juiz oscilou de 40% para 37% \u2013 no limite da margem de erro \u2013 e a negativa subiu de 50% para 55%. O terceiro mais aprovado \u00e9 o ex-ministro do STF Joaquim Barbosa, com 30% de aprova\u00e7\u00e3o e 47% de desaprova\u00e7\u00e3o. Ele desistiu do pleito presidencial. J\u00e1 a candidata Marina Silva \u00e9 a quarta mais aprovada com 29% e tem uma taxa de avalia\u00e7\u00e3o negativa de 63%. O Bar\u00f4metro Pol\u00edtico integra o estudo Pulso Brasil realizado mensalmente pela Ipsos. A pesquisa entrevistou presencialmente 1.200 pessoas em 72 cidades do Brasil entre 1\u00ba e 13 de junho. A margem de erro \u00e9 de tr\u00eas pontos percentuais.<\/p>\n<p>&nbsp;<\/p>\n<h6 style=\"text-align: right;\">Fonte:Bahiaeconomica<\/h6>\n<div class='share-to-whatsapp-wrapper'><div class='share-on-whsp'>Share on: <\/div><a data-text='PESQUISA MOSTRA QUE 93% DA POPULA\u00c7\u00c3O DESAPROVA A FIGURA DO PRESIDENTE MICHEL TEMER' data-link='https:\/\/newsinfoco.com.br\/inicio\/pesquisa-mostra-que-93-da-populacao-desaprova-a-figura-do-presidente-michel-temer\/' class='whatsapp-button whatsapp-share'>WhatsApp<\/a><div class='clear '><\/div><\/div>","protected":false},"excerpt":{"rendered":"<p>Segundo dados da pesquisa Estad\u00e3o-Ipsos o presidente Michel Temer n\u00e3o agrada a 93% da popula\u00e7\u00e3o. A pesquisa n\u00e3o trabalha com governo ou plano de governo. Ela mostra apenas a popularidade ou n\u00e3o de figuras pol\u00edticas de destaque. O segundo pol\u00edtico que menos agrada \u00e9 Fernando Collor que tem 81%, depois Fernando Henrique Cardoso (78%), Geraldo [&hellip;]<\/p>\n","protected":false},"author":1,"featured_media":5723,"comment_status":"open","ping_status":"open","sticky":false,"template":"","format":"standard","meta":{"om_disable_all_campaigns":false,"_exactmetrics_skip_tracking":false,"_exactmetrics_sitenote_active":false,"_exactmetrics_sitenote_note":"","_exactmetrics_sitenote_category":0,"footnotes":""},"categories":[21],"tags":[],"class_list":["post-5722","post","type-post","status-publish","format-standard","has-post-thumbnail","hentry","category-brasil"],"aioseo_notices":[],"_links":{"self":[{"href":"https:\/\/newsinfoco.com.br\/inicio\/wp-json\/wp\/v2\/posts\/5722","targetHints":{"allow":["GET"]}}],"collection":[{"href":"https:\/\/newsinfoco.com.br\/inicio\/wp-json\/wp\/v2\/posts"}],"about":[{"href":"https:\/\/newsinfoco.com.br\/inicio\/wp-json\/wp\/v2\/types\/post"}],"author":[{"embeddable":true,"href":"https:\/\/newsinfoco.com.br\/inicio\/wp-json\/wp\/v2\/users\/1"}],"replies":[{"embeddable":true,"href":"https:\/\/newsinfoco.com.br\/inicio\/wp-json\/wp\/v2\/comments?post=5722"}],"version-history":[{"count":0,"href":"https:\/\/newsinfoco.com.br\/inicio\/wp-json\/wp\/v2\/posts\/5722\/revisions"}],"wp:featuredmedia":[{"embeddable":true,"href":"https:\/\/newsinfoco.com.br\/inicio\/wp-json\/wp\/v2\/media\/5723"}],"wp:attachment":[{"href":"https:\/\/newsinfoco.com.br\/inicio\/wp-json\/wp\/v2\/media?parent=5722"}],"wp:term":[{"taxonomy":"category","embeddable":true,"href":"https:\/\/newsinfoco.com.br\/inicio\/wp-json\/wp\/v2\/categories?post=5722"},{"taxonomy":"post_tag","embeddable":true,"href":"https:\/\/newsinfoco.com.br\/inicio\/wp-json\/wp\/v2\/tags?post=5722"}],"curies":[{"name":"wp","href":"https:\/\/api.w.org\/{rel}","templated":true}]}}