{"id":5728,"date":"2018-06-25T14:04:14","date_gmt":"2018-06-25T17:04:14","guid":{"rendered":"http:\/\/newsinfoco.com.br\/?p=5728"},"modified":"2018-06-25T14:04:14","modified_gmt":"2018-06-25T17:04:14","slug":"sesab-contabiliza-75-atendimentos-relacionados-ao-sao-joao","status":"publish","type":"post","link":"https:\/\/newsinfoco.com.br\/inicio\/sesab-contabiliza-75-atendimentos-relacionados-ao-sao-joao\/","title":{"rendered":"Sesab contabiliza 75 atendimentos relacionados ao S\u00e3o Jo\u00e3o"},"content":{"rendered":"<div style=\"text-align: justify;\"><span style=\"color: #000000;\">Em todo o estado, entre os dias 22 e 25 de junho, foram registrados 75 atendimentos de v\u00edtimas de queimaduras por fogos e explos\u00e3o de bombas, em unidades da rede da Secretaria da Sa\u00fade do Estado (Sesab). O Hospital Geral do Estado (HGE) teve o maior n\u00famero de ocorr\u00eancias relacionadas aos festejos juninos, com um total de 43 atendimentos, sendo 11 v\u00edtimas de queimaduras por fogos e 32 por explos\u00e3o de bomba.<\/span><\/div>\n<div style=\"text-align: justify;\"><\/div>\n<div style=\"text-align: justify;\"><span style=\"color: #000000;\">No Hospital Regional de Santo Ant\u00f4nio de Jesus, tamb\u00e9m refer\u00eancia para o atendimento a queimados, deram entrada 14 pessoas v\u00edtimas de queimaduras. Ainda no interior, foram registrados atendimentos nos seguintes hospitais: Hospital Estadual da Crian\u00e7a (HEC), em Feira de Santana (4); Hospital Geral de Itaparica (1); Dantas Bi\u00e3o, em Alagoinhas (1); Hospital Regional de Juazeiro (7); Hospital Regional da Chapada, em Seabra (3), e Hospital Regional Costa do Cacau, em Ilh\u00e9us (2).<\/span><\/div>\n<div><\/div>\n<h6 style=\"text-align: right;\">Fonte:Ascom-sesab<\/h6>\n<div class='share-to-whatsapp-wrapper'><div class='share-on-whsp'>Share on: <\/div><a data-text='Sesab contabiliza 75 atendimentos relacionados ao S\u00e3o Jo\u00e3o' data-link='https:\/\/newsinfoco.com.br\/inicio\/sesab-contabiliza-75-atendimentos-relacionados-ao-sao-joao\/' class='whatsapp-button whatsapp-share'>WhatsApp<\/a><div class='clear '><\/div><\/div>","protected":false},"excerpt":{"rendered":"<p>Em todo o estado, entre os dias 22 e 25 de junho, foram registrados 75 atendimentos de v\u00edtimas de queimaduras por fogos e explos\u00e3o de bombas, em unidades da rede da Secretaria da Sa\u00fade do Estado (Sesab). O Hospital Geral do Estado (HGE) teve o maior n\u00famero de ocorr\u00eancias relacionadas aos festejos juninos, com um [&hellip;]<\/p>\n","protected":false},"author":1,"featured_media":5729,"comment_status":"open","ping_status":"open","sticky":false,"template":"","format":"standard","meta":{"om_disable_all_campaigns":false,"_exactmetrics_skip_tracking":false,"_exactmetrics_sitenote_active":false,"_exactmetrics_sitenote_note":"","_exactmetrics_sitenote_category":0,"footnotes":""},"categories":[1],"tags":[],"class_list":["post-5728","post","type-post","status-publish","format-standard","has-post-thumbnail","hentry","category-sem-categoria"],"aioseo_notices":[],"_links":{"self":[{"href":"https:\/\/newsinfoco.com.br\/inicio\/wp-json\/wp\/v2\/posts\/5728","targetHints":{"allow":["GET"]}}],"collection":[{"href":"https:\/\/newsinfoco.com.br\/inicio\/wp-json\/wp\/v2\/posts"}],"about":[{"href":"https:\/\/newsinfoco.com.br\/inicio\/wp-json\/wp\/v2\/types\/post"}],"author":[{"embeddable":true,"href":"https:\/\/newsinfoco.com.br\/inicio\/wp-json\/wp\/v2\/users\/1"}],"replies":[{"embeddable":true,"href":"https:\/\/newsinfoco.com.br\/inicio\/wp-json\/wp\/v2\/comments?post=5728"}],"version-history":[{"count":0,"href":"https:\/\/newsinfoco.com.br\/inicio\/wp-json\/wp\/v2\/posts\/5728\/revisions"}],"wp:featuredmedia":[{"embeddable":true,"href":"https:\/\/newsinfoco.com.br\/inicio\/wp-json\/wp\/v2\/media\/5729"}],"wp:attachment":[{"href":"https:\/\/newsinfoco.com.br\/inicio\/wp-json\/wp\/v2\/media?parent=5728"}],"wp:term":[{"taxonomy":"category","embeddable":true,"href":"https:\/\/newsinfoco.com.br\/inicio\/wp-json\/wp\/v2\/categories?post=5728"},{"taxonomy":"post_tag","embeddable":true,"href":"https:\/\/newsinfoco.com.br\/inicio\/wp-json\/wp\/v2\/tags?post=5728"}],"curies":[{"name":"wp","href":"https:\/\/api.w.org\/{rel}","templated":true}]}}