{"id":5734,"date":"2018-06-25T14:15:35","date_gmt":"2018-06-25T17:15:35","guid":{"rendered":"http:\/\/newsinfoco.com.br\/?p=5734"},"modified":"2018-06-25T14:15:35","modified_gmt":"2018-06-25T17:15:35","slug":"mec-quer-adiar-ampliacao-do-tempo-de-formacao-de-professor","status":"publish","type":"post","link":"https:\/\/newsinfoco.com.br\/inicio\/mec-quer-adiar-ampliacao-do-tempo-de-formacao-de-professor\/","title":{"rendered":"MEC quer adiar amplia\u00e7\u00e3o do tempo de forma\u00e7\u00e3o de professor"},"content":{"rendered":"<p style=\"text-align: justify;\"><span style=\"color: #000000;\">O MEC (Minist\u00e9rio da Educa\u00e7\u00e3o) pediu o adiamento da implementa\u00e7\u00e3o da resolu\u00e7\u00e3o do CNE (Conselho Nacional de Educa\u00e7\u00e3o) que amplia o tempo de forma\u00e7\u00e3o dos professores.<\/span><\/p>\n<p style=\"text-align: justify;\"><span style=\"color: #000000;\">A resolu\u00e7\u00e3o, homologada em junho de 2015 pela pr\u00f3pria pasta, estabelece que a forma\u00e7\u00e3o dos professores ser\u00e1 mais longa e mais voltada \u00e0 pr\u00e1tica em sala de aula. A carga hor\u00e1ria dos cursos de licenciatura dever\u00e3o passar de 2,8 mil, o equivalente a tr\u00eas anos de forma\u00e7\u00e3o, para 3,2 mil ou quatro anos de forma\u00e7\u00e3o;<\/span><\/p><div class=\"newsi-conteudo_19\" id=\"newsi-4177137486\"><a href=\"https:\/\/www.instagram.com\/prefeituraalagoinhas?igsh=YzgzdDJ1bWR3aWI4\" aria-label=\"SAVE_20251006_221555\"><img loading=\"lazy\" decoding=\"async\" src=\"https:\/\/newsinfoco.com.br\/inicio\/wp-content\/uploads\/2025\/10\/SAVE_20251006_221555-rotated.jpg\" alt=\"\"  srcset=\"https:\/\/newsinfoco.com.br\/inicio\/wp-content\/uploads\/2025\/10\/SAVE_20251006_221555-rotated.jpg 1140w, https:\/\/newsinfoco.com.br\/inicio\/wp-content\/uploads\/2025\/10\/SAVE_20251006_221555-300x52.jpg 300w, https:\/\/newsinfoco.com.br\/inicio\/wp-content\/uploads\/2025\/10\/SAVE_20251006_221555-1024x177.jpg 1024w, https:\/\/newsinfoco.com.br\/inicio\/wp-content\/uploads\/2025\/10\/SAVE_20251006_221555-768x133.jpg 768w, https:\/\/newsinfoco.com.br\/inicio\/wp-content\/uploads\/2025\/10\/SAVE_20251006_221555-600x104.jpg 600w, https:\/\/newsinfoco.com.br\/inicio\/wp-content\/uploads\/2025\/10\/SAVE_20251006_221555-696x120.jpg 696w, https:\/\/newsinfoco.com.br\/inicio\/wp-content\/uploads\/2025\/10\/SAVE_20251006_221555-1068x185.jpg 1068w\" sizes=\"(max-width: 1140px) 100vw, 1140px\" width=\"1140\" height=\"197\"   \/><\/a><\/div>\n<div class=\"teads-inread teads-display teads-display-format\" style=\"text-align: justify;\">\n<div><\/div>\n<\/div>\n<p style=\"text-align: justify;\"><span style=\"color: #000000;\">Na \u00e9poca, foi estabelecido o prazo de dois anos, ou seja, at\u00e9 meados de 2017, para que os cursos em funcionamento se adequassem \u00e0s novas regras. O prazo j\u00e1 havia sido estendido no ano passado e terminaria este m\u00eas.<\/span><\/p>\n<p style=\"text-align: justify;\"><span style=\"color: #000000;\">Segundo o MEC, o pedido foi feito porque a BNCC (Base Nacional Comum Curricular) do ensino m\u00e9dio ainda segue sob an\u00e1lise do CNE. Pela Lei de Diretrizes e Base da Educa\u00e7\u00e3o e pela Lei do Novo Ensino M\u00e9dio, os curr\u00edculos dos cursos de forma\u00e7\u00e3o de docentes s\u00e3o vinculados \u00e0 BNCC.<\/span><\/p>\n<p style=\"text-align: justify;\"><span style=\"color: #000000;\">A BNCC estabelece os conte\u00fados m\u00ednimos que devem ser ensinados nas escolas de todo o pa\u00eds. A BNCC do ensino fundamental e infantil foi aprovada do final do ano passado. A BNCC do ensino m\u00e9dio foi enviada ao CNE em abril desse ano.<\/span><\/p>\n<p style=\"text-align: justify;\"><span style=\"color: #000000;\">O pedido de adiamento, segundo a pasta, foi feito tamb\u00e9m pelos reitores representados pela Andifes (Associa\u00e7\u00e3o Nacional dos Dirigentes das Institui\u00e7\u00f5es Federais de Ensino Superior).<\/span><\/p>\n<p style=\"text-align: justify;\"><span style=\"color: #000000;\">A decis\u00e3o final do novo prazo ou mesmo se haver\u00e1 o adiamento ser\u00e1 do CNE.<\/span><\/p>\n<p style=\"text-align: justify;\"><span style=\"color: #000000;\"><strong>Lei<\/strong><\/span><\/p>\n<p style=\"text-align: justify;\"><span style=\"color: #000000;\">A resolu\u00e7\u00e3o \u00e9 parte do pacote de medidas adotadas pelo governo federal no final do primeiro ano de vig\u00eancia do PNE (Plano Nacional de Educa\u00e7\u00e3o), na lei que estabelece metas e estrat\u00e9gias para melhorar a qualidade da educa\u00e7\u00e3o at\u00e9 2024. Entre as metas est\u00e1 a inclus\u00e3o de todas as crian\u00e7as e adolescentes de 4 a 17 anos de idade na escola e o aumento do investimento no setor at\u00e9 o equivalente a 10% do PIB (Produto Interno Bruto). Atualmente s\u00e3o investidos 5,5% do PIB.<\/span><\/p>\n<p style=\"text-align: justify;\"><span style=\"color: #000000;\">A lei estabelece tamb\u00e9m a valoriza\u00e7\u00e3o dos professores e a forma\u00e7\u00e3o adequada. A resolu\u00e7\u00e3o \u00e9 o primeiro passo para a Pol\u00edtica Nacional de Forma\u00e7\u00e3o dos Profissionais da Educa\u00e7\u00e3o B\u00e1sica.<\/span><\/p>\n<p style=\"text-align: justify;\"><span style=\"color: #000000;\">De acordo com dados do \u00faltimo monitoramento do PNE, lan\u00e7ado pelo Inep (Instituto Nacional de Estudos e Pesquisas Educacionais An\u00edsio Teixeira), muitos professores n\u00e3o s\u00e3o formados na \u00e1rea que lecionam.<\/span><\/p>\n<p style=\"text-align: justify;\"><span style=\"color: #000000;\">Em 2016, na educa\u00e7\u00e3o infantil, 53,4% n\u00e3o tinham forma\u00e7\u00e3o superior adequada \u00e0 \u00e1rea que atuam. No ensino fundamental, o percentual chegava a 49,1% nos anos finais, do 6\u00ba ao 9\u00ba ano e 41% nos anos iniciais, do 1\u00ba ao 5\u00ba ano. No ensino m\u00e9dio, 39,6% n\u00e3o tinham forma\u00e7\u00e3o adequada. Pelo PNE, at\u00e9 2024, todos os professores t\u00eam que ter a forma\u00e7\u00e3o adequada a \u00e1rea que lecionam.<\/span><\/p>\n<h6 style=\"text-align: right;\"><\/h6>\n<h6 style=\"text-align: right;\">Fonte:R7<\/h6>\n<div class='share-to-whatsapp-wrapper'><div class='share-on-whsp'>Share on: <\/div><a data-text='MEC quer adiar amplia\u00e7\u00e3o do tempo de forma\u00e7\u00e3o de professor' data-link='https:\/\/newsinfoco.com.br\/inicio\/mec-quer-adiar-ampliacao-do-tempo-de-formacao-de-professor\/' class='whatsapp-button whatsapp-share'>WhatsApp<\/a><div class='clear '><\/div><\/div>","protected":false},"excerpt":{"rendered":"<p>O MEC (Minist\u00e9rio da Educa\u00e7\u00e3o) pediu o adiamento da implementa\u00e7\u00e3o da resolu\u00e7\u00e3o do CNE (Conselho Nacional de Educa\u00e7\u00e3o) que amplia o tempo de forma\u00e7\u00e3o dos professores. A resolu\u00e7\u00e3o, homologada em junho de 2015 pela pr\u00f3pria pasta, estabelece que a forma\u00e7\u00e3o dos professores ser\u00e1 mais longa e mais voltada \u00e0 pr\u00e1tica em sala de aula. A [&hellip;]<\/p>\n","protected":false},"author":1,"featured_media":5735,"comment_status":"open","ping_status":"open","sticky":false,"template":"","format":"standard","meta":{"om_disable_all_campaigns":false,"_exactmetrics_skip_tracking":false,"_exactmetrics_sitenote_active":false,"_exactmetrics_sitenote_note":"","_exactmetrics_sitenote_category":0,"footnotes":""},"categories":[32],"tags":[],"class_list":["post-5734","post","type-post","status-publish","format-standard","has-post-thumbnail","hentry","category-educacao"],"aioseo_notices":[],"_links":{"self":[{"href":"https:\/\/newsinfoco.com.br\/inicio\/wp-json\/wp\/v2\/posts\/5734","targetHints":{"allow":["GET"]}}],"collection":[{"href":"https:\/\/newsinfoco.com.br\/inicio\/wp-json\/wp\/v2\/posts"}],"about":[{"href":"https:\/\/newsinfoco.com.br\/inicio\/wp-json\/wp\/v2\/types\/post"}],"author":[{"embeddable":true,"href":"https:\/\/newsinfoco.com.br\/inicio\/wp-json\/wp\/v2\/users\/1"}],"replies":[{"embeddable":true,"href":"https:\/\/newsinfoco.com.br\/inicio\/wp-json\/wp\/v2\/comments?post=5734"}],"version-history":[{"count":0,"href":"https:\/\/newsinfoco.com.br\/inicio\/wp-json\/wp\/v2\/posts\/5734\/revisions"}],"wp:featuredmedia":[{"embeddable":true,"href":"https:\/\/newsinfoco.com.br\/inicio\/wp-json\/wp\/v2\/media\/5735"}],"wp:attachment":[{"href":"https:\/\/newsinfoco.com.br\/inicio\/wp-json\/wp\/v2\/media?parent=5734"}],"wp:term":[{"taxonomy":"category","embeddable":true,"href":"https:\/\/newsinfoco.com.br\/inicio\/wp-json\/wp\/v2\/categories?post=5734"},{"taxonomy":"post_tag","embeddable":true,"href":"https:\/\/newsinfoco.com.br\/inicio\/wp-json\/wp\/v2\/tags?post=5734"}],"curies":[{"name":"wp","href":"https:\/\/api.w.org\/{rel}","templated":true}]}}