{"id":5748,"date":"2018-06-25T19:05:04","date_gmt":"2018-06-25T22:05:04","guid":{"rendered":"http:\/\/newsinfoco.com.br\/?p=5748"},"modified":"2018-06-25T19:07:26","modified_gmt":"2018-06-25T22:07:26","slug":"foi-o-melhor-sao-joao-que-eu-ja-passei-na-minha-vida-afirma-moradora-maria-de-lurdes-dos-santos-apos-a-festa-em-alagoinhas","status":"publish","type":"post","link":"https:\/\/newsinfoco.com.br\/inicio\/foi-o-melhor-sao-joao-que-eu-ja-passei-na-minha-vida-afirma-moradora-maria-de-lurdes-dos-santos-apos-a-festa-em-alagoinhas\/","title":{"rendered":"\u201cFoi o melhor S\u00e3o Jo\u00e3o que eu j\u00e1 passei na minha vida\u201d, afirma moradora Maria de Lurdes dos Santos ap\u00f3s a festa em Alagoinhas"},"content":{"rendered":"<p>&nbsp;<\/p>\n<p><a href=\"http:\/\/newsinfoco.com.br\/wp-content\/uploads\/2018\/06\/42098272915_c162efb2fc_b.jpg\"><img loading=\"lazy\" decoding=\"async\" class=\"wp-image-5754 aligncenter\" src=\"http:\/\/newsinfoco.com.br\/wp-content\/uploads\/2018\/06\/42098272915_c162efb2fc_b-300x211.jpg\" alt=\"\" width=\"607\" height=\"428\" srcset=\"https:\/\/newsinfoco.com.br\/inicio\/wp-content\/uploads\/2018\/06\/42098272915_c162efb2fc_b-300x211.jpg 300w, https:\/\/newsinfoco.com.br\/inicio\/wp-content\/uploads\/2018\/06\/42098272915_c162efb2fc_b-768x541.jpg 768w, https:\/\/newsinfoco.com.br\/inicio\/wp-content\/uploads\/2018\/06\/42098272915_c162efb2fc_b.jpg 1024w, https:\/\/newsinfoco.com.br\/inicio\/wp-content\/uploads\/2018\/06\/42098272915_c162efb2fc_b-600x422.jpg 600w, https:\/\/newsinfoco.com.br\/inicio\/wp-content\/uploads\/2018\/06\/42098272915_c162efb2fc_b-100x70.jpg 100w, https:\/\/newsinfoco.com.br\/inicio\/wp-content\/uploads\/2018\/06\/42098272915_c162efb2fc_b-696x490.jpg 696w, https:\/\/newsinfoco.com.br\/inicio\/wp-content\/uploads\/2018\/06\/42098272915_c162efb2fc_b-597x420.jpg 597w\" sizes=\"auto, (max-width: 607px) 100vw, 607px\" \/><\/a><\/p>\n<p style=\"text-align: justify;\"><span style=\"color: #000000;\">A declara\u00e7\u00e3o \u00e9 de uma moradora que participou da festa neste domingo (24), mas o sentimento de anima\u00e7\u00e3o parece generalizado. Ap\u00f3s o \u00faltimo show de Bell Marques e o encerramento do festejo junino, na noite deste domingo (24), Maria de Lurdes dos Santos era s\u00f3 felicidade. \u201c\u00c9 disso que o baiano gosta. \u00c9 festa, \u00e9 S\u00e3o Jo\u00e3o animado. Foi o melhor S\u00e3o Jo\u00e3o que eu j\u00e1 passei na minha vida. Eu queria agradecer a Deus, por esse maravilhoso cantor e a cada um de voc\u00eas. O que eu mais gostei foram as m\u00fasicas, a colabora\u00e7\u00e3o, a delicadeza dele com a gente, porque ele mostrou que \u00e9 humilde, n\u00e3o foi o tipo de cantor que s\u00f3 cantou e pronto, foi embora. Ele agradeceu, mostrou que tem aten\u00e7\u00e3o com a nossa cidade. Primeira vez que eu vejo tanto amor, tanta anima\u00e7\u00e3o, tanto carinho por esse cantor maravilhoso\u201d, afirmou.<\/span><\/p>\n<p><a href=\"http:\/\/newsinfoco.com.br\/wp-content\/uploads\/2018\/06\/29127576038_4f976a6ce4_b.jpg\"><img loading=\"lazy\" decoding=\"async\" class=\"wp-image-5749 aligncenter\" src=\"http:\/\/newsinfoco.com.br\/wp-content\/uploads\/2018\/06\/29127576038_4f976a6ce4_b-300x211.jpg\" alt=\"\" width=\"499\" height=\"351\" srcset=\"https:\/\/newsinfoco.com.br\/inicio\/wp-content\/uploads\/2018\/06\/29127576038_4f976a6ce4_b-300x211.jpg 300w, https:\/\/newsinfoco.com.br\/inicio\/wp-content\/uploads\/2018\/06\/29127576038_4f976a6ce4_b-768x541.jpg 768w, https:\/\/newsinfoco.com.br\/inicio\/wp-content\/uploads\/2018\/06\/29127576038_4f976a6ce4_b.jpg 1024w, https:\/\/newsinfoco.com.br\/inicio\/wp-content\/uploads\/2018\/06\/29127576038_4f976a6ce4_b-600x422.jpg 600w, https:\/\/newsinfoco.com.br\/inicio\/wp-content\/uploads\/2018\/06\/29127576038_4f976a6ce4_b-100x70.jpg 100w, https:\/\/newsinfoco.com.br\/inicio\/wp-content\/uploads\/2018\/06\/29127576038_4f976a6ce4_b-696x490.jpg 696w, https:\/\/newsinfoco.com.br\/inicio\/wp-content\/uploads\/2018\/06\/29127576038_4f976a6ce4_b-597x420.jpg 597w\" sizes=\"auto, (max-width: 499px) 100vw, 499px\" \/><\/a><\/p>\n<p style=\"text-align: justify;\"><span style=\"color: #000000;\">Bell Marques subiu ao palco ap\u00f3s a apresenta\u00e7\u00e3o de um dos grupos mais tradicionais do forr\u00f3, o Trio Nordestino, formado originalmente em 1958. Os m\u00fasicos, que trazem a influ\u00eancia do xote, do xaxado e do bai\u00e3o, cantaram os cl\u00e1ssicos do arrasta p\u00e9, colocaram o p\u00fablico para dan\u00e7ar e chamaram para o encerramento o cantor baiano que preparou um repert\u00f3rio especial dedicado aos festejos juninos.<\/span><\/p><div class=\"newsi-conteudo_19\" id=\"newsi-1488876464\"><a href=\"https:\/\/www.instagram.com\/prefeituraalagoinhas?igsh=YzgzdDJ1bWR3aWI4\" aria-label=\"SAVE_20251006_221555\"><img loading=\"lazy\" decoding=\"async\" src=\"https:\/\/newsinfoco.com.br\/inicio\/wp-content\/uploads\/2025\/10\/SAVE_20251006_221555-rotated.jpg\" alt=\"\"  srcset=\"https:\/\/newsinfoco.com.br\/inicio\/wp-content\/uploads\/2025\/10\/SAVE_20251006_221555-rotated.jpg 1140w, https:\/\/newsinfoco.com.br\/inicio\/wp-content\/uploads\/2025\/10\/SAVE_20251006_221555-300x52.jpg 300w, https:\/\/newsinfoco.com.br\/inicio\/wp-content\/uploads\/2025\/10\/SAVE_20251006_221555-1024x177.jpg 1024w, https:\/\/newsinfoco.com.br\/inicio\/wp-content\/uploads\/2025\/10\/SAVE_20251006_221555-768x133.jpg 768w, https:\/\/newsinfoco.com.br\/inicio\/wp-content\/uploads\/2025\/10\/SAVE_20251006_221555-600x104.jpg 600w, https:\/\/newsinfoco.com.br\/inicio\/wp-content\/uploads\/2025\/10\/SAVE_20251006_221555-696x120.jpg 696w, https:\/\/newsinfoco.com.br\/inicio\/wp-content\/uploads\/2025\/10\/SAVE_20251006_221555-1068x185.jpg 1068w\" sizes=\"(max-width: 1140px) 100vw, 1140px\" width=\"1140\" height=\"197\"   \/><\/a><\/div>\n<p style=\"text-align: justify;\"><span style=\"color: #000000;\">No palco, o ex-Ciclete falou sobre o time da cidade, Atl\u00e9tico de Alagoinhas, e levantou a camisa do tricolor para puxar o arrasta p\u00e9.<\/span><\/p>\n<p style=\"text-align: justify;\"><span style=\"color: #000000;\">Quem gostou foi Vera Ferreira Nascimento, que acompanhou de perto cada m\u00fasica. \u201cFoi maravilhoso, foi dez, foi perfeito. Bell traz energia, traz vit\u00f3ria. Do S\u00e3o Jo\u00e3o de Alagoinhas eu n\u00e3o tenho o que falar. Sigo Bell em todos os lugares, mas aqui foi perfeito!\u201d, enfatizou.<\/span><\/p>\n<p style=\"text-align: justify;\"><span style=\"color: #000000;\">Para Sirlene Correia dos Santos, que tamb\u00e9m aproveitou a noite de \u2018fester\u00ea\u2019, foi um grande evento. \u201cAmei a festa. Luan Santana foi \u00f3timo. Tamb\u00e9m sou f\u00e3 de Bell. Agrade\u00e7o a Joaquim Neto e a Prefeitura de Alagoinhas por esse S\u00e3o Jo\u00e3o\u201d, comentou.<\/span><\/p>\n<p style=\"text-align: justify;\"><span style=\"color: #000000;\">O S\u00e3o Jo\u00e3o da cidade, que come\u00e7ou oficialmente na sexta-feira (22), seguiu at\u00e9 a madrugada de domingo (24), com mais de 13 atra\u00e7\u00f5es durante o circuito. A realiza\u00e7\u00e3o \u00e9 da Prefeitura Municipal, com patroc\u00ednio da BahiaTursa, da Caixa Cultura, as Luz&amp;Tec, da VLI e da Digital FM, a r\u00e1dio oficial do S\u00e3o Jo\u00e3o de Alagoinhas.<\/span><\/p>\n<p>\u00a0<a href=\"http:\/\/newsinfoco.com.br\/wp-content\/uploads\/2018\/06\/41189448120_05d887d37c_b.jpg\"><img loading=\"lazy\" decoding=\"async\" class=\"alignnone size-medium wp-image-5750\" src=\"http:\/\/newsinfoco.com.br\/wp-content\/uploads\/2018\/06\/41189448120_05d887d37c_b-300x211.jpg\" alt=\"\" width=\"300\" height=\"211\" srcset=\"https:\/\/newsinfoco.com.br\/inicio\/wp-content\/uploads\/2018\/06\/41189448120_05d887d37c_b-300x211.jpg 300w, https:\/\/newsinfoco.com.br\/inicio\/wp-content\/uploads\/2018\/06\/41189448120_05d887d37c_b-768x541.jpg 768w, https:\/\/newsinfoco.com.br\/inicio\/wp-content\/uploads\/2018\/06\/41189448120_05d887d37c_b.jpg 1024w, https:\/\/newsinfoco.com.br\/inicio\/wp-content\/uploads\/2018\/06\/41189448120_05d887d37c_b-600x422.jpg 600w, https:\/\/newsinfoco.com.br\/inicio\/wp-content\/uploads\/2018\/06\/41189448120_05d887d37c_b-100x70.jpg 100w, https:\/\/newsinfoco.com.br\/inicio\/wp-content\/uploads\/2018\/06\/41189448120_05d887d37c_b-696x490.jpg 696w, https:\/\/newsinfoco.com.br\/inicio\/wp-content\/uploads\/2018\/06\/41189448120_05d887d37c_b-597x420.jpg 597w\" sizes=\"auto, (max-width: 300px) 100vw, 300px\" \/><\/a> <a href=\"http:\/\/newsinfoco.com.br\/wp-content\/uploads\/2018\/06\/41189448190_3c19be19e4_b.jpg\"><img loading=\"lazy\" decoding=\"async\" class=\"alignnone size-medium wp-image-5751\" src=\"http:\/\/newsinfoco.com.br\/wp-content\/uploads\/2018\/06\/41189448190_3c19be19e4_b-300x211.jpg\" alt=\"\" width=\"300\" height=\"211\" srcset=\"https:\/\/newsinfoco.com.br\/inicio\/wp-content\/uploads\/2018\/06\/41189448190_3c19be19e4_b-300x211.jpg 300w, https:\/\/newsinfoco.com.br\/inicio\/wp-content\/uploads\/2018\/06\/41189448190_3c19be19e4_b-768x541.jpg 768w, https:\/\/newsinfoco.com.br\/inicio\/wp-content\/uploads\/2018\/06\/41189448190_3c19be19e4_b.jpg 1024w, https:\/\/newsinfoco.com.br\/inicio\/wp-content\/uploads\/2018\/06\/41189448190_3c19be19e4_b-600x422.jpg 600w, https:\/\/newsinfoco.com.br\/inicio\/wp-content\/uploads\/2018\/06\/41189448190_3c19be19e4_b-100x70.jpg 100w, https:\/\/newsinfoco.com.br\/inicio\/wp-content\/uploads\/2018\/06\/41189448190_3c19be19e4_b-696x490.jpg 696w, https:\/\/newsinfoco.com.br\/inicio\/wp-content\/uploads\/2018\/06\/41189448190_3c19be19e4_b-597x420.jpg 597w\" sizes=\"auto, (max-width: 300px) 100vw, 300px\" \/><\/a> <a href=\"http:\/\/newsinfoco.com.br\/wp-content\/uploads\/2018\/06\/41189448300_921c14a553_b.jpg\"><img loading=\"lazy\" decoding=\"async\" class=\"alignnone size-medium wp-image-5752\" src=\"http:\/\/newsinfoco.com.br\/wp-content\/uploads\/2018\/06\/41189448300_921c14a553_b-300x211.jpg\" alt=\"\" width=\"300\" height=\"211\" srcset=\"https:\/\/newsinfoco.com.br\/inicio\/wp-content\/uploads\/2018\/06\/41189448300_921c14a553_b-300x211.jpg 300w, https:\/\/newsinfoco.com.br\/inicio\/wp-content\/uploads\/2018\/06\/41189448300_921c14a553_b-768x541.jpg 768w, https:\/\/newsinfoco.com.br\/inicio\/wp-content\/uploads\/2018\/06\/41189448300_921c14a553_b.jpg 1024w, https:\/\/newsinfoco.com.br\/inicio\/wp-content\/uploads\/2018\/06\/41189448300_921c14a553_b-600x422.jpg 600w, https:\/\/newsinfoco.com.br\/inicio\/wp-content\/uploads\/2018\/06\/41189448300_921c14a553_b-100x70.jpg 100w, https:\/\/newsinfoco.com.br\/inicio\/wp-content\/uploads\/2018\/06\/41189448300_921c14a553_b-696x490.jpg 696w, https:\/\/newsinfoco.com.br\/inicio\/wp-content\/uploads\/2018\/06\/41189448300_921c14a553_b-597x420.jpg 597w\" sizes=\"auto, (max-width: 300px) 100vw, 300px\" \/><\/a> <a href=\"http:\/\/newsinfoco.com.br\/wp-content\/uploads\/2018\/06\/41189448410_f6c9eb0e5a_b.jpg\"><img loading=\"lazy\" decoding=\"async\" class=\"alignnone size-medium wp-image-5753\" src=\"http:\/\/newsinfoco.com.br\/wp-content\/uploads\/2018\/06\/41189448410_f6c9eb0e5a_b-300x211.jpg\" alt=\"\" width=\"300\" height=\"211\" srcset=\"https:\/\/newsinfoco.com.br\/inicio\/wp-content\/uploads\/2018\/06\/41189448410_f6c9eb0e5a_b-300x211.jpg 300w, https:\/\/newsinfoco.com.br\/inicio\/wp-content\/uploads\/2018\/06\/41189448410_f6c9eb0e5a_b-768x541.jpg 768w, https:\/\/newsinfoco.com.br\/inicio\/wp-content\/uploads\/2018\/06\/41189448410_f6c9eb0e5a_b.jpg 1024w, https:\/\/newsinfoco.com.br\/inicio\/wp-content\/uploads\/2018\/06\/41189448410_f6c9eb0e5a_b-600x422.jpg 600w, https:\/\/newsinfoco.com.br\/inicio\/wp-content\/uploads\/2018\/06\/41189448410_f6c9eb0e5a_b-100x70.jpg 100w, https:\/\/newsinfoco.com.br\/inicio\/wp-content\/uploads\/2018\/06\/41189448410_f6c9eb0e5a_b-696x490.jpg 696w, https:\/\/newsinfoco.com.br\/inicio\/wp-content\/uploads\/2018\/06\/41189448410_f6c9eb0e5a_b-597x420.jpg 597w\" sizes=\"auto, (max-width: 300px) 100vw, 300px\" \/><\/a><\/p>\n<h6 style=\"text-align: right;\"><span style=\"color: #999999;\">Fonte: SECOM Prefeitura<\/span><\/h6>\n<div class='share-to-whatsapp-wrapper'><div class='share-on-whsp'>Share on: <\/div><a data-text='\u201cFoi o melhor S\u00e3o Jo\u00e3o que eu j\u00e1 passei na minha vida\u201d, afirma moradora Maria de Lurdes dos Santos ap\u00f3s a festa em Alagoinhas' data-link='https:\/\/newsinfoco.com.br\/inicio\/foi-o-melhor-sao-joao-que-eu-ja-passei-na-minha-vida-afirma-moradora-maria-de-lurdes-dos-santos-apos-a-festa-em-alagoinhas\/' class='whatsapp-button whatsapp-share'>WhatsApp<\/a><div class='clear '><\/div><\/div>","protected":false},"excerpt":{"rendered":"<p>&nbsp; A declara\u00e7\u00e3o \u00e9 de uma moradora que participou da festa neste domingo (24), mas o sentimento de anima\u00e7\u00e3o parece generalizado. Ap\u00f3s o \u00faltimo show de Bell Marques e o encerramento do festejo junino, na noite deste domingo (24), Maria de Lurdes dos Santos era s\u00f3 felicidade. \u201c\u00c9 disso que o baiano gosta. \u00c9 festa, [&hellip;]<\/p>\n","protected":false},"author":1,"featured_media":5743,"comment_status":"open","ping_status":"open","sticky":false,"template":"","format":"standard","meta":{"om_disable_all_campaigns":false,"_exactmetrics_skip_tracking":false,"_exactmetrics_sitenote_active":false,"_exactmetrics_sitenote_note":"","_exactmetrics_sitenote_category":0,"footnotes":""},"categories":[38,30],"tags":[53,54,56],"class_list":["post-5748","post","type-post","status-publish","format-standard","has-post-thumbnail","hentry","category-alagoinhas-e-regiao","category-destaque","tag-alagoinhas","tag-prefeitura","tag-secom"],"aioseo_notices":[],"_links":{"self":[{"href":"https:\/\/newsinfoco.com.br\/inicio\/wp-json\/wp\/v2\/posts\/5748","targetHints":{"allow":["GET"]}}],"collection":[{"href":"https:\/\/newsinfoco.com.br\/inicio\/wp-json\/wp\/v2\/posts"}],"about":[{"href":"https:\/\/newsinfoco.com.br\/inicio\/wp-json\/wp\/v2\/types\/post"}],"author":[{"embeddable":true,"href":"https:\/\/newsinfoco.com.br\/inicio\/wp-json\/wp\/v2\/users\/1"}],"replies":[{"embeddable":true,"href":"https:\/\/newsinfoco.com.br\/inicio\/wp-json\/wp\/v2\/comments?post=5748"}],"version-history":[{"count":0,"href":"https:\/\/newsinfoco.com.br\/inicio\/wp-json\/wp\/v2\/posts\/5748\/revisions"}],"wp:featuredmedia":[{"embeddable":true,"href":"https:\/\/newsinfoco.com.br\/inicio\/wp-json\/wp\/v2\/media\/5743"}],"wp:attachment":[{"href":"https:\/\/newsinfoco.com.br\/inicio\/wp-json\/wp\/v2\/media?parent=5748"}],"wp:term":[{"taxonomy":"category","embeddable":true,"href":"https:\/\/newsinfoco.com.br\/inicio\/wp-json\/wp\/v2\/categories?post=5748"},{"taxonomy":"post_tag","embeddable":true,"href":"https:\/\/newsinfoco.com.br\/inicio\/wp-json\/wp\/v2\/tags?post=5748"}],"curies":[{"name":"wp","href":"https:\/\/api.w.org\/{rel}","templated":true}]}}