{"id":5764,"date":"2018-06-26T15:20:56","date_gmt":"2018-06-26T18:20:56","guid":{"rendered":"http:\/\/newsinfoco.com.br\/?p=5764"},"modified":"2018-06-26T15:20:56","modified_gmt":"2018-06-26T18:20:56","slug":"cachoeira-se-tornou-sede-do-governo-estadual-nesta-segunda","status":"publish","type":"post","link":"https:\/\/newsinfoco.com.br\/inicio\/cachoeira-se-tornou-sede-do-governo-estadual-nesta-segunda\/","title":{"rendered":"Cachoeira se tornou sede do governo estadual nesta segunda"},"content":{"rendered":"<p style=\"text-align: justify;\"><span style=\"color: #000000;\">Pelo 11\u00ba ano consecutivo, o munic\u00edpio de Cachoeira se tornou sede do Governo do Estado, nesta segunda-feira (25). O objetivo da a\u00e7\u00e3o \u00e9 reconhecer a import\u00e2ncia da cidade do Rec\u00f4ncavo Baiano nas batalhas travadas pela conquista da independ\u00eancia do Brasil, que tiveram in\u00edcio no dia 25 de junho de 1822. O evento hist\u00f3rico resultou na liberta\u00e7\u00e3o baiana do dom\u00ednio portugu\u00eas, no 2 de julho do ano seguinte. A cerim\u00f4nia contou com desfile c\u00edvico, honras militares e o &#8216;Te Deum&#8217;, ato religioso em mem\u00f3ria aos que lutaram pela independ\u00eancia, realizado na Par\u00f3quia Nossa Senhora do Ros\u00e1rio.<\/span><\/p>\n<p style=\"text-align: justify;\"><span style=\"color: #000000;\">A secret\u00e1ria de Cultura, Arany Santana, representando o governo estadual, falou sobre a import\u00e2ncia da data. \u201c\u00c9 uma oportunidade de refor\u00e7ar a nossa democracia e reafirmar que a independ\u00eancia do Brasil come\u00e7ou aqui com essa batalha. Hoje \u00e9 dia da Bahia e do Brasil e de todos n\u00f3s, cidad\u00e3os, buscarmos essa t\u00e3o sonhada liberdade, fraternidade e igualdade\u201d.<\/span><\/p><div class=\"newsi-conteudo_19\" id=\"newsi-2845356102\"><a href=\"https:\/\/www.instagram.com\/prefeituraalagoinhas?igsh=YzgzdDJ1bWR3aWI4\" aria-label=\"SAVE_20251006_221555\"><img loading=\"lazy\" decoding=\"async\" src=\"https:\/\/newsinfoco.com.br\/inicio\/wp-content\/uploads\/2025\/10\/SAVE_20251006_221555-rotated.jpg\" alt=\"\"  srcset=\"https:\/\/newsinfoco.com.br\/inicio\/wp-content\/uploads\/2025\/10\/SAVE_20251006_221555-rotated.jpg 1140w, https:\/\/newsinfoco.com.br\/inicio\/wp-content\/uploads\/2025\/10\/SAVE_20251006_221555-300x52.jpg 300w, https:\/\/newsinfoco.com.br\/inicio\/wp-content\/uploads\/2025\/10\/SAVE_20251006_221555-1024x177.jpg 1024w, https:\/\/newsinfoco.com.br\/inicio\/wp-content\/uploads\/2025\/10\/SAVE_20251006_221555-768x133.jpg 768w, https:\/\/newsinfoco.com.br\/inicio\/wp-content\/uploads\/2025\/10\/SAVE_20251006_221555-600x104.jpg 600w, https:\/\/newsinfoco.com.br\/inicio\/wp-content\/uploads\/2025\/10\/SAVE_20251006_221555-696x120.jpg 696w, https:\/\/newsinfoco.com.br\/inicio\/wp-content\/uploads\/2025\/10\/SAVE_20251006_221555-1068x185.jpg 1068w\" sizes=\"(max-width: 1140px) 100vw, 1140px\" width=\"1140\" height=\"197\"   \/><\/a><\/div>\n<p style=\"text-align: justify;\"><span style=\"color: #000000;\">Como acontece anualmente, uma unidade m\u00f3vel do Servi\u00e7o de Atendimento ao Cidad\u00e3o (SAC) marca presen\u00e7a no munic\u00edpio nesse per\u00edodo. Com isso, a popula\u00e7\u00e3o pode emitir documentos como RG, CPF, certid\u00e3o de antecedentes criminais e recadastramento de pensionistas e aposentados. \u201cPrestamos atendimento a cerca de 500 pessoas em dois dias de servi\u00e7o\u201d, explicou a coordenadora Neide Barreto.<\/span><\/p>\n<p>&nbsp;<\/p>\n<p style=\"text-align: right;\">Fonte:Atarde<\/p>\n<div class='share-to-whatsapp-wrapper'><div class='share-on-whsp'>Share on: <\/div><a data-text='Cachoeira se tornou sede do governo estadual nesta segunda' data-link='https:\/\/newsinfoco.com.br\/inicio\/cachoeira-se-tornou-sede-do-governo-estadual-nesta-segunda\/' class='whatsapp-button whatsapp-share'>WhatsApp<\/a><div class='clear '><\/div><\/div>","protected":false},"excerpt":{"rendered":"<p>Pelo 11\u00ba ano consecutivo, o munic\u00edpio de Cachoeira se tornou sede do Governo do Estado, nesta segunda-feira (25). O objetivo da a\u00e7\u00e3o \u00e9 reconhecer a import\u00e2ncia da cidade do Rec\u00f4ncavo Baiano nas batalhas travadas pela conquista da independ\u00eancia do Brasil, que tiveram in\u00edcio no dia 25 de junho de 1822. O evento hist\u00f3rico resultou na [&hellip;]<\/p>\n","protected":false},"author":1,"featured_media":5765,"comment_status":"open","ping_status":"open","sticky":false,"template":"","format":"standard","meta":{"om_disable_all_campaigns":false,"_exactmetrics_skip_tracking":false,"_exactmetrics_sitenote_active":false,"_exactmetrics_sitenote_note":"","_exactmetrics_sitenote_category":0,"footnotes":""},"categories":[19],"tags":[],"class_list":["post-5764","post","type-post","status-publish","format-standard","has-post-thumbnail","hentry","category-bahia"],"aioseo_notices":[],"_links":{"self":[{"href":"https:\/\/newsinfoco.com.br\/inicio\/wp-json\/wp\/v2\/posts\/5764","targetHints":{"allow":["GET"]}}],"collection":[{"href":"https:\/\/newsinfoco.com.br\/inicio\/wp-json\/wp\/v2\/posts"}],"about":[{"href":"https:\/\/newsinfoco.com.br\/inicio\/wp-json\/wp\/v2\/types\/post"}],"author":[{"embeddable":true,"href":"https:\/\/newsinfoco.com.br\/inicio\/wp-json\/wp\/v2\/users\/1"}],"replies":[{"embeddable":true,"href":"https:\/\/newsinfoco.com.br\/inicio\/wp-json\/wp\/v2\/comments?post=5764"}],"version-history":[{"count":0,"href":"https:\/\/newsinfoco.com.br\/inicio\/wp-json\/wp\/v2\/posts\/5764\/revisions"}],"wp:featuredmedia":[{"embeddable":true,"href":"https:\/\/newsinfoco.com.br\/inicio\/wp-json\/wp\/v2\/media\/5765"}],"wp:attachment":[{"href":"https:\/\/newsinfoco.com.br\/inicio\/wp-json\/wp\/v2\/media?parent=5764"}],"wp:term":[{"taxonomy":"category","embeddable":true,"href":"https:\/\/newsinfoco.com.br\/inicio\/wp-json\/wp\/v2\/categories?post=5764"},{"taxonomy":"post_tag","embeddable":true,"href":"https:\/\/newsinfoco.com.br\/inicio\/wp-json\/wp\/v2\/tags?post=5764"}],"curies":[{"name":"wp","href":"https:\/\/api.w.org\/{rel}","templated":true}]}}